{"id":7290,"date":"2022-03-24T08:41:45","date_gmt":"2022-03-24T11:41:45","guid":{"rendered":"https:\/\/www.ifbaiano.edu.br\/unidades\/valenca\/?p=7290"},"modified":"2022-11-03T14:48:59","modified_gmt":"2022-11-03T17:48:59","slug":"diretores-gerais-do-if-baiano-tomam-posse-em-cerimonia-conjunta","status":"publish","type":"post","link":"https:\/\/www.ifbaiano.edu.br\/unidades\/valenca\/2022\/03\/24\/diretores-gerais-do-if-baiano-tomam-posse-em-cerimonia-conjunta\/","title":{"rendered":"Diretores-gerais do IF Baiano tomam posse em cerim\u00f4nia conjunta"},"content":{"rendered":"\n<p><em>Foram empossados 14 diretores-gerais, sendo sete deles novos empossados, e os outros sete, reconduzidos ao cargo.<\/em><\/p>\n\n\n\n<p>Discursos fortes, emo\u00e7\u00e3o, e (re)encontros marcaram a posse conjunta dos diretores-gerais dos&nbsp;<em>campi&nbsp;<\/em>do IF Baiano, eleitos para o quadri\u00eanio 2022-2026. A cerim\u00f4nia ocorreu ontem, 21 de mar\u00e7o, de forma presencial, no audit\u00f3rio do&nbsp;<em>Campus&nbsp;<\/em>Catu, com transmiss\u00e3o ao vivo&nbsp;<a href=\"https:\/\/www.youtube.com\/watch?v=dxJKNgk8fj4&amp;t=3610s\">pelo canal do IF Baiano na plataforma YouTube<\/a>&nbsp;e interpreta\u00e7\u00e3o simult\u00e2nea em Libras.<\/p>\n\n\n\n<p>Foram empossados, pelo reitor da institui\u00e7\u00e3o, A\u00e9cio Jos\u00e9 Duarte, 14 diretores-gerais, sendo sete deles novos empossados, e os outros sete, reconduzidos ao cargo. Eleitos em dezembro de 2021, os gestores foram escolhidos pelas categorias docente, discente e TAE (t\u00e9cnicos administrativos em educa\u00e7\u00e3o) em vota\u00e7\u00e3o parit\u00e1ria, que reelegeu tamb\u00e9m o atual reitor.&nbsp;<\/p>\n\n\n\n<p>Estiveram presentes na cerim\u00f4nia, compondo a mesa de honra, al\u00e9m do reitor, o procurador federal, Osvaldo Almeida Neto, a pr\u00f3-reitora de Desenvolvimento Institucional, Hildonice Batista, a ex-diretora do&nbsp;<em>Campus&nbsp;<\/em>Catu e anfitri\u00e3 do evento, Sandra Cerqueira, o diretor executivo do IF Baiano, Marcelito Trindade, o membro da Comiss\u00e3o Interna de Supervis\u00e3o (CIS), Igor Peneluc, o membro da Comiss\u00e3o Permanente de Pessoal Docente (CPPD), Cleber Figueiredo, e o estudante membro do Conselho Superior do IF Baiano, Emerson Oliveira.&nbsp;<\/p>\n\n\n\n<figure class=\"wp-block-image size-full\"><a href=\"https:\/\/www.ifbaiano.edu.br\/unidades\/valenca\/files\/2022\/03\/mesa-posse-diretores-ifbaiano-1.jpg\"><img decoding=\"async\" loading=\"lazy\" width=\"3648\" height=\"2107\" src=\"https:\/\/www.ifbaiano.edu.br\/unidades\/valenca\/files\/2022\/03\/mesa-posse-diretores-ifbaiano-1.jpg\" alt=\"\" class=\"wp-image-7291\" \/><\/a><\/figure>\n\n\n\n<p>A apresenta\u00e7\u00e3o foi feita pela Diretora de Comunica\u00e7\u00e3o do Instituto, Cristina Mascarenhas. Acompanharam na plateia servidores, estudantes e familiares e amigos dos empossados. Um ato ecum\u00eanico, com a participa\u00e7\u00e3o de representantes de comunidades das religi\u00f5es evang\u00e9lica, esp\u00edrita e de matriz africana, abriu os trabalhos do evento, promovendo o acolhimento aos presentes.<\/p>\n\n\n\n<p>Os sentimentos de reencontro e uni\u00e3o deram o tom da cerim\u00f4nia, que foi o primeiro evento&nbsp;<em>intercampi&nbsp;<\/em>realizado de forma presencial ap\u00f3s o decreto de pandemia, em mar\u00e7o de 2020. Em sua fala, o reitor, A\u00e9cio Jos\u00e9 Duarte, sublinhou o simbolismo do momento para a comunidade acad\u00eamica.&nbsp;\u201c\u00c9 um dia emblem\u00e1tico. A ideia de fazer uma posse conjunta \u00e9 justamente pra enfatizar a necessidade de estarmos juntos, trazendo essa posse para uma das nossas unidades, e mostrar que todas t\u00eam o seu papel efetivo de fazer o instituto funcionar e transformar a vida dos nossos alunos\u201d, enfatizou o dirigente, que tamb\u00e9m adjetivou o momento como uma renova\u00e7\u00e3o de esperan\u00e7as. \u201cQue a gente tenha um novo ciclo no IF Baiano e que esse novo ciclo de gest\u00e3o se constitua de muita vontade, aten\u00e7\u00e3o, dignidade e trabalho, sempre focando e enxergando a nossa comunidade como feita de pessoas\u201d.&nbsp;<\/p>\n\n\n\n<p>Ap\u00f3s a assinatura dos termos de posse, por meio de discursos e muita emo\u00e7\u00e3o, os rec\u00e9m-empossados fizeram agradecimentos, relembraram as raz\u00f5es que os levaram at\u00e9 ali e os objetivos a serem conquistados em suas gest\u00f5es.<\/p>\n\n\n\n<p>Reconduzida \u00e0 dire\u00e7\u00e3o-geral do&nbsp;<em>Campus&nbsp;<\/em>Itaberaba, a professora Ozenice dos Santos, espera renovar o trabalho baseado na coletividade, que vinha desenvolvendo em sua unidade. \u201cExiste o m\u00e9rito de um coletivo, que \u00e9 onde a gente se sustenta. Temos um trabalho que se renova de forma constante e pra que esse trabalho se concretize \u00e9 preciso que tenha a participa\u00e7\u00e3o de todos\u201d, sublinhou.&nbsp;<\/p>\n\n\n\n<p>H\u00e1 nove anos como servidora do instituto, Ge\u00f3rgia Xavier assume pela primeira vez a dire\u00e7\u00e3o do&nbsp;<em>Campus&nbsp;<\/em>Catu. Ela contou o que espera do per\u00edodo de gest\u00e3o. \u201cEu espero muitos desafios, mas eu tenho a certeza que juntos, com todos os servidores do&nbsp;<em>campus<\/em>, com a reitoria e com os colegas dos outros&nbsp;<em>campi<\/em>, n\u00f3s vamos conseguir fazer um excelente trabalho durante esses quatro anos\u201d.&nbsp;<\/p>\n\n\n\n<figure class=\"wp-block-gallery columns-2 is-cropped wp-block-gallery-1 is-layout-flex\"><ul class=\"blocks-gallery-grid\"><li class=\"blocks-gallery-item\"><figure><a href=\"https:\/\/www.ifbaiano.edu.br\/unidades\/valenca\/files\/2022\/03\/faixa-posse-catu.jpg\"><img decoding=\"async\" loading=\"lazy\" width=\"4288\" height=\"2848\" src=\"https:\/\/www.ifbaiano.edu.br\/unidades\/valenca\/files\/2022\/03\/faixa-posse-catu.jpg\" alt=\"\" data-id=\"7293\" data-full-url=\"https:\/\/www.ifbaiano.edu.br\/unidades\/valenca\/files\/2022\/03\/faixa-posse-catu.jpg\" data-link=\"https:\/\/www.ifbaiano.edu.br\/unidades\/valenca\/?attachment_id=7293\" class=\"wp-image-7293\" \/><\/a><figcaption class=\"blocks-gallery-item__caption\">Nova empossada recebeu faixa simb\u00f3lica da ex-diretora do&nbsp;<em>Campus&nbsp;<\/em>Catu e anfitri\u00e3 do evento.<\/figcaption><\/figure><\/li><li class=\"blocks-gallery-item\"><figure><a href=\"https:\/\/www.ifbaiano.edu.br\/unidades\/valenca\/files\/2022\/03\/DSC_2639-1.jpg\"><img decoding=\"async\" loading=\"lazy\" width=\"4288\" height=\"2848\" src=\"https:\/\/www.ifbaiano.edu.br\/unidades\/valenca\/files\/2022\/03\/DSC_2639-1.jpg\" alt=\"\" data-id=\"7292\" data-full-url=\"https:\/\/www.ifbaiano.edu.br\/unidades\/valenca\/files\/2022\/03\/DSC_2639-1.jpg\" data-link=\"https:\/\/www.ifbaiano.edu.br\/unidades\/valenca\/?attachment_id=7292\" class=\"wp-image-7292\" \/><\/a><figcaption class=\"blocks-gallery-item__caption\">Novos diretores assinaram termos de posse e agradeceram suas comunidades.<\/figcaption><\/figure><\/li><\/ul><\/figure>\n\n\n\n<h4 class=\"wp-block-heading\"><strong>Gestores seguem com a miss\u00e3o de dialogar com suas comunidades&nbsp;<\/strong><\/h4>\n\n\n\n<p>A posse marca uma renova\u00e7\u00e3o de expectativas e da confian\u00e7a da comunidade acad\u00eamica que elegeu os gestores para suas unidades. Para o representante da categoria docente, membro da CPPD, professor Cleber Figueiredo, a expectativa \u00e9 de constru\u00e7\u00e3o do di\u00e1logo. \u201cFica aquela expectativa, que \u00e9 a melhor poss\u00edvel. A gente preza que nossos direitos e nossas carreiras sejam fortalecidas e reconhecidas. E, nesse momento de posse, nessa renova\u00e7\u00e3o que fortalece a democracia institucional, a gente fica com a vontade de trabalhar mais para preservar o que a gente j\u00e1 tem de direito, estando atentos para reivindicar melhorias na nossa carreira\u201d, afirmou.&nbsp;<\/p>\n\n\n\n<p>O estudante do IF Baiano, Emerson Oliveira, representante da categoria discente, acredita que os rec\u00e9m-empossados t\u00eam a importante miss\u00e3o de representar n\u00e3o s\u00f3 aqueles que votaram neles, mas toda a comunidade. \u201cTodos aqueles que foram eleitos t\u00eam como papel principal se colocar no lugar de escuta, respeitando os diferentes n\u00edveis de sabedoria, e t\u00eam a miss\u00e3o de respeitar a vontade das diversas categorias e a pluralidade de pessoas e opini\u00f5es, para assim, conseguirem fazer uma gest\u00e3o verdadeiramente efetiva\u201d, afirmou o estudante.&nbsp;<\/p>\n\n\n\n<p>Representando a categoria TAE, o servidor Igor Peneluc, pontuou que o evento permitiu conhecer as pessoas que v\u00e3o estar \u00e0 frente durante os pr\u00f3ximos quatro anos, em termos de gerenciamento de atividades e de demandas. \u201cQue os diretores gerais tenham consci\u00eancia do quanto \u00e9 importante entender quais s\u00e3o as demandas dos TAEs e pensar nas melhores solu\u00e7\u00f5es atrav\u00e9s do di\u00e1logo\u201d, registrou.&nbsp;<\/p>\n\n\n\n<figure class=\"wp-block-gallery columns-4 is-cropped wp-block-gallery-3 is-layout-flex\"><ul class=\"blocks-gallery-grid\"><li class=\"blocks-gallery-item\"><figure><a href=\"https:\/\/www.ifbaiano.edu.br\/unidades\/valenca\/files\/2022\/03\/01-1.jpg\"><img decoding=\"async\" loading=\"lazy\" width=\"4288\" height=\"2848\" src=\"https:\/\/www.ifbaiano.edu.br\/unidades\/valenca\/files\/2022\/03\/01-1.jpg\" alt=\"\" data-id=\"7294\" data-full-url=\"https:\/\/www.ifbaiano.edu.br\/unidades\/valenca\/files\/2022\/03\/01-1.jpg\" data-link=\"https:\/\/www.ifbaiano.edu.br\/unidades\/valenca\/?attachment_id=7294\" class=\"wp-image-7294\" \/><\/a><\/figure><\/li><li class=\"blocks-gallery-item\"><figure><a href=\"https:\/\/www.ifbaiano.edu.br\/unidades\/valenca\/files\/2022\/03\/02-1.jpg\"><img decoding=\"async\" loading=\"lazy\" width=\"4288\" height=\"2848\" src=\"https:\/\/www.ifbaiano.edu.br\/unidades\/valenca\/files\/2022\/03\/02-1.jpg\" alt=\"\" data-id=\"7295\" data-full-url=\"https:\/\/www.ifbaiano.edu.br\/unidades\/valenca\/files\/2022\/03\/02-1.jpg\" data-link=\"https:\/\/www.ifbaiano.edu.br\/unidades\/valenca\/?attachment_id=7295\" class=\"wp-image-7295\" \/><\/a><\/figure><\/li><li class=\"blocks-gallery-item\"><figure><a href=\"https:\/\/www.ifbaiano.edu.br\/unidades\/valenca\/files\/2022\/03\/03-1.jpg\"><img decoding=\"async\" loading=\"lazy\" width=\"4288\" height=\"2848\" src=\"https:\/\/www.ifbaiano.edu.br\/unidades\/valenca\/files\/2022\/03\/03-1.jpg\" alt=\"\" data-id=\"7296\" data-full-url=\"https:\/\/www.ifbaiano.edu.br\/unidades\/valenca\/files\/2022\/03\/03-1.jpg\" data-link=\"https:\/\/www.ifbaiano.edu.br\/unidades\/valenca\/?attachment_id=7296\" class=\"wp-image-7296\" \/><\/a><\/figure><\/li><li class=\"blocks-gallery-item\"><figure><a href=\"https:\/\/www.ifbaiano.edu.br\/unidades\/valenca\/files\/2022\/03\/04-1.jpg\"><img decoding=\"async\" loading=\"lazy\" width=\"4288\" height=\"2848\" src=\"https:\/\/www.ifbaiano.edu.br\/unidades\/valenca\/files\/2022\/03\/04-1.jpg\" alt=\"\" data-id=\"7297\" data-full-url=\"https:\/\/www.ifbaiano.edu.br\/unidades\/valenca\/files\/2022\/03\/04-1.jpg\" data-link=\"https:\/\/www.ifbaiano.edu.br\/unidades\/valenca\/?attachment_id=7297\" class=\"wp-image-7297\" \/><\/a><\/figure><\/li><li class=\"blocks-gallery-item\"><figure><a href=\"https:\/\/www.ifbaiano.edu.br\/unidades\/valenca\/files\/2022\/03\/05-1.jpg\"><img decoding=\"async\" loading=\"lazy\" width=\"4288\" height=\"2848\" src=\"https:\/\/www.ifbaiano.edu.br\/unidades\/valenca\/files\/2022\/03\/05-1.jpg\" alt=\"\" data-id=\"7298\" data-full-url=\"https:\/\/www.ifbaiano.edu.br\/unidades\/valenca\/files\/2022\/03\/05-1.jpg\" data-link=\"https:\/\/www.ifbaiano.edu.br\/unidades\/valenca\/?attachment_id=7298\" class=\"wp-image-7298\" \/><\/a><\/figure><\/li><li class=\"blocks-gallery-item\"><figure><a href=\"https:\/\/www.ifbaiano.edu.br\/unidades\/valenca\/files\/2022\/03\/06-1.jpg\"><img decoding=\"async\" loading=\"lazy\" width=\"4288\" height=\"2848\" src=\"https:\/\/www.ifbaiano.edu.br\/unidades\/valenca\/files\/2022\/03\/06-1.jpg\" alt=\"\" data-id=\"7299\" data-full-url=\"https:\/\/www.ifbaiano.edu.br\/unidades\/valenca\/files\/2022\/03\/06-1.jpg\" data-link=\"https:\/\/www.ifbaiano.edu.br\/unidades\/valenca\/?attachment_id=7299\" class=\"wp-image-7299\" \/><\/a><\/figure><\/li><li class=\"blocks-gallery-item\"><figure><a href=\"https:\/\/www.ifbaiano.edu.br\/unidades\/valenca\/files\/2022\/03\/07-1.jpg\"><img decoding=\"async\" loading=\"lazy\" width=\"4288\" height=\"2848\" src=\"https:\/\/www.ifbaiano.edu.br\/unidades\/valenca\/files\/2022\/03\/07-1.jpg\" alt=\"\" data-id=\"7300\" data-full-url=\"https:\/\/www.ifbaiano.edu.br\/unidades\/valenca\/files\/2022\/03\/07-1.jpg\" data-link=\"https:\/\/www.ifbaiano.edu.br\/unidades\/valenca\/?attachment_id=7300\" class=\"wp-image-7300\" \/><\/a><\/figure><\/li><\/ul><\/figure>\n\n\n\n<p>Confira os nomes dos diretores-gerais que ir\u00e3o gerir os&nbsp;<em>campi&nbsp;<\/em>do IF Baiano pelos pr\u00f3ximos anos:&nbsp;<\/p>\n\n\n\n<p>Francisco de Assis dos Santos Silva \u2013&nbsp;<em>Campus&nbsp;<\/em>Alagoinhas;&nbsp;<br>Georgia Silva Xavier \u2013&nbsp;<em>Campus<\/em>&nbsp;Catu<br>R\u00f4mulo Sposito das Virgens \u2013&nbsp;<em>Campus&nbsp;<\/em>Itapetinga<br>Genilda de Souza Lima \u2013&nbsp;<em>Campus&nbsp;<\/em>Santa In\u00eas<br>Jo\u00e3o Lu\u00eds Almeida Feitosa \u2013&nbsp;<em>Campus&nbsp;<\/em>Senhor do Bonfim<br>Jo\u00e3o Batista Botton \u2013&nbsp;<em>Campus&nbsp;<\/em>Teixeira de Freitas<br>Josu\u00e9 de Souza Oliveira \u2013&nbsp;<em>Campus&nbsp;<\/em>Uru\u00e7uca<br>Ge\u00e2ngelo de Matos Rosa \u2013&nbsp;<em>Campus&nbsp;<\/em>Bom Jesus da Lapa<br>L\u00edvia Tosta dos Santos \u2013&nbsp;<em>Campus&nbsp;<\/em>Governador Mangabeira<br>Carlito Jos\u00e9 de Barros Filho \u2013&nbsp;<em>Campus&nbsp;<\/em>Guanambi<br>Geovane Lima Guimar\u00e3es \u2013&nbsp;<em>Campus&nbsp;<\/em>Valen\u00e7a<br>Leandro dos Santos Damasceno \u2013&nbsp;<em>Campus&nbsp;<\/em>Serrinha<br>Ozenice Silva dos Santos \u2013&nbsp;<em>Campus<\/em>&nbsp;Itaberaba<br>Pedro Queiroz J\u00fanior \u2013&nbsp;<em>Campus&nbsp;<\/em>Xique-Xique<\/p>\n\n\n\n<figure class=\"wp-block-gallery columns-4 is-cropped wp-block-gallery-5 is-layout-flex\"><ul class=\"blocks-gallery-grid\"><li class=\"blocks-gallery-item\"><figure><a href=\"https:\/\/www.ifbaiano.edu.br\/unidades\/valenca\/files\/2022\/03\/08-2.jpg\"><img decoding=\"async\" loading=\"lazy\" width=\"4288\" height=\"2848\" src=\"https:\/\/www.ifbaiano.edu.br\/unidades\/valenca\/files\/2022\/03\/08-2.jpg\" alt=\"\" data-id=\"7301\" data-full-url=\"https:\/\/www.ifbaiano.edu.br\/unidades\/valenca\/files\/2022\/03\/08-2.jpg\" data-link=\"https:\/\/www.ifbaiano.edu.br\/unidades\/valenca\/?attachment_id=7301\" class=\"wp-image-7301\" \/><\/a><\/figure><\/li><li class=\"blocks-gallery-item\"><figure><a href=\"https:\/\/www.ifbaiano.edu.br\/unidades\/valenca\/files\/2022\/03\/09-2.jpg\"><img decoding=\"async\" loading=\"lazy\" width=\"4288\" height=\"2848\" src=\"https:\/\/www.ifbaiano.edu.br\/unidades\/valenca\/files\/2022\/03\/09-2.jpg\" alt=\"\" data-id=\"7302\" data-full-url=\"https:\/\/www.ifbaiano.edu.br\/unidades\/valenca\/files\/2022\/03\/09-2.jpg\" data-link=\"https:\/\/www.ifbaiano.edu.br\/unidades\/valenca\/?attachment_id=7302\" class=\"wp-image-7302\" \/><\/a><\/figure><\/li><li class=\"blocks-gallery-item\"><figure><a href=\"https:\/\/www.ifbaiano.edu.br\/unidades\/valenca\/files\/2022\/03\/10-2.jpg\"><img decoding=\"async\" loading=\"lazy\" width=\"4288\" height=\"2848\" src=\"https:\/\/www.ifbaiano.edu.br\/unidades\/valenca\/files\/2022\/03\/10-2.jpg\" alt=\"\" data-id=\"7303\" data-full-url=\"https:\/\/www.ifbaiano.edu.br\/unidades\/valenca\/files\/2022\/03\/10-2.jpg\" data-link=\"https:\/\/www.ifbaiano.edu.br\/unidades\/valenca\/?attachment_id=7303\" class=\"wp-image-7303\" \/><\/a><\/figure><\/li><li class=\"blocks-gallery-item\"><figure><a href=\"https:\/\/www.ifbaiano.edu.br\/unidades\/valenca\/files\/2022\/03\/11-2.jpg\"><img decoding=\"async\" loading=\"lazy\" width=\"4288\" height=\"2848\" src=\"https:\/\/www.ifbaiano.edu.br\/unidades\/valenca\/files\/2022\/03\/11-2.jpg\" alt=\"\" data-id=\"7304\" data-full-url=\"https:\/\/www.ifbaiano.edu.br\/unidades\/valenca\/files\/2022\/03\/11-2.jpg\" data-link=\"https:\/\/www.ifbaiano.edu.br\/unidades\/valenca\/?attachment_id=7304\" class=\"wp-image-7304\" \/><\/a><\/figure><\/li><li class=\"blocks-gallery-item\"><figure><a href=\"https:\/\/www.ifbaiano.edu.br\/unidades\/valenca\/files\/2022\/03\/12-2.jpg\"><img decoding=\"async\" loading=\"lazy\" width=\"4288\" height=\"2848\" src=\"https:\/\/www.ifbaiano.edu.br\/unidades\/valenca\/files\/2022\/03\/12-2.jpg\" alt=\"\" data-id=\"7305\" data-full-url=\"https:\/\/www.ifbaiano.edu.br\/unidades\/valenca\/files\/2022\/03\/12-2.jpg\" data-link=\"https:\/\/www.ifbaiano.edu.br\/unidades\/valenca\/?attachment_id=7305\" class=\"wp-image-7305\" \/><\/a><\/figure><\/li><li class=\"blocks-gallery-item\"><figure><a href=\"https:\/\/www.ifbaiano.edu.br\/unidades\/valenca\/files\/2022\/03\/13-2.jpg\"><img decoding=\"async\" loading=\"lazy\" width=\"4288\" height=\"2848\" src=\"https:\/\/www.ifbaiano.edu.br\/unidades\/valenca\/files\/2022\/03\/13-2.jpg\" alt=\"\" data-id=\"7306\" data-full-url=\"https:\/\/www.ifbaiano.edu.br\/unidades\/valenca\/files\/2022\/03\/13-2.jpg\" data-link=\"https:\/\/www.ifbaiano.edu.br\/unidades\/valenca\/?attachment_id=7306\" class=\"wp-image-7306\" \/><\/a><\/figure><\/li><li class=\"blocks-gallery-item\"><figure><a href=\"https:\/\/www.ifbaiano.edu.br\/unidades\/valenca\/files\/2022\/03\/14-2.jpg\"><img decoding=\"async\" loading=\"lazy\" width=\"4288\" height=\"2848\" src=\"https:\/\/www.ifbaiano.edu.br\/unidades\/valenca\/files\/2022\/03\/14-2.jpg\" alt=\"\" data-id=\"7307\" data-full-url=\"https:\/\/www.ifbaiano.edu.br\/unidades\/valenca\/files\/2022\/03\/14-2.jpg\" data-link=\"https:\/\/www.ifbaiano.edu.br\/unidades\/valenca\/?attachment_id=7307\" class=\"wp-image-7307\" \/><\/a><\/figure><\/li><\/ul><\/figure>\n\n\n\n<p><strong><a href=\"https:\/\/www.youtube.com\/watch?v=dxJKNgk8fj4&amp;t=3610s\">Assista aqui a cerim\u00f4nia de posse dos diretores-gerais do IF Baiano.<\/a><\/strong><\/p>\n\n\n\n<hr class=\"wp-block-separator is-style-wide\" \/>\n\n\n\n<p>Mat\u00e9ria ASCOM dispon\u00edvel em: <em>https:\/\/ifbaiano.edu.br\/portal\/blog\/diretores-gerais-do-if-baiano-tomam-posse-em-cerimonia-conjunta-no-campus-catu\/<\/em><\/p>\n","protected":false},"excerpt":{"rendered":"<p>Foram empossados 14 diretores-gerais, sendo sete deles novos empossados, e os outros sete, reconduzidos ao cargo. Discursos fortes, emo\u00e7\u00e3o, e (re)encontros marcaram a posse conjunta dos diretores-gerais dos&nbsp;campi&nbsp;do IF Baiano, eleitos para o quadri\u00eanio 2022-2026. A cerim\u00f4nia ocorreu ontem, 21 de mar\u00e7o, de forma presencial, no audit\u00f3rio do&nbsp;Campus&nbsp;Catu, com transmiss\u00e3o ao vivo&nbsp;pelo canal do IF [&hellip;]<\/p>\n","protected":false},"author":146,"featured_media":7309,"comment_status":"open","ping_status":"open","sticky":false,"template":"","format":"standard","meta":[],"categories":[5,7,63],"tags":[166,174,64,173],"_links":{"self":[{"href":"https:\/\/www.ifbaiano.edu.br\/unidades\/valenca\/wp-json\/wp\/v2\/posts\/7290"}],"collection":[{"href":"https:\/\/www.ifbaiano.edu.br\/unidades\/valenca\/wp-json\/wp\/v2\/posts"}],"about":[{"href":"https:\/\/www.ifbaiano.edu.br\/unidades\/valenca\/wp-json\/wp\/v2\/types\/post"}],"author":[{"embeddable":true,"href":"https:\/\/www.ifbaiano.edu.br\/unidades\/valenca\/wp-json\/wp\/v2\/users\/146"}],"replies":[{"embeddable":true,"href":"https:\/\/www.ifbaiano.edu.br\/unidades\/valenca\/wp-json\/wp\/v2\/comments?post=7290"}],"version-history":[{"count":2,"href":"https:\/\/www.ifbaiano.edu.br\/unidades\/valenca\/wp-json\/wp\/v2\/posts\/7290\/revisions"}],"predecessor-version":[{"id":7879,"href":"https:\/\/www.ifbaiano.edu.br\/unidades\/valenca\/wp-json\/wp\/v2\/posts\/7290\/revisions\/7879"}],"wp:featuredmedia":[{"embeddable":true,"href":"https:\/\/www.ifbaiano.edu.br\/unidades\/valenca\/wp-json\/wp\/v2\/media\/7309"}],"wp:attachment":[{"href":"https:\/\/www.ifbaiano.edu.br\/unidades\/valenca\/wp-json\/wp\/v2\/media?parent=7290"}],"wp:term":[{"taxonomy":"category","embeddable":true,"href":"https:\/\/www.ifbaiano.edu.br\/unidades\/valenca\/wp-json\/wp\/v2\/categories?post=7290"},{"taxonomy":"post_tag","embeddable":true,"href":"https:\/\/www.ifbaiano.edu.br\/unidades\/valenca\/wp-json\/wp\/v2\/tags?post=7290"}],"curies":[{"name":"wp","href":"https:\/\/api.w.org\/{rel}","templated":true}]}}