{"id":7327,"date":"2022-04-05T08:51:36","date_gmt":"2022-04-05T11:51:36","guid":{"rendered":"https:\/\/www.ifbaiano.edu.br\/unidades\/valenca\/?p=7327"},"modified":"2022-04-05T08:55:36","modified_gmt":"2022-04-05T11:55:36","slug":"tecnicos-em-agropecuaria-do-if-baiano-participam-de-oficina-sobre-sistemas-agroflorestais-safs","status":"publish","type":"post","link":"https:\/\/www.ifbaiano.edu.br\/unidades\/valenca\/2022\/04\/05\/tecnicos-em-agropecuaria-do-if-baiano-participam-de-oficina-sobre-sistemas-agroflorestais-safs\/","title":{"rendered":"T\u00e9cnicos em agropecu\u00e1ria do IF Baiano participam de oficina sobre sistemas agroflorestais (SAFs)"},"content":{"rendered":"\n<p style=\"font-size:17px\"><em>Sistemas agroflorestais (SAFs) s\u00e3o modelos que aliam sustentabilidade, preserva\u00e7\u00e3o ambiental e baixo custo de produ\u00e7\u00e3o.<\/em><\/p>\n\n\n\n<p>Na \u00faltima semana, nos dias 30 e 31 de mar\u00e7o, foi realizada uma oficina sobre implanta\u00e7\u00e3o e manejo de sistemas agroflorestais (SAFs) no&nbsp;<em>Campus&nbsp;<\/em>Valen\u00e7a do Instituto Federal Baiano (IF Baiano). A forma\u00e7\u00e3o teve como p\u00fablico-alvo os t\u00e9cnicos em agropecu\u00e1ria que atuam nas unidades do instituto. Nove t\u00e9cnicos, dos&nbsp;<em>campi&nbsp;<\/em>Bom Jesus da Lapa, Itapetinga, Itaberaba, Catu, Xique-Xique, Serrinha e Governador Mangabeira, participaram do encontro.<\/p>\n\n\n\n<p>A iniciativa foi coordenada pelo diretor administrativo do&nbsp;<em>Campus&nbsp;<\/em>Valen\u00e7a, Cristiano Carvalho, e pela t\u00e9cnica em agropecu\u00e1ria, Micheline Santos, e teve como facilitadores os t\u00e9cnicos em agropecu\u00e1ria, Martins Batista, Josu\u00e9 Castro e Robson Kisaki.&nbsp;<\/p>\n\n\n\n<p>O objetivo foi de promover um momento de troca de saberes e discuss\u00e3o participativa entre os profissionais, a respeito das oportunidades e desafios da ado\u00e7\u00e3o de sistemas agroflorestais em seus respectivos\u00a0<em>campi<\/em>. Tamb\u00e9m buscou debater de que maneira as tecnologias utilizadas nos sistemas podem colaborar com as atividades de Ensino, Pesquisa e Extens\u00e3o, com as fazendas-escola e a sustentabilidade das unidades.<\/p>\n\n\n\n<figure class=\"wp-block-image size-full is-resized is-style-default\"><a href=\"https:\/\/www.ifbaiano.edu.br\/unidades\/valenca\/files\/2022\/04\/oficina-agropecuaria-ifbaiano-valenca.jpg\"><img decoding=\"async\" loading=\"lazy\" src=\"https:\/\/www.ifbaiano.edu.br\/unidades\/valenca\/files\/2022\/04\/oficina-agropecuaria-ifbaiano-valenca.jpg\" alt=\"\" class=\"wp-image-7328\" width=\"837\" height=\"625\" \/><\/a><\/figure>\n\n\n\n<p class=\"has-text-align-center\" style=\"font-size:14px\">T\u00e9cnicos em agropecu\u00e1ria de nove campi do IF Baiano se reuniram para trocar aprendizados sobre os sistemas agroflorestais. Imagens: Micheline Santos, Luiz Gonzaga e Hilary.<\/p>\n\n\n\n<p><br>\u201cA oficina teve como objetivo dialogar, trocar conhecimentos com diversos t\u00e9cnicos do IF Baiano sobre um modelo de agricultura que seja, ao mesmo tempo, vi\u00e1vel economicamente, principalmente para o agricultor familiar, e tamb\u00e9m uma forma de preservar o ambiente\u201d, comentou o facilitador da oficina, Martins Batista. Segundo ele, a proposta dos sistemas agroflorestais \u00e9 ser uma alternativa de produ\u00e7\u00e3o sustent\u00e1vel e menos dependente de recursos naturais n\u00e3o renov\u00e1veis. \u201cO SAF biodiverso precisa atender aos pilares da sustentabilidade, contemplando a seguran\u00e7a e soberania alimentar, presta\u00e7\u00e3o de servi\u00e7o ambiental e gera\u00e7\u00e3o de renda\u201d, complementou.\u00a0<\/p>\n\n\n\n<p>No SAF, \u00e9 priorizado o plantio de plantas frut\u00edferas, nativas da mata e de ciclo curto de colheita, como por exemplo, milho e aipim. \u201cNesse processo, observamos as quest\u00f5es para gera\u00e7\u00e3o de renda, preserva\u00e7\u00e3o do meio ambiente e soberania alimentar do pequenos produtores rurais\u201d, explica Micheline Santos.<\/p>\n\n\n\n<p>A realiza\u00e7\u00e3o da oficina foi motivada pelo&nbsp;<em>Campus&nbsp;<\/em>Valen\u00e7a no intuito de apresentar o trabalho de implanta\u00e7\u00e3o de SAFs na unidade. Para o t\u00e9cnico em agropecu\u00e1ria, Cristiano Marcos, a oficina foi uma oportunidade de se inspirar com o exemplo.<\/p>\n\n\n\n<p>\u201cTivemos a oportunidade de ver o sistema muito bem montado nas unidades educativas de campo da escola e tamb\u00e9m poder colocar em pr\u00e1tica a implementa\u00e7\u00e3o do SAF, que foi muito legal e gratificante, despertando pra mim e nos demais colegas o ensejo de implantar em nossos\u00a0<em>campi\u00a0<\/em>para servir de laborat\u00f3rio did\u00e1tico para nossos alunos e comunidade\u201d, relatou o t\u00e9cnico, que atua no Campus Bom Jesus da Lapa.\u00a0Al\u00e9m dos conhecimentos te\u00f3ricos e pr\u00e1ticos, os t\u00e9cnicos tamb\u00e9m receberam a doa\u00e7\u00e3o de mudas para in\u00edcio da implementa\u00e7\u00e3o do sistema em suas respectivas unidades.<\/p>\n\n\n\n<figure class=\"wp-block-image size-full\"><img decoding=\"async\" loading=\"lazy\" width=\"1280\" height=\"960\" src=\"https:\/\/www.ifbaiano.edu.br\/unidades\/valenca\/files\/2022\/04\/homenagem-oficina-campus-valenca.jpeg\" alt=\"\" class=\"wp-image-7329\" \/><\/figure>\n\n\n\n<p>Durante o evento, ainda foi realizada uma homenagem ao professor do IF Baiano, S\u00e9rgio Ricardo Matos Almeida, que faleceu recentemente, com o plantio de uma \u00e1rvore frut\u00edfera. \u201cO professor S\u00e9rgio foi o mentor e difusor das ideias de SAF biodiverso aqui no IF Valen\u00e7a\u201d, relembrou Micheline.<\/p>\n\n\n\n<hr class=\"wp-block-separator is-style-wide\" \/>\n\n\n\n<p>Mat\u00e9ria ASCOM dispon\u00edvel em:\u00a0<em>https:\/\/ifbaiano.edu.br\/portal\/blog\/tecnicos-em-agropecuaria-do-if-baiano-participam-de-oficina-sobre-sistemas-agroflorestais-safs\/<\/em><\/p>\n","protected":false},"excerpt":{"rendered":"<p>Sistemas agroflorestais (SAFs) s\u00e3o modelos que aliam sustentabilidade, preserva\u00e7\u00e3o ambiental e baixo custo de produ\u00e7\u00e3o. Na \u00faltima semana, nos dias 30 e 31 de mar\u00e7o, foi realizada uma oficina sobre implanta\u00e7\u00e3o e manejo de sistemas agroflorestais (SAFs) no&nbsp;Campus&nbsp;Valen\u00e7a do Instituto Federal Baiano (IF Baiano). A forma\u00e7\u00e3o teve como p\u00fablico-alvo os t\u00e9cnicos em agropecu\u00e1ria que atuam [&hellip;]<\/p>\n","protected":false},"author":146,"featured_media":7328,"comment_status":"open","ping_status":"open","sticky":false,"template":"","format":"standard","meta":[],"categories":[5,36,63],"tags":[71,64,179,178],"_links":{"self":[{"href":"https:\/\/www.ifbaiano.edu.br\/unidades\/valenca\/wp-json\/wp\/v2\/posts\/7327"}],"collection":[{"href":"https:\/\/www.ifbaiano.edu.br\/unidades\/valenca\/wp-json\/wp\/v2\/posts"}],"about":[{"href":"https:\/\/www.ifbaiano.edu.br\/unidades\/valenca\/wp-json\/wp\/v2\/types\/post"}],"author":[{"embeddable":true,"href":"https:\/\/www.ifbaiano.edu.br\/unidades\/valenca\/wp-json\/wp\/v2\/users\/146"}],"replies":[{"embeddable":true,"href":"https:\/\/www.ifbaiano.edu.br\/unidades\/valenca\/wp-json\/wp\/v2\/comments?post=7327"}],"version-history":[{"count":32,"href":"https:\/\/www.ifbaiano.edu.br\/unidades\/valenca\/wp-json\/wp\/v2\/posts\/7327\/revisions"}],"predecessor-version":[{"id":7362,"href":"https:\/\/www.ifbaiano.edu.br\/unidades\/valenca\/wp-json\/wp\/v2\/posts\/7327\/revisions\/7362"}],"wp:featuredmedia":[{"embeddable":true,"href":"https:\/\/www.ifbaiano.edu.br\/unidades\/valenca\/wp-json\/wp\/v2\/media\/7328"}],"wp:attachment":[{"href":"https:\/\/www.ifbaiano.edu.br\/unidades\/valenca\/wp-json\/wp\/v2\/media?parent=7327"}],"wp:term":[{"taxonomy":"category","embeddable":true,"href":"https:\/\/www.ifbaiano.edu.br\/unidades\/valenca\/wp-json\/wp\/v2\/categories?post=7327"},{"taxonomy":"post_tag","embeddable":true,"href":"https:\/\/www.ifbaiano.edu.br\/unidades\/valenca\/wp-json\/wp\/v2\/tags?post=7327"}],"curies":[{"name":"wp","href":"https:\/\/api.w.org\/{rel}","templated":true}]}}