{"id":7389,"date":"2022-04-20T19:27:44","date_gmt":"2022-04-20T22:27:44","guid":{"rendered":"https:\/\/www.ifbaiano.edu.br\/unidades\/valenca\/?p=7389"},"modified":"2022-10-14T11:09:02","modified_gmt":"2022-10-14T14:09:02","slug":"campus-valenca-abre-selecao-para-cursos-tecnicos-em-agropecuaria-e-agroecologia-na-forma-integrada-ao-ensino-medio","status":"publish","type":"post","link":"https:\/\/www.ifbaiano.edu.br\/unidades\/valenca\/2022\/04\/20\/campus-valenca-abre-selecao-para-cursos-tecnicos-em-agropecuaria-e-agroecologia-na-forma-integrada-ao-ensino-medio\/","title":{"rendered":"Campus Valen\u00e7a abre sele\u00e7\u00e3o para cursos T\u00e9cnicos em Agropecu\u00e1ria e Agroecologia, na forma\u00a0Integrada ao Ensino M\u00e9dio"},"content":{"rendered":"\n<p><em><em>Cada curso oferta 90 vagas. As inscri\u00e7\u00f5es iniciam no dia 02 de maio<\/em><\/em><\/p>\n\n\n\n<p>O&nbsp;<em>campus&nbsp;<\/em>do Instituto Federal Baiano (IF Baiano) em Valen\u00e7a est\u00e1 com sele\u00e7\u00e3o aberta para o preenchimento de 180 vagas em cursos t\u00e9cnicos, na modalidade Integrada ao ensino m\u00e9dio. As inscri\u00e7\u00f5es s\u00e3o gratuitas e podem ser realizadas pela internet. O per\u00edodo de inscri\u00e7\u00e3o vai de 02 de maio at\u00e9 05 de junho.<\/p>\n\n\n\n<p>Os cursos ofertados s\u00e3o de T\u00e9cnico em Agropecu\u00e1ria (90 vagas) e T\u00e9cnico em Agroecologia (90 vagas). Podem se inscrever na sele\u00e7\u00e3o pessoas que j\u00e1 conclu\u00edram ou est\u00e3o concluindo o Ensino Fundamental II (9\u00ba ano) at\u00e9 a data da matr\u00edcula.<\/p>\n\n\n\n<div id=\"ProreitoriaTopoTitulo\">\n\t\t\t\t\tInscri\u00e7\u00e3o\n\t\t\t\t<\/div>\n\n\n\n<p>Para se inscrever no Processo Seletivo, o candidato dever\u00e1 realizar os seguintes passos: <br>I- acessar o sistema on-line de inscri\u00e7\u00f5es do Processo Seletivo, que ser\u00e1 disponibilizado&nbsp;<a href=\"https:\/\/concurso.ifbaiano.edu.br\/portal\/ingresso-integrado-valenca-abril-2022\/\">no site do IF Baiano<\/a>&nbsp;na data de abertura das inscri\u00e7\u00f5es; <br>II- preencher formul\u00e1rio com dados pessoais e socioecon\u00f4micos; <br>III- informar a escolaridade e onde cursou o Ensino Fundamental; <br>IV- selecionar o curso para o qual deseja se inscrever como 1\u00aa op\u00e7\u00e3o e um curso diferente para se inscrever como 2\u00aa op\u00e7\u00e3o; <br>V- informar as notas das m\u00e9dias finais do Hist\u00f3rico Escolar das disciplinas L\u00edngua Portuguesa, Matem\u00e1tica, Hist\u00f3ria, Ci\u00eancias e Geografia do 8\u00ba ano do Ensino Fundamental II; <br>VI- selecionar a reserva de vagas que deseja concorrer;<br>VII- inserir arquivo, preferencialmente, em PDF dos documentos listados pelo edital.<\/p>\n\n\n\n<div class=\"wp-block-columns is-layout-flex wp-container-4\">\n<div class=\"wp-block-column is-layout-flow\">\n<p class=\"has-text-align-left\">A inscri\u00e7\u00e3o \u00e9 gratuita e dever\u00e1 ser realizada entre os dias <strong>02 de maio e 05 de junho<\/strong>&nbsp;de 2022. <\/p>\n\n\n\n<p class=\"has-text-align-left\"><br><\/p>\n\n\n\n<div class=\"wp-block-buttons is-layout-flex\">\n<div class=\"wp-block-button has-custom-width wp-block-button__width-75 has-custom-font-size is-style-fill\" style=\"font-size:22px\"><a class=\"wp-block-button__link has-white-color has-text-color has-background\" style=\"background:linear-gradient(0deg,rgb(255,245,203) 0%,rgb(182,227,212) 50%,rgb(51,167,181) 100%)\">Inscri\u00e7\u00f5es encerradas<\/a><\/div>\n<\/div>\n\n\n\n<p><br><\/p>\n<\/div>\n\n\n\n<div class=\"wp-block-column is-layout-flow\">\n<figure class=\"wp-block-image size-full is-resized is-style-default\"><img decoding=\"async\" loading=\"lazy\" src=\"https:\/\/www.ifbaiano.edu.br\/unidades\/valenca\/files\/2022\/04\/WhatsApp-Image-2022-04-13-at-17.30.47.jpeg\" alt=\"\" class=\"wp-image-7390\" width=\"407\" height=\"407\" \/><\/figure>\n<\/div>\n<\/div>\n\n\n\n<p>Candidatos que n\u00e3o tenham acesso \u00e0 internet podem se dirigir ao Campus Valen\u00e7a, em dias \u00fateis durante o per\u00edodo de inscri\u00e7\u00f5es, para fazer a inscri\u00e7\u00e3o de forma presencial. Para acesso \u00e0s unidades do IF Baiano, \u00e9 necess\u00e1rio apresentar comprova\u00e7\u00e3o vacinal para covid-19.<\/p>\n\n\n\n<p>Os cursos de n\u00edvel m\u00e9dio e t\u00e9cnico do IF Baiano reservam 75% das vagas para cotas em diferentes categorias de a\u00e7\u00f5es afirmativas e 25% para ampla concorr\u00eancia.<\/p>\n\n\n\n<div id=\"ProreitoriaTopoTitulo\">\n\t\t\t\t\tSele\u00e7\u00e3o\n\t\t\t\t<\/div>\n\n\n\n<p>Na sele\u00e7\u00e3o, a classifica\u00e7\u00e3o de candidatos ser\u00e1 definida a partir da M\u00e9dia Final resultante das m\u00e9dias dos componentes curriculares L\u00edngua Portuguesa, Matem\u00e1tica, Hist\u00f3ria, Ci\u00eancias e Geografia do 8\u00ba ano do Ensino Fundamental, atrav\u00e9s de an\u00e1lise do hist\u00f3rico escolar anexado \u00e0 documenta\u00e7\u00e3o no ato de inscri\u00e7\u00e3o.&nbsp;O resultado final ser\u00e1 divulgado no dia 30 de junho no portal do IF Baiano.<\/p>\n\n\n\n<p>O ingresso de estudantes nos cursos da Educa\u00e7\u00e3o Profissional T\u00e9cnica de N\u00edvel M\u00e9dio em 2022 est\u00e1 com novo formato. Os 14&nbsp;<em>campi<\/em>&nbsp;do Instituto Federal Baiano lan\u00e7am seus editais, com cronogramas pr\u00f3prios, para o ingresso em suas localidades. Para acompanhar esse e outros processos seletivos, acesse a p\u00e1gina do&nbsp;<a href=\"https:\/\/concurso.ifbaiano.edu.br\/portal\/ingresso-de-estudantes-2022\/\">Processo de Ingresso de Estudantes de 2022.<\/a><\/p>\n\n\n\n<div id=\"ProreitoriaTopoTitulo\">\n\t\t\t\t\tEditais e Documentos\n\t\t\t\t<\/div>\n\n\n\n<div class=\"wp-block-file\"><a href=\"https:\/\/www.ifbaiano.edu.br\/unidades\/valenca\/files\/2022\/04\/Retificacao-do-Edital-de-Matricula-no-10-Integrado.pdf\"><strong>Retifica\u00e7\u00e3o do Edital de Matr\u00edcula<\/strong><\/a><\/div>\n\n\n\n<div class=\"wp-block-file\"><a href=\"https:\/\/www.ifbaiano.edu.br\/unidades\/valenca\/files\/2022\/04\/Edital-no-10-de-Matricula-Integrado-Prosel-2022.pdf\"><strong>Edital n\u00ba 10 &#8211; Matr\u00edcula<\/strong><\/a><\/div>\n\n\n\n<div class=\"wp-block-file\"><a href=\"https:\/\/www.ifbaiano.edu.br\/unidades\/valenca\/files\/2022\/04\/Resultado-Final-Agroecologia-Integrado.pdf\"><strong>Resultado Final &#8211; Agroecologia<\/strong><\/a><\/div>\n\n\n\n<div class=\"wp-block-file\"><a href=\"https:\/\/www.ifbaiano.edu.br\/unidades\/valenca\/files\/2022\/04\/Resultado-Final-Agropecuaria-Integrado.pdf\"><strong>Resultado Final &#8211; Agropecu\u00e1ria<\/strong><\/a><\/div>\n\n\n\n<div class=\"wp-block-file\"><a href=\"https:\/\/www.ifbaiano.edu.br\/unidades\/valenca\/files\/2022\/04\/Lista-de-candidatos-classificados-Agroecologia-Integrado.pdf\"><strong>Lista dos candidatos classificados &#8211; Agroecologia<\/strong><\/a><\/div>\n\n\n\n<div class=\"wp-block-file\"><a href=\"https:\/\/www.ifbaiano.edu.br\/unidades\/valenca\/files\/2022\/04\/Lista-de-candidatos-classificados-Agropecuaria-Integrado.pdf\"><strong>Lista dos candidatos classificados &#8211; Agropecu\u00e1ria<\/strong><\/a><\/div>\n\n\n\n<div class=\"wp-block-file\"><a href=\"https:\/\/www.ifbaiano.edu.br\/unidades\/valenca\/files\/2022\/04\/Lista-dos-candidatos-homologados-Pos-Recursos-Agroecologia.pdf\"><strong>Resultado dos recursos &#8211; Agroecologia<\/strong><\/a><\/div>\n\n\n\n<div class=\"wp-block-file\"><a href=\"https:\/\/www.ifbaiano.edu.br\/unidades\/valenca\/files\/2022\/04\/Lista-dos-candidatos-homologados-Pos-Recursos-Agropecuaria.pdf\"><strong>Resultado dos recursos &#8211; Agropecu\u00e1ria<\/strong><\/a><\/div>\n\n\n\n<div class=\"wp-block-file\"><a href=\"https:\/\/www.ifbaiano.edu.br\/unidades\/valenca\/files\/2022\/04\/Homologados-Preliminar-Tecnico-em-AGROECOLOGIA-Integrado-Valenca.pdf\"><strong>Lista Preliminar dos candidatos homologados &#8211; Agroecologia<\/strong><\/a><\/div>\n\n\n\n<div class=\"wp-block-file\"><a href=\"https:\/\/www.ifbaiano.edu.br\/unidades\/valenca\/files\/2022\/04\/Homologados-Preliminar-Tecnico-em-AGROPECUARIA-Integrado-Valenca.pdf\"><strong>Lista Preliminar dos candidatos homologados<\/strong> &#8211; <strong>Agropecu\u00e1ria<\/strong><\/a><\/div>\n\n\n\n<div class=\"wp-block-file\"><a href=\"https:\/\/www.ifbaiano.edu.br\/unidades\/valenca\/files\/2022\/04\/Anexo-I-Recursos.docx\"><strong>Anexo I \u2013 Recursos<\/strong><\/a><\/div>\n\n\n\n<div class=\"wp-block-file\"><a href=\"https:\/\/www.ifbaiano.edu.br\/unidades\/valenca\/files\/2022\/04\/Anexo-II-Autodecraracao-Etnico-Racial.docx\"><strong>Anexo II <strong>\u2013<\/strong> Autodeclara\u00e7\u00e3o \u00c9tnico-Racial<\/strong><\/a><\/div>\n\n\n\n<div class=\"wp-block-file\"><a href=\"https:\/\/www.ifbaiano.edu.br\/unidades\/valenca\/files\/2022\/04\/Anexo-III-Autodecraracao-de-Renda.docx\"><strong>Anexo III <strong>\u2013<\/strong> Autodeclara\u00e7\u00e3o de Renda<\/strong><\/a><\/div>\n\n\n\n<div class=\"wp-block-file\"><a href=\"https:\/\/www.ifbaiano.edu.br\/unidades\/valenca\/files\/2022\/04\/Anexo-IV-Escola-Notas.docx\"><strong>Anexo IV <strong>\u2013<\/strong> Declara\u00e7\u00e3o de Hist\u00f3rico Escolar do Ensino Fundamental II<\/strong><\/a><\/div>\n\n\n\n<div class=\"wp-block-file\"><a href=\"https:\/\/www.ifbaiano.edu.br\/unidades\/valenca\/files\/2022\/04\/Anexo-V-Autodeclaracao-Escola-Publica.docx\"><strong>Anexo V \u2013 Autodeclara\u00e7\u00e3o Escola P\u00fablica<\/strong><\/a><\/div>\n\n\n\n<div class=\"wp-block-file\"><a href=\"https:\/\/www.ifbaiano.edu.br\/unidades\/valenca\/files\/2022\/04\/Anexo-VI-PcD.docx\"><strong>Anexo VI \u2013 PcD<\/strong><\/a><\/div>\n\n\n\n<div class=\"wp-block-file\"><a href=\"https:\/\/www.ifbaiano.edu.br\/unidades\/valenca\/files\/2022\/04\/Anexo-VII-Consolidacao-de-Renda.docx\"><strong>Anexo VII \u2013 Consolida\u00e7\u00e3o de Renda<\/strong><\/a><\/div>\n\n\n\n<div class=\"wp-block-file\"><a href=\"https:\/\/www.ifbaiano.edu.br\/unidades\/valenca\/files\/2022\/04\/Anexo-VIII-Tabela-de-Equivalencia-de-notas.pdf\"><strong>Anexo VIII \u2013 Tabela de Equival\u00eancia de notas<\/strong><\/a><\/div>\n\n\n\n<div class=\"wp-block-file\"><a href=\"https:\/\/www.ifbaiano.edu.br\/unidades\/valenca\/files\/2022\/04\/Edital-N\u00b0-08-de-18-de-abril-de-2022-Ingresso-de-Estudantes-2022.pdf\"><strong>Edital n\u00b0 08<\/strong><\/a><\/div>\n","protected":false},"excerpt":{"rendered":"<p>Cada curso oferta 90 vagas. As inscri\u00e7\u00f5es iniciam no dia 02 de maio O&nbsp;campus&nbsp;do Instituto Federal Baiano (IF Baiano) em Valen\u00e7a est\u00e1 com sele\u00e7\u00e3o aberta para o preenchimento de 180 vagas em cursos t\u00e9cnicos, na modalidade Integrada ao ensino m\u00e9dio. As inscri\u00e7\u00f5es s\u00e3o gratuitas e podem ser realizadas pela internet. O per\u00edodo de inscri\u00e7\u00e3o vai [&hellip;]<\/p>\n","protected":false},"author":146,"featured_media":7390,"comment_status":"open","ping_status":"open","sticky":false,"template":"","format":"standard","meta":[],"categories":[60,13,5,6,35,36,30,9,32,63],"tags":[71,118,64,181,80,182],"_links":{"self":[{"href":"https:\/\/www.ifbaiano.edu.br\/unidades\/valenca\/wp-json\/wp\/v2\/posts\/7389"}],"collection":[{"href":"https:\/\/www.ifbaiano.edu.br\/unidades\/valenca\/wp-json\/wp\/v2\/posts"}],"about":[{"href":"https:\/\/www.ifbaiano.edu.br\/unidades\/valenca\/wp-json\/wp\/v2\/types\/post"}],"author":[{"embeddable":true,"href":"https:\/\/www.ifbaiano.edu.br\/unidades\/valenca\/wp-json\/wp\/v2\/users\/146"}],"replies":[{"embeddable":true,"href":"https:\/\/www.ifbaiano.edu.br\/unidades\/valenca\/wp-json\/wp\/v2\/comments?post=7389"}],"version-history":[{"count":44,"href":"https:\/\/www.ifbaiano.edu.br\/unidades\/valenca\/wp-json\/wp\/v2\/posts\/7389\/revisions"}],"predecessor-version":[{"id":7965,"href":"https:\/\/www.ifbaiano.edu.br\/unidades\/valenca\/wp-json\/wp\/v2\/posts\/7389\/revisions\/7965"}],"wp:featuredmedia":[{"embeddable":true,"href":"https:\/\/www.ifbaiano.edu.br\/unidades\/valenca\/wp-json\/wp\/v2\/media\/7390"}],"wp:attachment":[{"href":"https:\/\/www.ifbaiano.edu.br\/unidades\/valenca\/wp-json\/wp\/v2\/media?parent=7389"}],"wp:term":[{"taxonomy":"category","embeddable":true,"href":"https:\/\/www.ifbaiano.edu.br\/unidades\/valenca\/wp-json\/wp\/v2\/categories?post=7389"},{"taxonomy":"post_tag","embeddable":true,"href":"https:\/\/www.ifbaiano.edu.br\/unidades\/valenca\/wp-json\/wp\/v2\/tags?post=7389"}],"curies":[{"name":"wp","href":"https:\/\/api.w.org\/{rel}","templated":true}]}}