{"id":742,"date":"2011-09-27T07:30:36","date_gmt":"2011-09-27T07:30:36","guid":{"rendered":"http:\/\/www.ifbaiano.edu.br\/unidades\/valenca\/?p=742"},"modified":"2011-09-27T00:44:01","modified_gmt":"2011-09-27T00:44:01","slug":"simulado-on-line-gratis-do-enem-inscreva-se-ja","status":"publish","type":"post","link":"https:\/\/www.ifbaiano.edu.br\/unidades\/valenca\/2011\/09\/27\/simulado-on-line-gratis-do-enem-inscreva-se-ja\/","title":{"rendered":"Simulado on-line gr\u00e1tis do Enem. Inscreva-se j\u00e1!"},"content":{"rendered":"<p>\u00c9 hora de testar seus conhecimentos para o Enem 2011. E de gra\u00e7a!<\/p>\n<p>No dia 8 de outubro, VEJA realiza em parceria com o Anglo Vestibulares o primeiro simulado on-line do Enem. A prova reproduzir\u00e1, via internet, as condi\u00e7\u00f5es do exame, como dura\u00e7\u00e3o, n\u00famero de quest\u00f5es e \u00e1reas de abrang\u00eancia (ci\u00eancias humanas, ci\u00eancias da natureza, matem\u00e1tica e linguagens). Nesta edi\u00e7\u00e3o, n\u00e3o haver\u00e1 reda\u00e7\u00e3o. O gabarito do exame e os resultados dos participantes ser\u00e3o divulgados no site de VEJA.<\/p>\n<p>As inscri\u00e7\u00f5es, em n\u00famero limitado, s\u00e3o gratuitas e est\u00e3o abertas at\u00e9 o dia 2 de outubro.<\/p>\n<p>Para participar, leia o regulamento e fa\u00e7a a inscri\u00e7\u00e3o no site: <a href=\"http:\/\/veja.abril.com.br\/simulado\">http:\/\/veja.abril.com.br\/simulado<\/a><\/p>\n<p><strong>Importante: <\/strong><strong>o processo de inscri\u00e7\u00e3o \u00e9 composto por duas etapas obrigat\u00f3rias. Para garantir seu lugar no simulado, siga as orienta\u00e7\u00f5es e n\u00e3o deixe de realizar as etapas.<\/strong><\/p>\n","protected":false},"excerpt":{"rendered":"<p>\u00c9 hora de testar seus conhecimentos para o Enem 2011. E de gra\u00e7a! No dia 8 de outubro, VEJA realiza em parceria com o Anglo Vestibulares o primeiro simulado on-line do Enem. A prova reproduzir\u00e1, via internet, as condi\u00e7\u00f5es do exame, como dura\u00e7\u00e3o, n\u00famero de quest\u00f5es e \u00e1reas de abrang\u00eancia (ci\u00eancias humanas, ci\u00eancias da natureza, [&hellip;]<\/p>\n","protected":false},"author":6,"featured_media":0,"comment_status":"open","ping_status":"open","sticky":false,"template":"","format":"standard","meta":[],"categories":[30],"tags":[],"_links":{"self":[{"href":"https:\/\/www.ifbaiano.edu.br\/unidades\/valenca\/wp-json\/wp\/v2\/posts\/742"}],"collection":[{"href":"https:\/\/www.ifbaiano.edu.br\/unidades\/valenca\/wp-json\/wp\/v2\/posts"}],"about":[{"href":"https:\/\/www.ifbaiano.edu.br\/unidades\/valenca\/wp-json\/wp\/v2\/types\/post"}],"author":[{"embeddable":true,"href":"https:\/\/www.ifbaiano.edu.br\/unidades\/valenca\/wp-json\/wp\/v2\/users\/6"}],"replies":[{"embeddable":true,"href":"https:\/\/www.ifbaiano.edu.br\/unidades\/valenca\/wp-json\/wp\/v2\/comments?post=742"}],"version-history":[{"count":2,"href":"https:\/\/www.ifbaiano.edu.br\/unidades\/valenca\/wp-json\/wp\/v2\/posts\/742\/revisions"}],"predecessor-version":[{"id":744,"href":"https:\/\/www.ifbaiano.edu.br\/unidades\/valenca\/wp-json\/wp\/v2\/posts\/742\/revisions\/744"}],"wp:attachment":[{"href":"https:\/\/www.ifbaiano.edu.br\/unidades\/valenca\/wp-json\/wp\/v2\/media?parent=742"}],"wp:term":[{"taxonomy":"category","embeddable":true,"href":"https:\/\/www.ifbaiano.edu.br\/unidades\/valenca\/wp-json\/wp\/v2\/categories?post=742"},{"taxonomy":"post_tag","embeddable":true,"href":"https:\/\/www.ifbaiano.edu.br\/unidades\/valenca\/wp-json\/wp\/v2\/tags?post=742"}],"curies":[{"name":"wp","href":"https:\/\/api.w.org\/{rel}","templated":true}]}}