{"id":7442,"date":"2022-04-26T14:24:32","date_gmt":"2022-04-26T17:24:32","guid":{"rendered":"https:\/\/www.ifbaiano.edu.br\/unidades\/valenca\/?p=7442"},"modified":"2022-11-03T14:47:31","modified_gmt":"2022-11-03T17:47:31","slug":"inscricoes-abertas-para-14a-edicao-do-congreso-mesoamericano-de-investigacion-de-unach-cmiu-2022","status":"publish","type":"post","link":"https:\/\/www.ifbaiano.edu.br\/unidades\/valenca\/2022\/04\/26\/inscricoes-abertas-para-14a-edicao-do-congreso-mesoamericano-de-investigacion-de-unach-cmiu-2022\/","title":{"rendered":"Inscri\u00e7\u00f5es abertas para 14\u00aa. Edi\u00e7\u00e3o do Congreso Mesoamericano de Investigaci\u00f3n de UNACH (CMIU) 2022"},"content":{"rendered":"\n<p><em>O evento acontece entre os dias 05 e 09 de setembro<\/em><\/p>\n\n\n\n<p>Que tal aproveitar a oportunidade de publicar seu trabalho num congresso internacional?<\/p>\n\n\n\n<p>Ent\u00e3o, vamos l\u00e1! O <a href=\"https:\/\/www.ifbaiano.edu.br\/unidades\/valenca\/\">IF Baiano &#8211; Campus Valen\u00e7a<\/a> \u00e9 Coorganizador da 14\u00aa. Edi\u00e7\u00e3o do Congreso Mesoamericano de Investigaci\u00f3n de UNACH (CMIU) 2022, como fruto das a\u00e7\u00f5es em coopera\u00e7\u00e3o t\u00e9cnica internacional com a <a href=\"https:\/\/www.congreso.mesoamericano.unach.mx\/co-organizadores\" data-type=\"URL\">Universidad Aut\u00f3noma de Chiapas (UNACH)<\/a>, no M\u00e9xico. <\/p>\n\n\n\n<figure class=\"wp-block-image size-full is-style-default\"><img decoding=\"async\" loading=\"lazy\" width=\"3297\" height=\"1271\" src=\"https:\/\/www.ifbaiano.edu.br\/unidades\/valenca\/files\/2022\/04\/277222243_502155281350312_1786934013457756623_n.jpg\" alt=\"\" class=\"wp-image-7446\" \/><\/figure>\n\n\n\n<p>O CMIU 2022 est\u00e1 aguardando seu trabalho! Registre sua inscri\u00e7\u00e3o at\u00e9 o dia <s>30 de abril<\/s> 08 de maio de 2022, atrav\u00e9s do formul\u00e1rio online dispon\u00edvel na <a href=\"https:\/\/www.desarrollo.idt.unach.mx\/registroMesoamericano\/2022\/\" data-type=\"URL\" data-id=\"https:\/\/www.desarrollo.idt.unach.mx\/registroMesoamericano\/2022\/\"><strong>p\u00e1gina de inscri\u00e7\u00e3o<\/strong><\/a> do evento.<\/p>\n\n\n\n<p>Antes de enviar seu trabalho \u00e9 importante ler as normas (<a href=\"https:\/\/www.ifbaiano.edu.br\/unidades\/valenca\/files\/2022\/04\/TDR-CMIU-2022.pdf\" data-type=\"URL\" data-id=\"https:\/\/www.ifbaiano.edu.br\/unidades\/valenca\/files\/2022\/04\/TDR-CMIU-2022.pdf\">TDR 2022<\/a>) e preencher os formul\u00e1rios (1. <a href=\"https:\/\/www.ifbaiano.edu.br\/unidades\/valenca\/files\/2022\/04\/Declaratoria-originalidad-2022.docx\">Declaratoria de originalidad<\/a> e 2. <a href=\"https:\/\/www.ifbaiano.edu.br\/unidades\/valenca\/files\/2022\/04\/Plantilla-CMIU-2022.docx\">Plantilla CMIU<\/a>): 1. de originalidade do trabalho e 2. Do modelo de trabalho a ser enviado.<\/p>\n\n\n\n<p>Mais informa\u00e7\u00f5es atrav\u00e9s do e-mail: <a href=\"olimpia.silva@ifbaiano.edu.br\"><em>olimpia.silva@ifbaiano.edu.br<\/em><\/a><\/p>\n\n\n\n<div id=\"ProreitoriaTopoTitulo\">\n\t\t\t\t\tDocumentos\n\t\t\t\t<\/div>\n\n\n\n<div class=\"wp-block-file\"><a href=\"https:\/\/www.ifbaiano.edu.br\/unidades\/valenca\/files\/2022\/04\/TDR-CMIU-2022.pdf\"><a rel=\"noreferrer noopener\" href=\"https:\/\/www.congreso.mesoamericano.unach.mx\/images\/PDF\/TDR-CMIU-2022-.pdf\" target=\"_blank\"><strong>T\u00e9rminos de referencia &#8211; CMIU 2022<\/strong><\/a><\/a><\/div>\n\n\n\n<div class=\"wp-block-file\"><a href=\"https:\/\/www.ifbaiano.edu.br\/unidades\/valenca\/files\/2022\/04\/Declaratoria-originalidad-2022.docx\"><strong>Declaratoria originalidad<\/strong><\/a><\/div>\n\n\n\n<div class=\"wp-block-file\"><a href=\"https:\/\/www.ifbaiano.edu.br\/unidades\/valenca\/files\/2022\/04\/Plantilla-CMIU-2022.docx\"><strong>Plantilla &#8211; CMIU 2022<\/strong><\/a><\/div>\n","protected":false},"excerpt":{"rendered":"<p>O evento acontece entre os dias 05 e 09 de setembro Que tal aproveitar a oportunidade de publicar seu trabalho num congresso internacional? Ent\u00e3o, vamos l\u00e1! O IF Baiano &#8211; Campus Valen\u00e7a \u00e9 Coorganizador da 14\u00aa. Edi\u00e7\u00e3o do Congreso Mesoamericano de Investigaci\u00f3n de UNACH (CMIU) 2022, como fruto das a\u00e7\u00f5es em coopera\u00e7\u00e3o t\u00e9cnica internacional com [&hellip;]<\/p>\n","protected":false},"author":146,"featured_media":7446,"comment_status":"open","ping_status":"open","sticky":false,"template":"","format":"standard","meta":[],"categories":[4,34,36,63],"tags":[71,184,64,183],"_links":{"self":[{"href":"https:\/\/www.ifbaiano.edu.br\/unidades\/valenca\/wp-json\/wp\/v2\/posts\/7442"}],"collection":[{"href":"https:\/\/www.ifbaiano.edu.br\/unidades\/valenca\/wp-json\/wp\/v2\/posts"}],"about":[{"href":"https:\/\/www.ifbaiano.edu.br\/unidades\/valenca\/wp-json\/wp\/v2\/types\/post"}],"author":[{"embeddable":true,"href":"https:\/\/www.ifbaiano.edu.br\/unidades\/valenca\/wp-json\/wp\/v2\/users\/146"}],"replies":[{"embeddable":true,"href":"https:\/\/www.ifbaiano.edu.br\/unidades\/valenca\/wp-json\/wp\/v2\/comments?post=7442"}],"version-history":[{"count":11,"href":"https:\/\/www.ifbaiano.edu.br\/unidades\/valenca\/wp-json\/wp\/v2\/posts\/7442\/revisions"}],"predecessor-version":[{"id":7500,"href":"https:\/\/www.ifbaiano.edu.br\/unidades\/valenca\/wp-json\/wp\/v2\/posts\/7442\/revisions\/7500"}],"wp:featuredmedia":[{"embeddable":true,"href":"https:\/\/www.ifbaiano.edu.br\/unidades\/valenca\/wp-json\/wp\/v2\/media\/7446"}],"wp:attachment":[{"href":"https:\/\/www.ifbaiano.edu.br\/unidades\/valenca\/wp-json\/wp\/v2\/media?parent=7442"}],"wp:term":[{"taxonomy":"category","embeddable":true,"href":"https:\/\/www.ifbaiano.edu.br\/unidades\/valenca\/wp-json\/wp\/v2\/categories?post=7442"},{"taxonomy":"post_tag","embeddable":true,"href":"https:\/\/www.ifbaiano.edu.br\/unidades\/valenca\/wp-json\/wp\/v2\/tags?post=7442"}],"curies":[{"name":"wp","href":"https:\/\/api.w.org\/{rel}","templated":true}]}}