{"id":745,"date":"2011-09-29T13:02:34","date_gmt":"2011-09-29T13:02:34","guid":{"rendered":"http:\/\/www.ifbaiano.edu.br\/unidades\/valenca\/?p=745"},"modified":"2011-09-29T13:07:57","modified_gmt":"2011-09-29T13:07:57","slug":"estudantes-dos-institutos-federais-bahia-e-baiano-do-campus-valenca-estiveram-presentes-na-ultima-aula-show","status":"publish","type":"post","link":"https:\/\/www.ifbaiano.edu.br\/unidades\/valenca\/2011\/09\/29\/estudantes-dos-institutos-federais-bahia-e-baiano-do-campus-valenca-estiveram-presentes-na-ultima-aula-show\/","title":{"rendered":"Estudantes dos Institutos Federais Bahia e Baiano do campus Valen\u00e7a estiveram presentes na \u00faltima aula show"},"content":{"rendered":"<p align=\"JUSTIFY\"><span style=\"color: #444444\"><span><span style=\"font-size: small\">Cerca de 150 estudantes dos IF Baiano e IFBA participaram da \u00faltima aula show promovida pela OCEB-SESCOOP e realizada pela Cooperativa Escola e Gr\u00eamio dos Estudantes do IF-Baiano, campus Valen\u00e7a, <\/span><\/span><\/span><span style=\"color: #444444\"><span><span style=\"font-size: small\">no \u00faltimo s\u00e1bado (24\/09), tendo o componente curricular F\u00edsica , que foi ministrado pelo professor\u00a0 Paulo formado em f\u00edsica pela Universidade Federal da Bahia com especializa\u00e7\u00e3o em astrof\u00edsica, que falou da import\u00e2ncia da metodologia aplicada.<\/span><\/span><\/span><\/p>\n<p align=\"JUSTIFY\"><span style=\"color: #444444\"><span><span style=\"font-size: small\">O evento contou com o total apoio da dire\u00e7\u00e3o geral do Campus, que al\u00e9m de ceder o espa\u00e7o, foi representado pela coordenadora de ensino, a professora Tatiane Santana. <\/span><\/span><\/span><\/p>\n<p align=\"JUSTIFY\"><span style=\"color: #444444\"><span><span style=\"font-size: small\">O presidente da Cooperativa dos Estudantes do Campus- Valen\u00e7a, Henrique, relatou a import\u00e2ncia de estudar atrav\u00e9s de uma metodologia que foge aos padr\u00f5es normais de sala de aula. O l\u00edder estudantil, Matheus Cunha ressaltou a presen\u00e7a dos estudantes das duas institui\u00e7\u00f5es que est\u00e3o vivenciando um novo modelo de uni\u00e3o entre as duas institui\u00e7\u00f5es de ensino. <\/span><\/span><\/span><\/p>\n<p align=\"JUSTIFY\"><span><span style=\"font-size: x-large\"><span style=\"color: #444444\"><span><span style=\"font-size: small\">Na oportunidade os Estudantes dos Institutos Federais Bahia e Baiano do <\/span><\/span><\/span><span style=\"color: #444444\"><span><span style=\"font-size: small\"><em>campus<\/em><\/span><\/span><\/span><span style=\"color: #444444\"><span><span style=\"font-size: small\"> Valen\u00e7a,\u00a0 expuseram um manifesto em apoio \u00e0 Greve deflagrada pelo SINASEFE, bem como colocou em exposi\u00e7\u00e3o a \u00a0pauta de reivindica\u00e7\u00f5es que os Institutos t\u00eam em comum. Al\u00e9m do apoio formal, os estudantes tem realizado atividades em parceria com v\u00e1rias entidades. <\/span><\/span><\/span><\/span><\/span><\/p>\n<p align=\"JUSTIFY\">\u00a0<span><span style=\"font-size: x-large\"><strong><span style=\"color: #444444\"><span><span style=\"font-size: small\">A pr\u00f3xima aula show ser\u00e1 amanh\u00e3, 30\/09, contemplando o componente curricular de Qu\u00edmica. Os representantes estudantis contam com a presen\u00e7a de todos os alunos. <\/span><\/span><\/span><\/strong><\/span><\/span><\/p>\n<p align=\"JUSTIFY\"><a href=\"http:\/\/www.ifbaiano.edu.br\/unidades\/valenca\/files\/2011\/09\/fotos.jpg\"><img decoding=\"async\" loading=\"lazy\" class=\"aligncenter size-medium wp-image-747\" src=\"http:\/\/www.ifbaiano.edu.br\/unidades\/valenca\/files\/2011\/09\/fotos-300x300.jpg\" alt=\"\" width=\"300\" height=\"300\" \/><\/a><\/p>\n","protected":false},"excerpt":{"rendered":"<p>Cerca de 150 estudantes dos IF Baiano e IFBA participaram da \u00faltima aula show promovida pela OCEB-SESCOOP e realizada pela Cooperativa Escola e Gr\u00eamio dos Estudantes do IF-Baiano, campus Valen\u00e7a, no \u00faltimo s\u00e1bado (24\/09), tendo o componente curricular F\u00edsica , que foi ministrado pelo professor\u00a0 Paulo formado em f\u00edsica pela Universidade Federal da Bahia com [&hellip;]<\/p>\n","protected":false},"author":6,"featured_media":0,"comment_status":"open","ping_status":"open","sticky":false,"template":"","format":"standard","meta":[],"categories":[26],"tags":[],"_links":{"self":[{"href":"https:\/\/www.ifbaiano.edu.br\/unidades\/valenca\/wp-json\/wp\/v2\/posts\/745"}],"collection":[{"href":"https:\/\/www.ifbaiano.edu.br\/unidades\/valenca\/wp-json\/wp\/v2\/posts"}],"about":[{"href":"https:\/\/www.ifbaiano.edu.br\/unidades\/valenca\/wp-json\/wp\/v2\/types\/post"}],"author":[{"embeddable":true,"href":"https:\/\/www.ifbaiano.edu.br\/unidades\/valenca\/wp-json\/wp\/v2\/users\/6"}],"replies":[{"embeddable":true,"href":"https:\/\/www.ifbaiano.edu.br\/unidades\/valenca\/wp-json\/wp\/v2\/comments?post=745"}],"version-history":[{"count":3,"href":"https:\/\/www.ifbaiano.edu.br\/unidades\/valenca\/wp-json\/wp\/v2\/posts\/745\/revisions"}],"predecessor-version":[{"id":748,"href":"https:\/\/www.ifbaiano.edu.br\/unidades\/valenca\/wp-json\/wp\/v2\/posts\/745\/revisions\/748"}],"wp:attachment":[{"href":"https:\/\/www.ifbaiano.edu.br\/unidades\/valenca\/wp-json\/wp\/v2\/media?parent=745"}],"wp:term":[{"taxonomy":"category","embeddable":true,"href":"https:\/\/www.ifbaiano.edu.br\/unidades\/valenca\/wp-json\/wp\/v2\/categories?post=745"},{"taxonomy":"post_tag","embeddable":true,"href":"https:\/\/www.ifbaiano.edu.br\/unidades\/valenca\/wp-json\/wp\/v2\/tags?post=745"}],"curies":[{"name":"wp","href":"https:\/\/api.w.org\/{rel}","templated":true}]}}