{"id":7456,"date":"2022-04-27T10:02:07","date_gmt":"2022-04-27T13:02:07","guid":{"rendered":"https:\/\/www.ifbaiano.edu.br\/unidades\/valenca\/?p=7456"},"modified":"2023-04-12T13:24:01","modified_gmt":"2023-04-12T16:24:01","slug":"campus-valenca-oferta-35-vagas-em-curso-de-especializacao-na-area-de-educacao","status":"publish","type":"post","link":"https:\/\/www.ifbaiano.edu.br\/unidades\/valenca\/2022\/04\/27\/campus-valenca-oferta-35-vagas-em-curso-de-especializacao-na-area-de-educacao\/","title":{"rendered":"Campus Valen\u00e7a oferta 35 vagas em curso de especializa\u00e7\u00e3o na \u00e1rea de Educa\u00e7\u00e3o"},"content":{"rendered":"\n<p><em>As inscri\u00e7\u00f5es s\u00e3o gratuitas e estar\u00e3o abertas at\u00e9 <s>30 de maio<\/s> 1\u00ba de julho de 2022<\/em><\/p>\n\n\n\n<p>O curso de P\u00f3s-Gradua\u00e7\u00e3o&nbsp;<em>Lato Sensu<\/em>&nbsp;em Leitura e Produ\u00e7\u00e3o Textual Aplicadas \u00e0 Educa\u00e7\u00e3o de Jovens e Adultos (POSLET), ofertado pelo campus do Instituto Federal Baiano em Valen\u00e7a, acaba de lan\u00e7ar edital de sele\u00e7\u00e3o. O processo seletivo recebe inscri\u00e7\u00f5es no per\u00edodo de 30 de abril at\u00e9 <s>30 de maio<\/s> 1\u00ba de julho.<\/p>\n\n\n\n<div id=\"ProreitoriaTopoTitulo\">\n\t\t\t\t\tCurso e Objetivo\n\t\t\t\t<\/div>\n\n\n\n<p>O curso n\u00e3o cobra taxas de matr\u00edcula ou mensalidades e tem como p\u00fablico-alvo professores, t\u00e9cnicos e gestores graduados que atuam na Educa\u00e7\u00e3o B\u00e1sica e, preferencialmente, que atuem na modalidade de Educa\u00e7\u00e3o de Jovens e Adultos (EJA). A dura\u00e7\u00e3o da especializa\u00e7\u00e3o \u00e9 de 18 meses.<\/p>\n\n\n\n<p>A especializa\u00e7\u00e3o&nbsp;tem como objetivo geral capacitar profissionais para atuar, com efici\u00eancia, na doc\u00eancia na Educa\u00e7\u00e3o B\u00e1sica, notadamente, na modalidade de Educa\u00e7\u00e3o de Jovens e Adultos, mediante postura cr\u00edtico-reflexiva voltada para leitura e produ\u00e7\u00e3o de textos, que permita atender \u00e0s especificidades dos cursos e modalidades.<\/p>\n\n\n\n<div id=\"ProreitoriaTopoTitulo\">\n\t\t\t\t\tInscri\u00e7\u00f5es e Vagas\n\t\t\t\t<\/div>\n\n\n\n<p>As inscri\u00e7\u00f5es s\u00e3o gratuitas, realizadas atrav\u00e9s do envio de documenta\u00e7\u00e3o listada em <a href=\"https:\/\/www.ifbaiano.edu.br\/unidades\/valenca\/files\/2022\/04\/Edital-no-46.pdf\">edital<\/a> para o endere\u00e7o de e-mail&nbsp;<a href=\"mailto:poslet2022@gmail.com\">poslet2022@gmail.com<\/a>. S\u00e3o ofertadas 35 vagas, distribu\u00eddas da seguinte forma: 26 vagas para ampla concorr\u00eancia; 7 vagas reservadas a candidatos negros (pretos ou pardos) e ind\u00edgenas; 2 vagas destinadas a pessoas com defici\u00eancia.<\/p>\n\n\n\n<p>A lista dos candidatos com inscri\u00e7\u00f5es deferidas ser\u00e1 publicada nesta p\u00e1gina e no site <a href=\"https:\/\/concurso.ifbaiano.edu.br\/portal\/pos-leitura-valenca-abril-2022\/\">concurso.ifbaiano.edu.br<\/a>, conforme <a href=\"https:\/\/www.ifbaiano.edu.br\/unidades\/valenca\/files\/2022\/04\/Cronograma.pdf\">cronograma<\/a> do processo seletivo.<\/p>\n\n\n\n<div id=\"ProreitoriaTopoTitulo\">\n\t\t\t\t\tSele\u00e7\u00e3o\n\t\t\t\t<\/div>\n\n\n\n<p>A sele\u00e7\u00e3o ocorrer\u00e1 em duas etapas. A primeira etapa tem car\u00e1ter eliminat\u00f3rio e ser\u00e1 uma avalia\u00e7\u00e3o escrita com quest\u00f5es a partir da bibliografia indicada em edital. A avalia\u00e7\u00e3o ser\u00e1 presencial, no campus Valen\u00e7a, no dia <s>10 de junho<\/s> 8 de julho, \u00e0s 19h. A segunda etapa \u00e9 apenas classificat\u00f3ria e consiste na an\u00e1lise do Curr\u00edculo Lattes dos candidatos, de acordo com o barema detalhado no edital.<\/p>\n\n\n\n<p>Para acompanhar essas e outras sele\u00e7\u00f5es do IF Baiano, acesse a p\u00e1gina&nbsp;<a href=\"https:\/\/ifbaiano.edu.br\/portal\/concursos\/\">Concursos e Sele\u00e7\u00f5es<\/a>&nbsp;no site oficial do IF Baiano.<\/p>\n\n\n\n<div id=\"ProreitoriaTopoTitulo\">\n\t\t\t\t\tEditais e Documentos\n\t\t\t\t<\/div>\n\n\n\n<div class=\"wp-block-file\"><a href=\"https:\/\/www.ifbaiano.edu.br\/unidades\/valenca\/files\/2022\/04\/Retificacao-do-Resultado-Final-do-Edital-no-46-2022.pdf\"><strong>Retifica\u00e7\u00e3o do Resultado Final<\/strong><\/a><\/div>\n\n\n\n<div class=\"wp-block-file\"><a href=\"https:\/\/www.ifbaiano.edu.br\/unidades\/valenca\/files\/2022\/04\/Resultado-Final-Poslet.pdf\"><strong>Resultado Final<\/strong><\/a><\/div>\n\n\n\n<div class=\"wp-block-file\"><a href=\"https:\/\/www.ifbaiano.edu.br\/unidades\/valenca\/files\/2022\/04\/Resultado-da-segunda-etapa-Poslet.pdf\"><strong>Resultado da Segunda Etapa<\/strong><\/a><\/div>\n\n\n\n<div class=\"wp-block-file\"><a href=\"https:\/\/www.ifbaiano.edu.br\/unidades\/valenca\/files\/2022\/04\/Resultado-da-Prova-Escrita-Edital-no-46-POSLET.pdf\"><strong>Resultado da Prova Escrita<\/strong><\/a><\/div>\n\n\n\n<div class=\"wp-block-file\"><a href=\"https:\/\/www.ifbaiano.edu.br\/unidades\/valenca\/files\/2022\/04\/Retificacao-do-Edital-no-46-de-20-de-abril-de-2022-POSLET-1.pdf\"><strong>Retifica\u00e7\u00e3o do Edital n\u00ba 46\/2022<\/strong><\/a><\/div>\n\n\n\n<p><s><a href=\"https:\/\/www.ifbaiano.edu.br\/unidades\/valenca\/files\/2022\/04\/Retificacao-do-Edital-no-46-de-20-de-abril-de-2022-POSLET.pdf\" data-type=\"URL\" data-id=\"https:\/\/www.ifbaiano.edu.br\/unidades\/valenca\/files\/2022\/04\/Retificacao-do-Edital-no-46-de-20-de-abril-de-2022-POSLET.pdf\"><strong>Retifica\u00e7\u00e3o do Edital n\u00ba 46\/2022<\/strong><\/a><\/s><\/p>\n\n\n\n<div class=\"wp-block-file\"><a href=\"https:\/\/www.ifbaiano.edu.br\/unidades\/valenca\/files\/2022\/04\/Processo-Seletivo-Poslet-Inscricoes-Homologadas.pdf\"><strong>Lista de Inscri\u00e7\u00f5es Homologadas<\/strong><\/a><\/div>\n\n\n\n<div class=\"wp-block-file\"><a href=\"https:\/\/www.ifbaiano.edu.br\/unidades\/valenca\/files\/2022\/04\/Retificacao-do-Edital-Poslet.pdf\"><strong>Retifica\u00e7\u00e3o do Edital n\u00ba 46 \u2013 Altera\u00e7\u00e3o do Cronograma<\/strong><\/a><\/div>\n\n\n\n<div class=\"wp-block-file\"><a href=\"https:\/\/www.ifbaiano.edu.br\/unidades\/valenca\/files\/2022\/04\/Edital-no-46.pdf\"><strong>Edital n\u00ba 46\/2022<\/strong><\/a><\/div>\n\n\n\n<div class=\"wp-block-file\"><a href=\"https:\/\/www.ifbaiano.edu.br\/unidades\/valenca\/files\/2022\/04\/Cronograma.pdf\"><strong>Cronograma<\/strong><\/a><\/div>\n\n\n\n<div class=\"wp-block-file\"><a href=\"https:\/\/www.ifbaiano.edu.br\/unidades\/valenca\/files\/2022\/04\/ANEXO-I-Ficha-de-inscricao-1.docx\"><strong>ANEXO I &#8211; Ficha de Inscri\u00e7\u00e3o<\/strong><\/a><\/div>\n\n\n\n<div class=\"wp-block-file\"><a href=\"https:\/\/www.ifbaiano.edu.br\/unidades\/valenca\/files\/2022\/04\/ANEXO-II-Barema.pdf\"><strong>ANEXO II &#8211; Barema de Avalia\u00e7\u00e3o Curricular<\/strong><\/a><\/div>\n\n\n\n<div class=\"wp-block-file\"><a href=\"https:\/\/www.ifbaiano.edu.br\/unidades\/valenca\/files\/2022\/04\/ANEXO-III-Barema-de-Avaliacao-escrita.pdf\"><strong>ANEXO III &#8211; Pontos Contemplados na Prova Discursiva<\/strong><\/a><\/div>\n\n\n\n<div class=\"wp-block-file\"><a href=\"https:\/\/www.ifbaiano.edu.br\/unidades\/valenca\/files\/2022\/04\/ANEXO-IV-Barema.pdf\"><strong>ANEXO IV &#8211; Barema de Avalia\u00e7\u00e3o escrita<\/strong><\/a><\/div>\n\n\n\n<div class=\"wp-block-file\"><a href=\"https:\/\/www.ifbaiano.edu.br\/unidades\/valenca\/files\/2022\/04\/ANEXO-V.docx\"><strong>ANEXO V &#8211; Formul\u00e1rio de Interposi\u00e7\u00e3o de Recurso\/Impugna\u00e7\u00e3o<\/strong><\/a><\/div>\n\n\n\n<div class=\"wp-block-file\"><a href=\"https:\/\/www.ifbaiano.edu.br\/unidades\/valenca\/files\/2022\/04\/ANEXO-VI.pdf\"><strong>ANEXO VI &#8211; Disciplinas<\/strong><\/a><\/div>\n\n\n\n<div class=\"wp-block-file\"><a href=\"https:\/\/www.ifbaiano.edu.br\/unidades\/valenca\/files\/2022\/04\/ANEXO-VII.docx\"><strong>ANEXO VII &#8211; Formul\u00e1rio para Impugna\u00e7\u00e3o do Edital<\/strong><\/a><\/div>\n\n\n\n<div class=\"wp-block-file\"><a href=\"https:\/\/www.ifbaiano.edu.br\/unidades\/valenca\/files\/2022\/04\/ANEXO-VIII-Declaracao-Pessoa-com-Deficiencia.odt\"><strong>ANEXO VIII &#8211; Declara\u00e7\u00e3o Pessoa com Defici\u00eancia<\/strong><\/a><\/div>\n\n\n\n<div class=\"wp-block-file\"><a href=\"https:\/\/www.ifbaiano.edu.br\/unidades\/valenca\/files\/2022\/04\/ANEXO-IX-Autodeclaracao-Etnico-Racial.odt\"><strong>ANEXO IX &#8211; Autodeclara\u00e7\u00e3o \u00c9tnico-Racial<\/strong><\/a><\/div>\n\n\n\n<p><br><br><br><\/p>\n","protected":false},"excerpt":{"rendered":"<p>As inscri\u00e7\u00f5es s\u00e3o gratuitas e estar\u00e3o abertas at\u00e9 30 de maio 1\u00ba de julho de 2022 O curso de P\u00f3s-Gradua\u00e7\u00e3o&nbsp;Lato Sensu&nbsp;em Leitura e Produ\u00e7\u00e3o Textual Aplicadas \u00e0 Educa\u00e7\u00e3o de Jovens e Adultos (POSLET), ofertado pelo campus do Instituto Federal Baiano em Valen\u00e7a, acaba de lan\u00e7ar edital de sele\u00e7\u00e3o. O processo seletivo recebe inscri\u00e7\u00f5es no per\u00edodo [&hellip;]<\/p>\n","protected":false},"author":146,"featured_media":7473,"comment_status":"open","ping_status":"open","sticky":false,"template":"","format":"standard","meta":[],"categories":[60,12,5,35,36,30,9,32,63],"tags":[71,187,64,185,188,186,80,189,190],"_links":{"self":[{"href":"https:\/\/www.ifbaiano.edu.br\/unidades\/valenca\/wp-json\/wp\/v2\/posts\/7456"}],"collection":[{"href":"https:\/\/www.ifbaiano.edu.br\/unidades\/valenca\/wp-json\/wp\/v2\/posts"}],"about":[{"href":"https:\/\/www.ifbaiano.edu.br\/unidades\/valenca\/wp-json\/wp\/v2\/types\/post"}],"author":[{"embeddable":true,"href":"https:\/\/www.ifbaiano.edu.br\/unidades\/valenca\/wp-json\/wp\/v2\/users\/146"}],"replies":[{"embeddable":true,"href":"https:\/\/www.ifbaiano.edu.br\/unidades\/valenca\/wp-json\/wp\/v2\/comments?post=7456"}],"version-history":[{"count":29,"href":"https:\/\/www.ifbaiano.edu.br\/unidades\/valenca\/wp-json\/wp\/v2\/posts\/7456\/revisions"}],"predecessor-version":[{"id":8103,"href":"https:\/\/www.ifbaiano.edu.br\/unidades\/valenca\/wp-json\/wp\/v2\/posts\/7456\/revisions\/8103"}],"wp:featuredmedia":[{"embeddable":true,"href":"https:\/\/www.ifbaiano.edu.br\/unidades\/valenca\/wp-json\/wp\/v2\/media\/7473"}],"wp:attachment":[{"href":"https:\/\/www.ifbaiano.edu.br\/unidades\/valenca\/wp-json\/wp\/v2\/media?parent=7456"}],"wp:term":[{"taxonomy":"category","embeddable":true,"href":"https:\/\/www.ifbaiano.edu.br\/unidades\/valenca\/wp-json\/wp\/v2\/categories?post=7456"},{"taxonomy":"post_tag","embeddable":true,"href":"https:\/\/www.ifbaiano.edu.br\/unidades\/valenca\/wp-json\/wp\/v2\/tags?post=7456"}],"curies":[{"name":"wp","href":"https:\/\/api.w.org\/{rel}","templated":true}]}}