{"id":750,"date":"2011-09-29T18:07:04","date_gmt":"2011-09-29T18:07:04","guid":{"rendered":"http:\/\/www.ifbaiano.edu.br\/unidades\/valenca\/?p=750"},"modified":"2011-09-29T18:07:04","modified_gmt":"2011-09-29T18:07:04","slug":"confira-a-lista-de-inscritos-no-curso-qualidade-no-atendimento","status":"publish","type":"post","link":"https:\/\/www.ifbaiano.edu.br\/unidades\/valenca\/2011\/09\/29\/confira-a-lista-de-inscritos-no-curso-qualidade-no-atendimento\/","title":{"rendered":"Confira a lista de inscritos no Curso Qualidade no Atendimento"},"content":{"rendered":"<p>A lista foi editada ap\u00f3s a prorroga\u00e7\u00e3o do prazo de inscri\u00e7\u00e3o, que finalizou na \u00faltima quinta-feira,22\/09.<\/p>\n<p>Os servidores devem conferir seus dados. Caso haja alguma corre\u00e7\u00e3o ou o servidor n\u00e3o esteja contemplado na lista, dever\u00e1 enviar para um e-mail para: <a href=\"mailto:nucap.dgp@ifbaiano.edu.br\">nucap.dgp@ifbaiano.edu.br<\/a>, <strong>at\u00e9 a pr\u00f3xima ter\u00e7a-feira, 04\/10.<\/strong><\/p>\n","protected":false},"excerpt":{"rendered":"<p>A lista foi editada ap\u00f3s a prorroga\u00e7\u00e3o do prazo de inscri\u00e7\u00e3o, que finalizou na \u00faltima quinta-feira,22\/09. Os servidores devem conferir seus dados. Caso haja alguma corre\u00e7\u00e3o ou o servidor n\u00e3o esteja contemplado na lista, dever\u00e1 enviar para um e-mail para: nucap.dgp@ifbaiano.edu.br, at\u00e9 a pr\u00f3xima ter\u00e7a-feira, 04\/10.<\/p>\n","protected":false},"author":6,"featured_media":0,"comment_status":"open","ping_status":"open","sticky":false,"template":"","format":"standard","meta":[],"categories":[8],"tags":[],"_links":{"self":[{"href":"https:\/\/www.ifbaiano.edu.br\/unidades\/valenca\/wp-json\/wp\/v2\/posts\/750"}],"collection":[{"href":"https:\/\/www.ifbaiano.edu.br\/unidades\/valenca\/wp-json\/wp\/v2\/posts"}],"about":[{"href":"https:\/\/www.ifbaiano.edu.br\/unidades\/valenca\/wp-json\/wp\/v2\/types\/post"}],"author":[{"embeddable":true,"href":"https:\/\/www.ifbaiano.edu.br\/unidades\/valenca\/wp-json\/wp\/v2\/users\/6"}],"replies":[{"embeddable":true,"href":"https:\/\/www.ifbaiano.edu.br\/unidades\/valenca\/wp-json\/wp\/v2\/comments?post=750"}],"version-history":[{"count":3,"href":"https:\/\/www.ifbaiano.edu.br\/unidades\/valenca\/wp-json\/wp\/v2\/posts\/750\/revisions"}],"predecessor-version":[{"id":753,"href":"https:\/\/www.ifbaiano.edu.br\/unidades\/valenca\/wp-json\/wp\/v2\/posts\/750\/revisions\/753"}],"wp:attachment":[{"href":"https:\/\/www.ifbaiano.edu.br\/unidades\/valenca\/wp-json\/wp\/v2\/media?parent=750"}],"wp:term":[{"taxonomy":"category","embeddable":true,"href":"https:\/\/www.ifbaiano.edu.br\/unidades\/valenca\/wp-json\/wp\/v2\/categories?post=750"},{"taxonomy":"post_tag","embeddable":true,"href":"https:\/\/www.ifbaiano.edu.br\/unidades\/valenca\/wp-json\/wp\/v2\/tags?post=750"}],"curies":[{"name":"wp","href":"https:\/\/api.w.org\/{rel}","templated":true}]}}