{"id":7501,"date":"2022-05-02T16:37:12","date_gmt":"2022-05-02T19:37:12","guid":{"rendered":"https:\/\/www.ifbaiano.edu.br\/unidades\/valenca\/?p=7501"},"modified":"2023-04-12T13:23:57","modified_gmt":"2023-04-12T16:23:57","slug":"campus-valenca-oferta-60-vagas-em-cursos-tecnicos-na-forma-subsequente-ao-ensino-medio","status":"publish","type":"post","link":"https:\/\/www.ifbaiano.edu.br\/unidades\/valenca\/2022\/05\/02\/campus-valenca-oferta-60-vagas-em-cursos-tecnicos-na-forma-subsequente-ao-ensino-medio\/","title":{"rendered":"Campus Valen\u00e7a oferta 60 vagas em cursos t\u00e9cnicos, na forma Subsequente ao Ensino M\u00e9dio"},"content":{"rendered":"\n<p><em><em> As inscri\u00e7\u00f5es iniciam no dia 09 de maio<\/em><\/em><\/p>\n\n\n\n<p>O&nbsp;Instituto Federal de Educa\u00e7\u00e3o, Ci\u00eancia e Tecnologia Baiano (IF Baiano) &#8211; Campus Valen\u00e7a abre processo seletivo para o preenchimento de 60 vagas em cursos da Educa\u00e7\u00e3o Profissional T\u00e9cnica de N\u00edvel M\u00e9dio, na forma <strong>SUBSEQUENTE <\/strong>ao Ensino M\u00e9dio &#8211; na modalidade presencial. Lembrando que&nbsp;a forma subsequente \u00e9 para aqueles estudantes que<strong>&nbsp;J\u00c1 CURSARAM o Ensino M\u00e9dio<\/strong> e pretendem cursar apenas a parte t\u00e9cnica&nbsp;aqui, conosco, no IF Baiano<strong>.<\/strong> <br>As inscri\u00e7\u00f5es s\u00e3o gratuitas e podem ser realizadas pela internet. O per\u00edodo de inscri\u00e7\u00e3o vai de 09 de maio at\u00e9 19 de junho.<\/p>\n\n\n\n<p>Os cursos ofertados s\u00e3o de T\u00e9cnico em Agropecu\u00e1ria &#8211; Matutino (35 vagas) e T\u00e9cnico em Meio Ambiente &#8211; Noturno (30 vagas).<\/p>\n\n\n\n<div id=\"ProreitoriaTopoTitulo\">\n\t\t\t\t\tInscri\u00e7\u00e3o\n\t\t\t\t<\/div>\n\n\n\n<p>Para se inscrever no Processo Seletivo, o candidato dever\u00e1 realizar os seguintes passos:<br>I- acessar o sistema on-line de inscri\u00e7\u00f5es do Processo Seletivo, que ser\u00e1 disponibilizado&nbsp;<a href=\"https:\/\/concurso.ifbaiano.edu.br\/portal\/ingresso-subsequente-valenca-abril-2022\/\">no site do IF Baiano<\/a>&nbsp;na data de abertura das inscri\u00e7\u00f5es;<br>II. realizar preenchimento de formul\u00e1rio eletr\u00f4nico; <br>III. informar a escolaridade e tipo(s) de estabelecimento(s) de ensino em que o(a) candidato(a) cursa ou cursou todo o Ensino M\u00e9dio; <br>IV. selecionar o curso para o qual deseja se inscrever como 1\u00aa op\u00e7\u00e3o e um curso diferente para se inscrever como 2\u00aa op\u00e7\u00e3o;<br>V. inserir como anexo no pr\u00f3prio formul\u00e1rio de inscri\u00e7\u00e3o online os arquivos PDF ou JPEG dos seguintes documentos: <br>a) CPF; b) Formul\u00e1rio de Manifesta\u00e7\u00e3o de Interesse \u00e0 vaga (Anexo II)<\/p>\n\n\n\n<hr class=\"wp-block-separator is-style-wide\" \/>\n\n\n\n<div class=\"wp-block-columns is-layout-flex wp-container-4\">\n<div class=\"wp-block-column is-layout-flow\">\n<p class=\"has-text-align-left\">A inscri\u00e7\u00e3o \u00e9 gratuita e dever\u00e1 ser realizada entre os dias <strong>09 de maio e 19 de junho<\/strong>&nbsp;de 2022. <br><\/p>\n\n\n\n<div class=\"wp-block-buttons is-layout-flex\">\n<div class=\"wp-block-button has-custom-width wp-block-button__width-75 has-custom-font-size is-style-fill\" style=\"font-size:22px\"><a class=\"wp-block-button__link has-white-color has-text-color has-background\" style=\"background:linear-gradient(0deg,rgb(255,245,203) 0%,rgb(182,227,212) 50%,rgb(51,167,181) 100%)\">Inscri\u00e7\u00f5es encerradas<\/a><\/div>\n<\/div>\n<\/div>\n\n\n\n<div class=\"wp-block-column is-layout-flow\">\n<figure class=\"wp-block-image size-full is-style-default\"><img decoding=\"async\" loading=\"lazy\" width=\"1080\" height=\"1080\" src=\"https:\/\/www.ifbaiano.edu.br\/unidades\/valenca\/files\/2022\/05\/card-valenca-subsequente.jpg\" alt=\"\" class=\"wp-image-7546\" \/><\/figure>\n<\/div>\n<\/div>\n\n\n\n<p>Candidatos que n\u00e3o tenham acesso \u00e0 internet podem se dirigir ao Campus Valen\u00e7a, em dias \u00fateis definidos no item 1.5 do <a href=\"https:\/\/www.ifbaiano.edu.br\/unidades\/valenca\/files\/2022\/05\/Edital-n\u00b0-09-\u2013-Ingresso-de-Estudantes-2022-na-forma-Subsequente.pdf\">Edital<\/a>, para fazer a inscri\u00e7\u00e3o de forma presencial. Para acesso \u00e0s unidades do IF Baiano, \u00e9 necess\u00e1rio apresentar comprova\u00e7\u00e3o vacinal para covid-19.<\/p>\n\n\n\n<p>O ingresso de estudantes nos cursos da Educa\u00e7\u00e3o Profissional T\u00e9cnica de N\u00edvel M\u00e9dio em 2022 est\u00e1 com novo formato. Os 14&nbsp;<em>campi<\/em>&nbsp;do Instituto Federal Baiano lan\u00e7am seus editais, com cronogramas pr\u00f3prios, para o ingresso em suas localidades. Para acompanhar esse e outros processos seletivos, acesse a p\u00e1gina do&nbsp;<a href=\"https:\/\/concurso.ifbaiano.edu.br\/portal\/ingresso-de-estudantes-2022\/\">Processo de Ingresso de Estudantes de 2022.<\/a> <\/p>\n\n\n\n<p>D\u00favidas sobre o processo dever\u00e3o ser encaminhadas para o e-mail da Comiss\u00e3o Local de Processo Seletivo<br>(PROSEL): <a href=\"mailto:prosel.ingresso@valenca.ifbaiano.edu.br\">prosel.ingresso@valenca.ifbaiano.edu.br<\/a>.<\/p>\n\n\n\n<div id=\"ProreitoriaTopoTitulo\">\n\t\t\t\t\tEditais e Documentos\n\t\t\t\t<\/div>\n\n\n\n<div class=\"wp-block-file\"><a href=\"https:\/\/www.ifbaiano.edu.br\/unidades\/valenca\/files\/2022\/05\/Edital-no-11-de-Matricula-Subsequente-Prosel-2022.pdf\"><strong>Edital n\u00ba 11 &#8211; Matr\u00edcula<\/strong><\/a><\/div>\n\n\n\n<div class=\"wp-block-file\"><a href=\"https:\/\/www.ifbaiano.edu.br\/unidades\/valenca\/files\/2022\/05\/Resultado-Final-Agropecuaria.pdf\"><strong>Resultado Final &#8211; Agropecu\u00e1ria<\/strong><\/a><\/div>\n\n\n\n<div class=\"wp-block-file\"><a href=\"https:\/\/www.ifbaiano.edu.br\/unidades\/valenca\/files\/2022\/05\/Resultado-Final-Meio-Ambiente.pdf\"><strong>Resultado Final &#8211; Meio Ambiente<\/strong><\/a><\/div>\n\n\n\n<div class=\"wp-block-file\"><a href=\"https:\/\/www.ifbaiano.edu.br\/unidades\/valenca\/files\/2022\/05\/Lista-Preliminar-dos-candidatos-homologados-\u2013-Agropecuaria.pdf\"><strong>Lista Preliminar dos candidatos homologados \u2013 Agropecu\u00e1ria<\/strong><\/a><\/div>\n\n\n\n<div class=\"wp-block-file\"><a href=\"https:\/\/www.ifbaiano.edu.br\/unidades\/valenca\/files\/2022\/05\/Lista-Preliminar-dos-Candidatos-Homologados-Meio-Ambiente.pdf\"><strong>Lista Preliminar dos candidatos homologados &#8211; Meio Ambiente<\/strong><\/a><\/div>\n\n\n\n<div class=\"wp-block-file\"><a href=\"https:\/\/www.ifbaiano.edu.br\/unidades\/valenca\/files\/2022\/05\/Cronograma-retificado-Subsequente.pdf\"><strong>Cronograma retificado<\/strong><\/a><\/div>\n\n\n\n<div class=\"wp-block-file\"><a href=\"https:\/\/www.ifbaiano.edu.br\/unidades\/valenca\/files\/2022\/05\/Retificacao-Edital-09-de-02-de-maio-de-2022-Subsequente.pdf\"><strong>Retifica\u00e7\u00e3o do Edital n\u00ba 09<\/strong><\/a><\/div>\n\n\n\n<div class=\"wp-block-file\"><a href=\"https:\/\/www.ifbaiano.edu.br\/unidades\/valenca\/files\/2022\/05\/Anexo-I-Recursos-RETIFICADO.docx\"><strong>Anexo I &#8211; Recursos &#8211; RETIFICADO<\/strong><\/a><\/div>\n\n\n\n<div class=\"wp-block-file\"><a href=\"https:\/\/www.ifbaiano.edu.br\/unidades\/valenca\/files\/2022\/05\/Anexo-II-Formulario-de-Manifestacao-de-Interesse.docx\"><strong>Anexo II &#8211; Formul\u00e1rio de Manifesta\u00e7\u00e3o de Interesse<\/strong><\/a><\/div>\n\n\n\n<div class=\"wp-block-file\"><a href=\"https:\/\/www.ifbaiano.edu.br\/unidades\/valenca\/files\/2022\/05\/Anexo-I-Recursos.docx\"><strong>Anexo I &#8211; Recursos<\/strong><\/a><\/div>\n\n\n\n<div class=\"wp-block-file\"><a href=\"https:\/\/www.ifbaiano.edu.br\/unidades\/valenca\/files\/2022\/05\/Edital-n\u00b0-09-\u2013-Ingresso-de-Estudantes-2022-na-forma-Subsequente.pdf\"><strong>Edital n\u00b0 09<\/strong><\/a><\/div>\n","protected":false},"excerpt":{"rendered":"<p>As inscri\u00e7\u00f5es iniciam no dia 09 de maio O&nbsp;Instituto Federal de Educa\u00e7\u00e3o, Ci\u00eancia e Tecnologia Baiano (IF Baiano) &#8211; Campus Valen\u00e7a abre processo seletivo para o preenchimento de 60 vagas em cursos da Educa\u00e7\u00e3o Profissional T\u00e9cnica de N\u00edvel M\u00e9dio, na forma SUBSEQUENTE ao Ensino M\u00e9dio &#8211; na modalidade presencial. Lembrando que&nbsp;a forma subsequente \u00e9 para [&hellip;]<\/p>\n","protected":false},"author":146,"featured_media":7563,"comment_status":"open","ping_status":"open","sticky":false,"template":"","format":"standard","meta":[],"categories":[60,13,5,35,9,32,63],"tags":[71,118,64,181,80,182],"_links":{"self":[{"href":"https:\/\/www.ifbaiano.edu.br\/unidades\/valenca\/wp-json\/wp\/v2\/posts\/7501"}],"collection":[{"href":"https:\/\/www.ifbaiano.edu.br\/unidades\/valenca\/wp-json\/wp\/v2\/posts"}],"about":[{"href":"https:\/\/www.ifbaiano.edu.br\/unidades\/valenca\/wp-json\/wp\/v2\/types\/post"}],"author":[{"embeddable":true,"href":"https:\/\/www.ifbaiano.edu.br\/unidades\/valenca\/wp-json\/wp\/v2\/users\/146"}],"replies":[{"embeddable":true,"href":"https:\/\/www.ifbaiano.edu.br\/unidades\/valenca\/wp-json\/wp\/v2\/comments?post=7501"}],"version-history":[{"count":29,"href":"https:\/\/www.ifbaiano.edu.br\/unidades\/valenca\/wp-json\/wp\/v2\/posts\/7501\/revisions"}],"predecessor-version":[{"id":7891,"href":"https:\/\/www.ifbaiano.edu.br\/unidades\/valenca\/wp-json\/wp\/v2\/posts\/7501\/revisions\/7891"}],"wp:featuredmedia":[{"embeddable":true,"href":"https:\/\/www.ifbaiano.edu.br\/unidades\/valenca\/wp-json\/wp\/v2\/media\/7563"}],"wp:attachment":[{"href":"https:\/\/www.ifbaiano.edu.br\/unidades\/valenca\/wp-json\/wp\/v2\/media?parent=7501"}],"wp:term":[{"taxonomy":"category","embeddable":true,"href":"https:\/\/www.ifbaiano.edu.br\/unidades\/valenca\/wp-json\/wp\/v2\/categories?post=7501"},{"taxonomy":"post_tag","embeddable":true,"href":"https:\/\/www.ifbaiano.edu.br\/unidades\/valenca\/wp-json\/wp\/v2\/tags?post=7501"}],"curies":[{"name":"wp","href":"https:\/\/api.w.org\/{rel}","templated":true}]}}