{"id":755,"date":"2011-09-30T14:00:24","date_gmt":"2011-09-30T14:00:24","guid":{"rendered":"http:\/\/www.ifbaiano.edu.br\/unidades\/valenca\/?p=755"},"modified":"2011-09-30T14:00:24","modified_gmt":"2011-09-30T14:00:24","slug":"estudantes-do-if-baiano-e-ifba-campus-valenca-protestam-por-educacao-publica-de-qualidade","status":"publish","type":"post","link":"https:\/\/www.ifbaiano.edu.br\/unidades\/valenca\/2011\/09\/30\/estudantes-do-if-baiano-e-ifba-campus-valenca-protestam-por-educacao-publica-de-qualidade\/","title":{"rendered":"Estudantes do IF Baiano e IFBA, Campus Valen\u00e7a, protestam por Educa\u00e7\u00e3o P\u00fablica de qualidade"},"content":{"rendered":"<p align=\"JUSTIFY\">Estudantes dos Institutos Federais campus Valen\u00e7a sa\u00edram \u00e0s ruas da cidade nesta quinta-feira, 29 de setembro, em marcha para defender a educa\u00e7\u00e3o p\u00fablica de qualidade. Os manifestantes carregavam um caix\u00e3o para simbolizar o sepultamento da edu\u00e7\u00e3o p\u00fablica, parando por alguns instantes o tr\u00e2nsito da cidade para chamar a aten\u00e7\u00e3o da comunidade sobre o descaso que vem sendo apresentado no quadro da educa\u00e7\u00e3o p\u00fablica no Brasil.<\/p>\n<p align=\"JUSTIFY\">A manifesta\u00e7\u00e3o foi organizada pelos gr\u00eamios estudantis dos dois institutos e ganhou o apoio de professores e t\u00e9cnicos que est\u00e3o em greve a quase 2 meses.<\/p>\n<p>A m\u00eddia local se fez presente sedendo espa\u00e7o em programas de r\u00e1dio para que os representantes do movimento pudessem prestar esclarecimentos \u00e0 sociedade sobre a mobiliza\u00e7\u00e3o.<\/p>\n<p>De acordo com Mateus Cunha, representante dos estudantes, o momento \u00e9 de uni\u00e3o, por isso os estudantes resolveram apoiar a greve e mostrar a popula\u00e7\u00e3o \u00e0s dificuldades vividas pelos Institutos<\/p>\n","protected":false},"excerpt":{"rendered":"<p>Estudantes dos Institutos Federais campus Valen\u00e7a sa\u00edram \u00e0s ruas da cidade nesta quinta-feira, 29 de setembro, em marcha para defender a educa\u00e7\u00e3o p\u00fablica de qualidade. Os manifestantes carregavam um caix\u00e3o para simbolizar o sepultamento da edu\u00e7\u00e3o p\u00fablica, parando por alguns instantes o tr\u00e2nsito da cidade para chamar a aten\u00e7\u00e3o da comunidade sobre o descaso que [&hellip;]<\/p>\n","protected":false},"author":6,"featured_media":0,"comment_status":"open","ping_status":"open","sticky":false,"template":"","format":"standard","meta":[],"categories":[5],"tags":[],"_links":{"self":[{"href":"https:\/\/www.ifbaiano.edu.br\/unidades\/valenca\/wp-json\/wp\/v2\/posts\/755"}],"collection":[{"href":"https:\/\/www.ifbaiano.edu.br\/unidades\/valenca\/wp-json\/wp\/v2\/posts"}],"about":[{"href":"https:\/\/www.ifbaiano.edu.br\/unidades\/valenca\/wp-json\/wp\/v2\/types\/post"}],"author":[{"embeddable":true,"href":"https:\/\/www.ifbaiano.edu.br\/unidades\/valenca\/wp-json\/wp\/v2\/users\/6"}],"replies":[{"embeddable":true,"href":"https:\/\/www.ifbaiano.edu.br\/unidades\/valenca\/wp-json\/wp\/v2\/comments?post=755"}],"version-history":[{"count":2,"href":"https:\/\/www.ifbaiano.edu.br\/unidades\/valenca\/wp-json\/wp\/v2\/posts\/755\/revisions"}],"predecessor-version":[{"id":762,"href":"https:\/\/www.ifbaiano.edu.br\/unidades\/valenca\/wp-json\/wp\/v2\/posts\/755\/revisions\/762"}],"wp:attachment":[{"href":"https:\/\/www.ifbaiano.edu.br\/unidades\/valenca\/wp-json\/wp\/v2\/media?parent=755"}],"wp:term":[{"taxonomy":"category","embeddable":true,"href":"https:\/\/www.ifbaiano.edu.br\/unidades\/valenca\/wp-json\/wp\/v2\/categories?post=755"},{"taxonomy":"post_tag","embeddable":true,"href":"https:\/\/www.ifbaiano.edu.br\/unidades\/valenca\/wp-json\/wp\/v2\/tags?post=755"}],"curies":[{"name":"wp","href":"https:\/\/api.w.org\/{rel}","templated":true}]}}