{"id":756,"date":"2011-09-30T13:44:16","date_gmt":"2011-09-30T13:44:16","guid":{"rendered":"http:\/\/www.ifbaiano.edu.br\/unidades\/valenca\/?p=756"},"modified":"2011-09-30T13:49:59","modified_gmt":"2011-09-30T13:49:59","slug":"campus-valenca-participara-da-ii-expo-agro-florestal","status":"publish","type":"post","link":"https:\/\/www.ifbaiano.edu.br\/unidades\/valenca\/2011\/09\/30\/campus-valenca-participara-da-ii-expo-agro-florestal\/","title":{"rendered":"Campus Valen\u00e7a participar\u00e1 da II Expo Agro-Florestal"},"content":{"rendered":"<p align=\"JUSTIFY\">O Campus Valen\u00e7a estar\u00e1 com stande representando o Instituto Federal Baiano na II Expo Agro-Florestal que acontecer\u00e1 nos pr\u00f3ximos dias 30 de <strong>setembro<\/strong> e, 1 e 2 de outubro na Praia de Guaibim (Costa do Dend\u00ea). Realizado pela Prefeitura de Valen\u00e7a o evento tem por finalidade a apresenta\u00e7\u00e3o do potencial de Valen\u00e7a e regi\u00e3o e o campus aproveitar\u00e1 a oportunidade para divulgar as a\u00e7\u00f5es do Instituto, refor\u00e7ando o interc\u00e2mbio com a comunidade local.<\/p>\n<p align=\"JUSTIFY\">A feira, que destaca a Ac\u00e1cia mangium, planta que explode como importante op\u00e7\u00e3o de renda para o homem do campo &#8211; com mais de 1,5 milh\u00f5es de \u00e1rvores plantadas em Valen\u00e7a, tem em sua programa\u00e7\u00e3o o II Simp\u00f3sio Baiano Sobre o Cultivo da Ac\u00e1cia Mangium, o II Simp\u00f3sio Baiano sobre o Cultivo do A\u00e7a\u00ed para produ\u00e7\u00e3o de polpa, exposi\u00e7\u00e3o de m\u00e1quinas e equipamentos agr\u00edcolas, cultivo do dend\u00ea para o Biodiesel, realiza\u00e7\u00e3o do concurso Rainha do A\u00e7a\u00ed, feira de animais e plantas, entre outros temas voltados a expans\u00e3o agr\u00edcola que ocorre no munic\u00edpio.<\/p>\n<p align=\"JUSTIFY\">\n","protected":false},"excerpt":{"rendered":"<p>O Campus Valen\u00e7a estar\u00e1 com stande representando o Instituto Federal Baiano na II Expo Agro-Florestal que acontecer\u00e1 nos pr\u00f3ximos dias 30 de setembro e, 1 e 2 de outubro na Praia de Guaibim (Costa do Dend\u00ea). Realizado pela Prefeitura de Valen\u00e7a o evento tem por finalidade a apresenta\u00e7\u00e3o do potencial de Valen\u00e7a e regi\u00e3o e [&hellip;]<\/p>\n","protected":false},"author":6,"featured_media":0,"comment_status":"open","ping_status":"open","sticky":false,"template":"","format":"standard","meta":[],"categories":[28],"tags":[],"_links":{"self":[{"href":"https:\/\/www.ifbaiano.edu.br\/unidades\/valenca\/wp-json\/wp\/v2\/posts\/756"}],"collection":[{"href":"https:\/\/www.ifbaiano.edu.br\/unidades\/valenca\/wp-json\/wp\/v2\/posts"}],"about":[{"href":"https:\/\/www.ifbaiano.edu.br\/unidades\/valenca\/wp-json\/wp\/v2\/types\/post"}],"author":[{"embeddable":true,"href":"https:\/\/www.ifbaiano.edu.br\/unidades\/valenca\/wp-json\/wp\/v2\/users\/6"}],"replies":[{"embeddable":true,"href":"https:\/\/www.ifbaiano.edu.br\/unidades\/valenca\/wp-json\/wp\/v2\/comments?post=756"}],"version-history":[{"count":4,"href":"https:\/\/www.ifbaiano.edu.br\/unidades\/valenca\/wp-json\/wp\/v2\/posts\/756\/revisions"}],"predecessor-version":[{"id":760,"href":"https:\/\/www.ifbaiano.edu.br\/unidades\/valenca\/wp-json\/wp\/v2\/posts\/756\/revisions\/760"}],"wp:attachment":[{"href":"https:\/\/www.ifbaiano.edu.br\/unidades\/valenca\/wp-json\/wp\/v2\/media?parent=756"}],"wp:term":[{"taxonomy":"category","embeddable":true,"href":"https:\/\/www.ifbaiano.edu.br\/unidades\/valenca\/wp-json\/wp\/v2\/categories?post=756"},{"taxonomy":"post_tag","embeddable":true,"href":"https:\/\/www.ifbaiano.edu.br\/unidades\/valenca\/wp-json\/wp\/v2\/tags?post=756"}],"curies":[{"name":"wp","href":"https:\/\/api.w.org\/{rel}","templated":true}]}}