{"id":7582,"date":"2022-05-11T17:06:48","date_gmt":"2022-05-11T20:06:48","guid":{"rendered":"https:\/\/www.ifbaiano.edu.br\/unidades\/valenca\/?p=7582"},"modified":"2022-05-12T11:38:52","modified_gmt":"2022-05-12T14:38:52","slug":"convocacao-para-apresentacao-de-documentos-originais-comprobatorios-cursos-tecnicos-integrados-ingressos-2021","status":"publish","type":"post","link":"https:\/\/www.ifbaiano.edu.br\/unidades\/valenca\/2022\/05\/11\/convocacao-para-apresentacao-de-documentos-originais-comprobatorios-cursos-tecnicos-integrados-ingressos-2021\/","title":{"rendered":"Convoca\u00e7\u00e3o para apresenta\u00e7\u00e3o de documentos originais comprobat\u00f3rios \u2013 Cursos T\u00e9cnicos Integrados \u2013 Ingressos 2021"},"content":{"rendered":"\n<p>O Instituto Federal de Educa\u00e7\u00e3o, Ci\u00eancia e Tecnologia Baiano \u2013 Campus Valen\u00e7a, convoca os (as) candidatos (as) matriculados (as) no processo para ingresso de estudantes em 2021, nos cursos da Educa\u00e7\u00e3o Profissional T\u00e9cnica de N\u00edvel M\u00e9dio, na forma Integrada ao Ensino M\u00e9dio \u2013 na modalidade presencial, para apresenta\u00e7\u00e3o dos documentos originais e c\u00f3pias para confer\u00eancia. Esta convoca\u00e7\u00e3o obedece ao <a href=\"https:\/\/www.ifbaiano.edu.br\/unidades\/valenca\/files\/2022\/05\/Edital-no-94-de-05-de-agosto-de-2021-Edital-de-Matricula-Integrado.pdf\">Edital n\u00ba 94<\/a>, de 05 de agosto de 2021. <\/p>\n\n\n\n<div id=\"ProreitoriaTopoTitulo\">\n\t\t\t\t\tEditais e Documentos\n\t\t\t\t<\/div>\n\n\n\n<div class=\"wp-block-file\"><a href=\"https:\/\/www.ifbaiano.edu.br\/unidades\/valenca\/files\/2022\/05\/Convocacao-para-apresentacao-de-documentos-originais-comprobatorios-Cursos-Integrados-Ingressos-2021.pdf\">Cronograma \u2013 Convoca\u00e7\u00e3o para apresenta\u00e7\u00e3o de documentos<\/a><\/div>\n\n\n\n<p><a href=\"https:\/\/www.ifbaiano.edu.br\/unidades\/valenca\/files\/2022\/05\/Edital-no-94-de-05-de-agosto-de-2021-Edital-de-Matricula-Integrado.pdf\">Edital n\u00ba 94\/2021<\/a><\/p>\n","protected":false},"excerpt":{"rendered":"<p>O Instituto Federal de Educa\u00e7\u00e3o, Ci\u00eancia e Tecnologia Baiano \u2013 Campus Valen\u00e7a, convoca os (as) candidatos (as) matriculados (as) no processo para ingresso de estudantes em 2021, nos cursos da Educa\u00e7\u00e3o Profissional T\u00e9cnica de N\u00edvel M\u00e9dio, na forma Integrada ao Ensino M\u00e9dio \u2013 na modalidade presencial, para apresenta\u00e7\u00e3o dos documentos originais e c\u00f3pias para confer\u00eancia. [&hellip;]<\/p>\n","protected":false},"author":146,"featured_media":0,"comment_status":"open","ping_status":"open","sticky":false,"template":"","format":"standard","meta":[],"categories":[4,36,63],"tags":[71,123,64,81],"_links":{"self":[{"href":"https:\/\/www.ifbaiano.edu.br\/unidades\/valenca\/wp-json\/wp\/v2\/posts\/7582"}],"collection":[{"href":"https:\/\/www.ifbaiano.edu.br\/unidades\/valenca\/wp-json\/wp\/v2\/posts"}],"about":[{"href":"https:\/\/www.ifbaiano.edu.br\/unidades\/valenca\/wp-json\/wp\/v2\/types\/post"}],"author":[{"embeddable":true,"href":"https:\/\/www.ifbaiano.edu.br\/unidades\/valenca\/wp-json\/wp\/v2\/users\/146"}],"replies":[{"embeddable":true,"href":"https:\/\/www.ifbaiano.edu.br\/unidades\/valenca\/wp-json\/wp\/v2\/comments?post=7582"}],"version-history":[{"count":3,"href":"https:\/\/www.ifbaiano.edu.br\/unidades\/valenca\/wp-json\/wp\/v2\/posts\/7582\/revisions"}],"predecessor-version":[{"id":7598,"href":"https:\/\/www.ifbaiano.edu.br\/unidades\/valenca\/wp-json\/wp\/v2\/posts\/7582\/revisions\/7598"}],"wp:attachment":[{"href":"https:\/\/www.ifbaiano.edu.br\/unidades\/valenca\/wp-json\/wp\/v2\/media?parent=7582"}],"wp:term":[{"taxonomy":"category","embeddable":true,"href":"https:\/\/www.ifbaiano.edu.br\/unidades\/valenca\/wp-json\/wp\/v2\/categories?post=7582"},{"taxonomy":"post_tag","embeddable":true,"href":"https:\/\/www.ifbaiano.edu.br\/unidades\/valenca\/wp-json\/wp\/v2\/tags?post=7582"}],"curies":[{"name":"wp","href":"https:\/\/api.w.org\/{rel}","templated":true}]}}