{"id":7587,"date":"2022-05-12T11:36:32","date_gmt":"2022-05-12T14:36:32","guid":{"rendered":"https:\/\/www.ifbaiano.edu.br\/unidades\/valenca\/?p=7587"},"modified":"2022-05-12T14:10:09","modified_gmt":"2022-05-12T17:10:09","slug":"convocacao-para-apresentacao-de-documentos-originais-comprobatorios-curso-superior-ingressos-em-2020-2-e-2021-1","status":"publish","type":"post","link":"https:\/\/www.ifbaiano.edu.br\/unidades\/valenca\/2022\/05\/12\/convocacao-para-apresentacao-de-documentos-originais-comprobatorios-curso-superior-ingressos-em-2020-2-e-2021-1\/","title":{"rendered":"Convoca\u00e7\u00e3o para apresenta\u00e7\u00e3o de documentos originais comprobat\u00f3rios \u2013 Curso Superior \u2013 Ingressos em 2020.2 e 2021.1"},"content":{"rendered":"\n<p>O Instituto Federal de Educa\u00e7\u00e3o, Ci\u00eancia e Tecnologia Baiano &#8211; Campus Valen\u00e7a, convoca os (as) candidatos (as) matriculados (as), no processo para ingresso de estudantes no 2\u00ba semestre de 2020 e 1\u00ba semestre de 2021, no curso de gradua\u00e7\u00e3o em Ci\u00eancias Biol\u00f3gicas. Esta convoca\u00e7\u00e3o obedece aos Editais <a href=\"https:\/\/www.ifbaiano.edu.br\/unidades\/valenca\/files\/2022\/05\/Edital-no-91-de-10-de-julho-de-2020-Chamada-para-Matricula-SiSU-2020.2.pdf\">n\u00ba 91<\/a>, de 10 de julho de 2020 e <a href=\"https:\/\/www.ifbaiano.edu.br\/unidades\/valenca\/files\/2022\/05\/Edital-de-Matricula-Sisu-2021.1.pdf\">n\u00ba 25<\/a>, de 14 de abril de 2021. <\/p>\n\n\n\n<div id=\"ProreitoriaTopoTitulo\">\n\t\t\t\t\tEditais e Documentos\n\t\t\t\t<\/div>\n\n\n\n<p><a href=\"https:\/\/www.ifbaiano.edu.br\/unidades\/valenca\/files\/2022\/05\/Convocacao-para-apresentacao-de-documentos-originais-comprobatorios-Cursos-Superior-Ingressos-em-2020.2-e-2021.1.pdf\">Cronograma \u2013 Convoca\u00e7\u00e3o para apresenta\u00e7\u00e3o de documentos<\/a><\/p>\n\n\n\n<p><a href=\"https:\/\/www.ifbaiano.edu.br\/unidades\/valenca\/files\/2022\/05\/Edital-de-Matricula-Sisu-2021.1.pdf\">Edital n\u00ba 25\/2021<\/a><\/p>\n\n\n\n<p><a href=\"https:\/\/www.ifbaiano.edu.br\/unidades\/valenca\/files\/2022\/05\/Edital-no-91-de-10-de-julho-de-2020-Chamada-para-Matricula-SiSU-2020.2.pdf\">Edital n\u00ba 91\/2020<\/a><\/p>\n","protected":false},"excerpt":{"rendered":"<p>O Instituto Federal de Educa\u00e7\u00e3o, Ci\u00eancia e Tecnologia Baiano &#8211; Campus Valen\u00e7a, convoca os (as) candidatos (as) matriculados (as), no processo para ingresso de estudantes no 2\u00ba semestre de 2020 e 1\u00ba semestre de 2021, no curso de gradua\u00e7\u00e3o em Ci\u00eancias Biol\u00f3gicas. Esta convoca\u00e7\u00e3o obedece aos Editais n\u00ba 91, de 10 de julho de 2020 [&hellip;]<\/p>\n","protected":false},"author":146,"featured_media":0,"comment_status":"open","ping_status":"open","sticky":false,"template":"","format":"standard","meta":[],"categories":[4,12,36,63],"tags":[71,64,81],"_links":{"self":[{"href":"https:\/\/www.ifbaiano.edu.br\/unidades\/valenca\/wp-json\/wp\/v2\/posts\/7587"}],"collection":[{"href":"https:\/\/www.ifbaiano.edu.br\/unidades\/valenca\/wp-json\/wp\/v2\/posts"}],"about":[{"href":"https:\/\/www.ifbaiano.edu.br\/unidades\/valenca\/wp-json\/wp\/v2\/types\/post"}],"author":[{"embeddable":true,"href":"https:\/\/www.ifbaiano.edu.br\/unidades\/valenca\/wp-json\/wp\/v2\/users\/146"}],"replies":[{"embeddable":true,"href":"https:\/\/www.ifbaiano.edu.br\/unidades\/valenca\/wp-json\/wp\/v2\/comments?post=7587"}],"version-history":[{"count":5,"href":"https:\/\/www.ifbaiano.edu.br\/unidades\/valenca\/wp-json\/wp\/v2\/posts\/7587\/revisions"}],"predecessor-version":[{"id":7596,"href":"https:\/\/www.ifbaiano.edu.br\/unidades\/valenca\/wp-json\/wp\/v2\/posts\/7587\/revisions\/7596"}],"wp:attachment":[{"href":"https:\/\/www.ifbaiano.edu.br\/unidades\/valenca\/wp-json\/wp\/v2\/media?parent=7587"}],"wp:term":[{"taxonomy":"category","embeddable":true,"href":"https:\/\/www.ifbaiano.edu.br\/unidades\/valenca\/wp-json\/wp\/v2\/categories?post=7587"},{"taxonomy":"post_tag","embeddable":true,"href":"https:\/\/www.ifbaiano.edu.br\/unidades\/valenca\/wp-json\/wp\/v2\/tags?post=7587"}],"curies":[{"name":"wp","href":"https:\/\/api.w.org\/{rel}","templated":true}]}}