{"id":763,"date":"2011-10-03T07:10:02","date_gmt":"2011-10-03T07:10:02","guid":{"rendered":"http:\/\/www.ifbaiano.edu.br\/unidades\/valenca\/?p=763"},"modified":"2011-10-03T18:04:33","modified_gmt":"2011-10-03T18:04:33","slug":"professor-do-campus-valenca-participa-do-projeto-missao-pedagogica-no-parlamento","status":"publish","type":"post","link":"https:\/\/www.ifbaiano.edu.br\/unidades\/valenca\/2011\/10\/03\/professor-do-campus-valenca-participa-do-projeto-missao-pedagogica-no-parlamento\/","title":{"rendered":"Professor do Campus Valen\u00e7a participa do projeto \u201cMiss\u00e3o pedag\u00f3gica no parlamento\u201d"},"content":{"rendered":"<p>Professor do campus Valen\u00e7a, Fl\u00e1vio Barony, participar\u00e1 entre os dias 03 e 07 de outubro do projeto \u201cMiss\u00e3o pedag\u00f3gica no parlamento\u201d. A atividade \u00e9 promovida pela C\u00e2mara dos Deputados e acontecer\u00e1 em Bras\u00edlia.<\/p>\n<p>Participar\u00e3o do projeto dois professores de cada Estado da Federa\u00e7\u00e3o, que foram selecionados a partir da apresenta\u00e7\u00e3o de um projeto com \u00eanfase em desenvolvimento de atividades pedag\u00f3gicas sobre democracia, cidadania e pol\u00edtica. O professor Fl\u00e1vio Barony foi contemplado com o projeto <strong>\u201cOs percal\u00e7os para a concretiza\u00e7\u00e3o da Lei do Piso Salarial Profissional Nacional do Magist\u00e9rio nos entes Federativos\u201d<\/strong>, <em>com destaque para as implica\u00e7\u00f5es financeiras e pol\u00edticas sobre esta lei aprovada em 2008 e julgada procedente pelo STF em Abril deste ano (Lei n.\u00b011738\/2008)<\/em> \u2013 afirma o prof. Fl\u00e1vio.<\/p>\n<p>Ap\u00f3s esta capacita\u00e7\u00e3o o professor desenvolver\u00e1 um projeto com os estudantes do campus, podendo ou n\u00e3o ser sobre esta tem\u00e1tica, mas com a ess\u00eancia em \u201ccidadania, democracia e pol\u00edtica.\u201d<\/p>\n","protected":false},"excerpt":{"rendered":"<p>Professor do campus Valen\u00e7a, Fl\u00e1vio Barony, participar\u00e1 entre os dias 03 e 07 de outubro do projeto \u201cMiss\u00e3o pedag\u00f3gica no parlamento\u201d. A atividade \u00e9 promovida pela C\u00e2mara dos Deputados e acontecer\u00e1 em Bras\u00edlia. Participar\u00e3o do projeto dois professores de cada Estado da Federa\u00e7\u00e3o, que foram selecionados a partir da apresenta\u00e7\u00e3o de um projeto com \u00eanfase [&hellip;]<\/p>\n","protected":false},"author":6,"featured_media":0,"comment_status":"open","ping_status":"open","sticky":false,"template":"","format":"standard","meta":[],"categories":[26],"tags":[],"_links":{"self":[{"href":"https:\/\/www.ifbaiano.edu.br\/unidades\/valenca\/wp-json\/wp\/v2\/posts\/763"}],"collection":[{"href":"https:\/\/www.ifbaiano.edu.br\/unidades\/valenca\/wp-json\/wp\/v2\/posts"}],"about":[{"href":"https:\/\/www.ifbaiano.edu.br\/unidades\/valenca\/wp-json\/wp\/v2\/types\/post"}],"author":[{"embeddable":true,"href":"https:\/\/www.ifbaiano.edu.br\/unidades\/valenca\/wp-json\/wp\/v2\/users\/6"}],"replies":[{"embeddable":true,"href":"https:\/\/www.ifbaiano.edu.br\/unidades\/valenca\/wp-json\/wp\/v2\/comments?post=763"}],"version-history":[{"count":2,"href":"https:\/\/www.ifbaiano.edu.br\/unidades\/valenca\/wp-json\/wp\/v2\/posts\/763\/revisions"}],"predecessor-version":[{"id":768,"href":"https:\/\/www.ifbaiano.edu.br\/unidades\/valenca\/wp-json\/wp\/v2\/posts\/763\/revisions\/768"}],"wp:attachment":[{"href":"https:\/\/www.ifbaiano.edu.br\/unidades\/valenca\/wp-json\/wp\/v2\/media?parent=763"}],"wp:term":[{"taxonomy":"category","embeddable":true,"href":"https:\/\/www.ifbaiano.edu.br\/unidades\/valenca\/wp-json\/wp\/v2\/categories?post=763"},{"taxonomy":"post_tag","embeddable":true,"href":"https:\/\/www.ifbaiano.edu.br\/unidades\/valenca\/wp-json\/wp\/v2\/tags?post=763"}],"curies":[{"name":"wp","href":"https:\/\/api.w.org\/{rel}","templated":true}]}}