{"id":765,"date":"2011-10-03T02:32:48","date_gmt":"2011-10-03T02:32:48","guid":{"rendered":"http:\/\/www.ifbaiano.edu.br\/unidades\/valenca\/?p=765"},"modified":"2011-10-03T02:32:48","modified_gmt":"2011-10-03T02:32:48","slug":"estudantes-do-campus-valenca-relembraram-questoes-de-quimica-durante-aula-show","status":"publish","type":"post","link":"https:\/\/www.ifbaiano.edu.br\/unidades\/valenca\/2011\/10\/03\/estudantes-do-campus-valenca-relembraram-questoes-de-quimica-durante-aula-show\/","title":{"rendered":"Estudantes do Campus Valen\u00e7a relembraram quest\u00f5es de Qu\u00edmica durante Aula Show"},"content":{"rendered":"<p>Na \u00faltima sexta-feira (30\/09), os estudantes dos IF\u2019s Baiano e Bahia tiveram a oportunidade de relembrarem quest\u00f5es da disciplina de Qu\u00edmica, com o Professor Giovanni Lessa, durante Aula Show organizada pela Cooperativa Escola do <em>Campus<\/em> Valen\u00e7a.<\/p>\n<p>Os alunos mais uma vez ressaltaram a import\u00e2ncia da atividade para seu preparo acad\u00eamico para os processos seletivos que se aproximam, em especial neste per\u00edodo de greve.<\/p>\n","protected":false},"excerpt":{"rendered":"<p>Na \u00faltima sexta-feira (30\/09), os estudantes dos IF\u2019s Baiano e Bahia tiveram a oportunidade de relembrarem quest\u00f5es da disciplina de Qu\u00edmica, com o Professor Giovanni Lessa, durante Aula Show organizada pela Cooperativa Escola do Campus Valen\u00e7a. Os alunos mais uma vez ressaltaram a import\u00e2ncia da atividade para seu preparo acad\u00eamico para os processos seletivos que [&hellip;]<\/p>\n","protected":false},"author":6,"featured_media":0,"comment_status":"open","ping_status":"open","sticky":false,"template":"","format":"standard","meta":[],"categories":[26],"tags":[],"_links":{"self":[{"href":"https:\/\/www.ifbaiano.edu.br\/unidades\/valenca\/wp-json\/wp\/v2\/posts\/765"}],"collection":[{"href":"https:\/\/www.ifbaiano.edu.br\/unidades\/valenca\/wp-json\/wp\/v2\/posts"}],"about":[{"href":"https:\/\/www.ifbaiano.edu.br\/unidades\/valenca\/wp-json\/wp\/v2\/types\/post"}],"author":[{"embeddable":true,"href":"https:\/\/www.ifbaiano.edu.br\/unidades\/valenca\/wp-json\/wp\/v2\/users\/6"}],"replies":[{"embeddable":true,"href":"https:\/\/www.ifbaiano.edu.br\/unidades\/valenca\/wp-json\/wp\/v2\/comments?post=765"}],"version-history":[{"count":1,"href":"https:\/\/www.ifbaiano.edu.br\/unidades\/valenca\/wp-json\/wp\/v2\/posts\/765\/revisions"}],"predecessor-version":[{"id":766,"href":"https:\/\/www.ifbaiano.edu.br\/unidades\/valenca\/wp-json\/wp\/v2\/posts\/765\/revisions\/766"}],"wp:attachment":[{"href":"https:\/\/www.ifbaiano.edu.br\/unidades\/valenca\/wp-json\/wp\/v2\/media?parent=765"}],"wp:term":[{"taxonomy":"category","embeddable":true,"href":"https:\/\/www.ifbaiano.edu.br\/unidades\/valenca\/wp-json\/wp\/v2\/categories?post=765"},{"taxonomy":"post_tag","embeddable":true,"href":"https:\/\/www.ifbaiano.edu.br\/unidades\/valenca\/wp-json\/wp\/v2\/tags?post=765"}],"curies":[{"name":"wp","href":"https:\/\/api.w.org\/{rel}","templated":true}]}}