{"id":7709,"date":"2022-05-18T08:20:18","date_gmt":"2022-05-18T11:20:18","guid":{"rendered":"https:\/\/www.ifbaiano.edu.br\/unidades\/valenca\/?p=7709"},"modified":"2022-05-25T10:01:16","modified_gmt":"2022-05-25T13:01:16","slug":"if-baiano-abre-inscricoes-para-cursos-on-line-de-formacao-continuada","status":"publish","type":"post","link":"https:\/\/www.ifbaiano.edu.br\/unidades\/valenca\/2022\/05\/18\/if-baiano-abre-inscricoes-para-cursos-on-line-de-formacao-continuada\/","title":{"rendered":"IF Baiano abre inscri\u00e7\u00f5es para cursos on-line de forma\u00e7\u00e3o continuada"},"content":{"rendered":"\n<p><em>As inscri\u00e7\u00f5es para participar do processo seletivo simplificado acontecem de 17 a 19 de maio<\/em><\/p>\n\n\n\n<p>A partir de junho, o projeto Trilhas Pedag\u00f3gicas ofertar\u00e1 cursos e oficinas on-line para forma\u00e7\u00e3o continuada de servidores. O projeto \u00e9 fruto de conv\u00eanio celebrado, em mar\u00e7o de 2022, entre o IF Baiano e a Universidade Federal da Bahia (UFBA) e oferece oficinas virtuais de curta dura\u00e7\u00e3o e cursos on-line de 40 horas sobre ambientes virtuais de aprendizagem e suas ferramentas.<\/p>\n\n\n\n<p>As inscri\u00e7\u00f5es para participar dos cursos s\u00e3o realizadas atrav\u00e9s de preenchimento de&nbsp;<a href=\"https:\/\/docs.google.com\/forms\/d\/e\/1FAIpQLSdfNOHweIkkl_ZWiekXKtsPYGLCufQfS8H_uHJ3x_Lau1GsGw\/viewform\">formul\u00e1rio digital<\/a>&nbsp;no per\u00edodo de 17 a 19 de maio. O processo de sele\u00e7\u00e3o simplificado utilizar\u00e1 como crit\u00e9rio a ordem de inscri\u00e7\u00e3o dos candidatos para preencher as vagas.<br><br>O conv\u00eanio tem como objetivos proporcionar aos professores, pedagogos e t\u00e9cnicos em assuntos educacionais do IF Baiano familiaridade com as ferramentas e linguagens dispon\u00edveis na Educa\u00e7\u00e3o On-line. Al\u00e9m de proporcionar diferentes e individualizados percursos de forma\u00e7\u00e3o continuada, por meio de conte\u00fados multim\u00eddias referentes \u00e0 Educa\u00e7\u00e3o On-line.<br><br>A iniciativa atende \u00e0 diretriz do Plano de Desenvolvimento Institucional (PDI) que recomenda o fomento \u00e0 utiliza\u00e7\u00e3o das Tecnologias da Informa\u00e7\u00e3o e Comunica\u00e7\u00e3o (TICs) nas aulas de cursos presenciais, inclusive, viabilizando a flexibiliza\u00e7\u00e3o da oferta de componentes curriculares on-line.<br><br>Oficinas com media\u00e7\u00e3o e vagas limitadas para docentes, pedagogos e t\u00e9cnicos em assuntos educacionais:<br>\u2022 Introdu\u00e7\u00e3o do Moodle<br>\u2022 Question\u00e1rio no Moodle<br>\u2022 Backup, restaura\u00e7\u00e3o e importa\u00e7\u00e3o no Moodle<br>\u2022 Notas no Moodle<br><br>Curso com media\u00e7\u00e3o e vagas limitadas para docentes, pedagogos e t\u00e9cnicos em assuntos educacionais:<br>\u2022 Estruturando Disciplinas no Moodle<\/p>\n\n\n\n<p>Confira o edital e acompanhe as atualiza\u00e7\u00f5es da sele\u00e7\u00e3o&nbsp;<a href=\"https:\/\/concurso.ifbaiano.edu.br\/portal\/formacao-pedagogica-maio-2022\/\">aqui<\/a>.<\/p>\n\n\n\n<hr class=\"wp-block-separator is-style-wide\" \/>\n\n\n\n<p>Mat\u00e9ria ASCOM dispon\u00edvel em: <em>https:\/\/ifbaiano.edu.br\/portal\/blog\/if-baiano-abre-inscricoes-para-cursos-on-line-de-formacao-continuada\/<\/em><\/p>\n","protected":false},"excerpt":{"rendered":"<p>As inscri\u00e7\u00f5es para participar do processo seletivo simplificado acontecem de 17 a 19 de maio A partir de junho, o projeto Trilhas Pedag\u00f3gicas ofertar\u00e1 cursos e oficinas on-line para forma\u00e7\u00e3o continuada de servidores. O projeto \u00e9 fruto de conv\u00eanio celebrado, em mar\u00e7o de 2022, entre o IF Baiano e a Universidade Federal da Bahia (UFBA) [&hellip;]<\/p>\n","protected":false},"author":146,"featured_media":7710,"comment_status":"open","ping_status":"open","sticky":false,"template":"","format":"standard","meta":[],"categories":[60,36,63],"tags":[145,198,199,64,197],"_links":{"self":[{"href":"https:\/\/www.ifbaiano.edu.br\/unidades\/valenca\/wp-json\/wp\/v2\/posts\/7709"}],"collection":[{"href":"https:\/\/www.ifbaiano.edu.br\/unidades\/valenca\/wp-json\/wp\/v2\/posts"}],"about":[{"href":"https:\/\/www.ifbaiano.edu.br\/unidades\/valenca\/wp-json\/wp\/v2\/types\/post"}],"author":[{"embeddable":true,"href":"https:\/\/www.ifbaiano.edu.br\/unidades\/valenca\/wp-json\/wp\/v2\/users\/146"}],"replies":[{"embeddable":true,"href":"https:\/\/www.ifbaiano.edu.br\/unidades\/valenca\/wp-json\/wp\/v2\/comments?post=7709"}],"version-history":[{"count":2,"href":"https:\/\/www.ifbaiano.edu.br\/unidades\/valenca\/wp-json\/wp\/v2\/posts\/7709\/revisions"}],"predecessor-version":[{"id":7731,"href":"https:\/\/www.ifbaiano.edu.br\/unidades\/valenca\/wp-json\/wp\/v2\/posts\/7709\/revisions\/7731"}],"wp:featuredmedia":[{"embeddable":true,"href":"https:\/\/www.ifbaiano.edu.br\/unidades\/valenca\/wp-json\/wp\/v2\/media\/7710"}],"wp:attachment":[{"href":"https:\/\/www.ifbaiano.edu.br\/unidades\/valenca\/wp-json\/wp\/v2\/media?parent=7709"}],"wp:term":[{"taxonomy":"category","embeddable":true,"href":"https:\/\/www.ifbaiano.edu.br\/unidades\/valenca\/wp-json\/wp\/v2\/categories?post=7709"},{"taxonomy":"post_tag","embeddable":true,"href":"https:\/\/www.ifbaiano.edu.br\/unidades\/valenca\/wp-json\/wp\/v2\/tags?post=7709"}],"curies":[{"name":"wp","href":"https:\/\/api.w.org\/{rel}","templated":true}]}}