{"id":771,"date":"2011-10-05T11:58:04","date_gmt":"2011-10-05T11:58:04","guid":{"rendered":"http:\/\/www.ifbaiano.edu.br\/unidades\/valenca\/?p=771"},"modified":"2011-10-05T14:57:13","modified_gmt":"2011-10-05T14:57:13","slug":"biblioteca-do-campus-adquire-novos-titulos","status":"publish","type":"post","link":"https:\/\/www.ifbaiano.edu.br\/unidades\/valenca\/2011\/10\/05\/biblioteca-do-campus-adquire-novos-titulos\/","title":{"rendered":"Biblioteca do campus adquire novos t\u00edtulos"},"content":{"rendered":"<p style=\"text-align: left\" align=\"center\">A biblioteca do campus Valen\u00e7a adquiriu no \u00faltimo m\u00eas mais alguns exemplares para ampliar seu acervo e auxiliar a comunidade escolar em suas pesquisas.<\/p>\n<p>Os livros j\u00e1 est\u00e3o dispon\u00edveis para consulta e empr\u00e9stimo. Confira os t\u00edtulos registrados:<\/p>\n<p>&nbsp;<\/p>\n","protected":false},"excerpt":{"rendered":"<p>A biblioteca do campus Valen\u00e7a adquiriu no \u00faltimo m\u00eas mais alguns exemplares para ampliar seu acervo e auxiliar a comunidade escolar em suas pesquisas. Os livros j\u00e1 est\u00e3o dispon\u00edveis para consulta e empr\u00e9stimo. Confira os t\u00edtulos registrados: &nbsp;<\/p>\n","protected":false},"author":6,"featured_media":0,"comment_status":"closed","ping_status":"closed","sticky":false,"template":"","format":"standard","meta":[],"categories":[31],"tags":[],"_links":{"self":[{"href":"https:\/\/www.ifbaiano.edu.br\/unidades\/valenca\/wp-json\/wp\/v2\/posts\/771"}],"collection":[{"href":"https:\/\/www.ifbaiano.edu.br\/unidades\/valenca\/wp-json\/wp\/v2\/posts"}],"about":[{"href":"https:\/\/www.ifbaiano.edu.br\/unidades\/valenca\/wp-json\/wp\/v2\/types\/post"}],"author":[{"embeddable":true,"href":"https:\/\/www.ifbaiano.edu.br\/unidades\/valenca\/wp-json\/wp\/v2\/users\/6"}],"replies":[{"embeddable":true,"href":"https:\/\/www.ifbaiano.edu.br\/unidades\/valenca\/wp-json\/wp\/v2\/comments?post=771"}],"version-history":[{"count":5,"href":"https:\/\/www.ifbaiano.edu.br\/unidades\/valenca\/wp-json\/wp\/v2\/posts\/771\/revisions"}],"predecessor-version":[{"id":782,"href":"https:\/\/www.ifbaiano.edu.br\/unidades\/valenca\/wp-json\/wp\/v2\/posts\/771\/revisions\/782"}],"wp:attachment":[{"href":"https:\/\/www.ifbaiano.edu.br\/unidades\/valenca\/wp-json\/wp\/v2\/media?parent=771"}],"wp:term":[{"taxonomy":"category","embeddable":true,"href":"https:\/\/www.ifbaiano.edu.br\/unidades\/valenca\/wp-json\/wp\/v2\/categories?post=771"},{"taxonomy":"post_tag","embeddable":true,"href":"https:\/\/www.ifbaiano.edu.br\/unidades\/valenca\/wp-json\/wp\/v2\/tags?post=771"}],"curies":[{"name":"wp","href":"https:\/\/api.w.org\/{rel}","templated":true}]}}