{"id":7735,"date":"2022-05-30T09:41:39","date_gmt":"2022-05-30T12:41:39","guid":{"rendered":"https:\/\/www.ifbaiano.edu.br\/unidades\/valenca\/?p=7735"},"modified":"2022-05-30T11:35:36","modified_gmt":"2022-05-30T14:35:36","slug":"portaria-127-2022-flexibilizacao-da-jornada-de-trabalho-dos-servidores-taes-lotadosas-na-coordenacao-de-assuntos-estudantis-campus-valenca","status":"publish","type":"post","link":"https:\/\/www.ifbaiano.edu.br\/unidades\/valenca\/2022\/05\/30\/portaria-127-2022-flexibilizacao-da-jornada-de-trabalho-dos-servidores-taes-lotadosas-na-coordenacao-de-assuntos-estudantis-campus-valenca\/","title":{"rendered":"Portaria 127\/2022 &#8211; Flexibiliza\u00e7\u00e3o da jornada de trabalho dos Servidores TAEs, lotados(as) na Coordena\u00e7\u00e3o de Assuntos Estudantis, Campus Valen\u00e7a"},"content":{"rendered":"\n<p>Conforme <a href=\"https:\/\/www.ifbaiano.edu.br\/unidades\/valenca\/files\/2022\/05\/Portaria-127-2022-Flexibilizacao-da-jornada-de-trabalho.pdf\">Portaria 127\/2022<\/a>, que concede flexibiliza\u00e7\u00e3o da jornada de trabalho de seis horas di\u00e1rias e trinta horas semanais aos(\u00e0s) servidores(as) T\u00e9cnicos Administrativos em Educa\u00e7\u00e3o do IF Baiano, lotados(as) na Coordena\u00e7\u00e3o de Assuntos Estudantis &#8211; <em>Campus <\/em>Valen\u00e7a, segue abaixo a escala nominal com a rela\u00e7\u00e3o de servidores(as) autorizados(as) a trabalhar em regime de hor\u00e1rio flexibilizado. <\/p>\n\n\n\n<div id=\"ProreitoriaTopoTitulo\">\n\t\t\t\t\tDocumentos\n\t\t\t\t<\/div>\n\n\n\n<div class=\"wp-block-file\"><a href=\"https:\/\/www.ifbaiano.edu.br\/unidades\/valenca\/files\/2022\/05\/Escala-de-Trabalho-30h-CAE.pdf\">Escala de Trabalho 30h &#8211; Coordena\u00e7\u00e3o de Assuntos Estudantis (CAE)<\/a><\/div>\n\n\n\n<div class=\"wp-block-file\"><a href=\"https:\/\/www.ifbaiano.edu.br\/unidades\/valenca\/files\/2022\/05\/Portaria-127-2022-Flexibilizacao-da-jornada-de-trabalho.pdf\">Portaria 127\/2022 &#8211; Flexibiliza\u00e7\u00e3o da jornada de trabalho<\/a><\/div>\n\n\n\n<p><\/p>\n","protected":false},"excerpt":{"rendered":"<p>Conforme Portaria 127\/2022, que concede flexibiliza\u00e7\u00e3o da jornada de trabalho de seis horas di\u00e1rias e trinta horas semanais aos(\u00e0s) servidores(as) T\u00e9cnicos Administrativos em Educa\u00e7\u00e3o do IF Baiano, lotados(as) na Coordena\u00e7\u00e3o de Assuntos Estudantis &#8211; Campus Valen\u00e7a, segue abaixo a escala nominal com a rela\u00e7\u00e3o de servidores(as) autorizados(as) a trabalhar em regime de hor\u00e1rio flexibilizado. Documentos<\/p>\n","protected":false},"author":146,"featured_media":7601,"comment_status":"open","ping_status":"open","sticky":false,"template":"","format":"standard","meta":[],"categories":[47,4,36,63],"tags":[71,202,203,64],"_links":{"self":[{"href":"https:\/\/www.ifbaiano.edu.br\/unidades\/valenca\/wp-json\/wp\/v2\/posts\/7735"}],"collection":[{"href":"https:\/\/www.ifbaiano.edu.br\/unidades\/valenca\/wp-json\/wp\/v2\/posts"}],"about":[{"href":"https:\/\/www.ifbaiano.edu.br\/unidades\/valenca\/wp-json\/wp\/v2\/types\/post"}],"author":[{"embeddable":true,"href":"https:\/\/www.ifbaiano.edu.br\/unidades\/valenca\/wp-json\/wp\/v2\/users\/146"}],"replies":[{"embeddable":true,"href":"https:\/\/www.ifbaiano.edu.br\/unidades\/valenca\/wp-json\/wp\/v2\/comments?post=7735"}],"version-history":[{"count":4,"href":"https:\/\/www.ifbaiano.edu.br\/unidades\/valenca\/wp-json\/wp\/v2\/posts\/7735\/revisions"}],"predecessor-version":[{"id":7741,"href":"https:\/\/www.ifbaiano.edu.br\/unidades\/valenca\/wp-json\/wp\/v2\/posts\/7735\/revisions\/7741"}],"wp:featuredmedia":[{"embeddable":true,"href":"https:\/\/www.ifbaiano.edu.br\/unidades\/valenca\/wp-json\/wp\/v2\/media\/7601"}],"wp:attachment":[{"href":"https:\/\/www.ifbaiano.edu.br\/unidades\/valenca\/wp-json\/wp\/v2\/media?parent=7735"}],"wp:term":[{"taxonomy":"category","embeddable":true,"href":"https:\/\/www.ifbaiano.edu.br\/unidades\/valenca\/wp-json\/wp\/v2\/categories?post=7735"},{"taxonomy":"post_tag","embeddable":true,"href":"https:\/\/www.ifbaiano.edu.br\/unidades\/valenca\/wp-json\/wp\/v2\/tags?post=7735"}],"curies":[{"name":"wp","href":"https:\/\/api.w.org\/{rel}","templated":true}]}}