{"id":7743,"date":"2022-05-30T11:34:35","date_gmt":"2022-05-30T14:34:35","guid":{"rendered":"https:\/\/www.ifbaiano.edu.br\/unidades\/valenca\/?p=7743"},"modified":"2022-05-30T11:34:44","modified_gmt":"2022-05-30T14:34:44","slug":"o-if-baiano-campus-valenca-lanca-o-movimento-if-pela-diferenca-com-aula-publica-para-a-comunidade","status":"publish","type":"post","link":"https:\/\/www.ifbaiano.edu.br\/unidades\/valenca\/2022\/05\/30\/o-if-baiano-campus-valenca-lanca-o-movimento-if-pela-diferenca-com-aula-publica-para-a-comunidade\/","title":{"rendered":"O IF Baiano campus Valen\u00e7a lan\u00e7a o &#8220;Movimento IF pela Diferen\u00e7a&#8221; com aula p\u00fablica para a comunidade"},"content":{"rendered":"\n<p>A Dire\u00e7\u00e3o Acad\u00eamica, a Coordena\u00e7\u00e3o de Assuntos Estudantis (CAE), o Gr\u00eamio Estudantil e o N\u00facleo de Estudos Afro-brasileiros e Ind\u00edgenas (Neabi) organizaram uma a\u00e7\u00e3o de conscientiza\u00e7\u00e3o no campus, em combate a todas as formas de opress\u00e3o. O evento contou com o apoio do N\u00facleo de Estudos em G\u00eanero e Sexualidade (Geni), das coordena\u00e7\u00f5es de curso e dos docentes, na mobiliza\u00e7\u00e3o dos estudantes para o lan\u00e7amento do <em>&#8220;Movimento IF pela Diferen\u00e7a&#8221;<\/em>. O primeiro epis\u00f3dio, que ocorreu no dia 23 de maio de 2022, discutiu o antirracismo.<\/p>\n\n\n\n<figure class=\"wp-block-image size-full is-style-default\"><img decoding=\"async\" loading=\"lazy\" width=\"1640\" height=\"924\" src=\"https:\/\/www.ifbaiano.edu.br\/unidades\/valenca\/files\/2022\/05\/Card-Movimento-IF-pela-Diferenca.png\" alt=\"\" class=\"wp-image-7746\" \/><\/figure>\n\n\n\n<p>O evento teve in\u00edcio \u00e0s 14 horas, na \u00e1rea externa pr\u00f3xima \u00e0 cantina, ao som de uma sele\u00e7\u00e3o de m\u00fasicas de artistas negros. A aula p\u00fablica foi conduzida pela coordenadora do Neabi, Scyla Pimenta, que enfatizou a import\u00e2ncia do respeito \u00e0s diferen\u00e7as e de uma educa\u00e7\u00e3o antirracista. A coordenadora da CAE, Cec\u00edlia Nunes, tirou as d\u00favidas dos alunos sobre o regulamento estudantil e deixou claro que o racismo \u00e9 crime e todo ato racista na institui\u00e7\u00e3o por parte de alunos precisa passar por um comit\u00ea disciplinar, o qual deve julgar e tomar as medidas necess\u00e1rias para coibir tais atitudes no campus. A Diretora Acad\u00eamica, Dislene Cardoso, declarou que o IF Baiano cumpre o seu papel enquanto institui\u00e7\u00e3o de ensino que respeita as diferen\u00e7as e promove uma educa\u00e7\u00e3o inclusiva, e que seu dever \u00e9 garantir um espa\u00e7o seguro e inclusivo para toda a comunidade.<\/p>\n\n\n\n<p>A programa\u00e7\u00e3o contou ainda com recital de poesias, com a participa\u00e7\u00e3o de alunos, docentes e de representantes do gr\u00eamio. A proposta \u00e9 que <em>O Movimento IF pela diferen\u00e7a<\/em> seja uma campanha permanente no <em>campus<\/em>, a qual servir\u00e1 como um rico processo formativo que ultrapassa os limites da sala de aula.<\/p>\n","protected":false},"excerpt":{"rendered":"<p>A Dire\u00e7\u00e3o Acad\u00eamica, a Coordena\u00e7\u00e3o de Assuntos Estudantis (CAE), o Gr\u00eamio Estudantil e o N\u00facleo de Estudos Afro-brasileiros e Ind\u00edgenas (Neabi) organizaram uma a\u00e7\u00e3o de conscientiza\u00e7\u00e3o no campus, em combate a todas as formas de opress\u00e3o. O evento contou com o apoio do N\u00facleo de Estudos em G\u00eanero e Sexualidade (Geni), das coordena\u00e7\u00f5es de curso [&hellip;]<\/p>\n","protected":false},"author":146,"featured_media":7746,"comment_status":"open","ping_status":"open","sticky":false,"template":"","format":"standard","meta":[],"categories":[6,36,63],"tags":[204,71,64],"_links":{"self":[{"href":"https:\/\/www.ifbaiano.edu.br\/unidades\/valenca\/wp-json\/wp\/v2\/posts\/7743"}],"collection":[{"href":"https:\/\/www.ifbaiano.edu.br\/unidades\/valenca\/wp-json\/wp\/v2\/posts"}],"about":[{"href":"https:\/\/www.ifbaiano.edu.br\/unidades\/valenca\/wp-json\/wp\/v2\/types\/post"}],"author":[{"embeddable":true,"href":"https:\/\/www.ifbaiano.edu.br\/unidades\/valenca\/wp-json\/wp\/v2\/users\/146"}],"replies":[{"embeddable":true,"href":"https:\/\/www.ifbaiano.edu.br\/unidades\/valenca\/wp-json\/wp\/v2\/comments?post=7743"}],"version-history":[{"count":2,"href":"https:\/\/www.ifbaiano.edu.br\/unidades\/valenca\/wp-json\/wp\/v2\/posts\/7743\/revisions"}],"predecessor-version":[{"id":7747,"href":"https:\/\/www.ifbaiano.edu.br\/unidades\/valenca\/wp-json\/wp\/v2\/posts\/7743\/revisions\/7747"}],"wp:featuredmedia":[{"embeddable":true,"href":"https:\/\/www.ifbaiano.edu.br\/unidades\/valenca\/wp-json\/wp\/v2\/media\/7746"}],"wp:attachment":[{"href":"https:\/\/www.ifbaiano.edu.br\/unidades\/valenca\/wp-json\/wp\/v2\/media?parent=7743"}],"wp:term":[{"taxonomy":"category","embeddable":true,"href":"https:\/\/www.ifbaiano.edu.br\/unidades\/valenca\/wp-json\/wp\/v2\/categories?post=7743"},{"taxonomy":"post_tag","embeddable":true,"href":"https:\/\/www.ifbaiano.edu.br\/unidades\/valenca\/wp-json\/wp\/v2\/tags?post=7743"}],"curies":[{"name":"wp","href":"https:\/\/api.w.org\/{rel}","templated":true}]}}