{"id":7778,"date":"2022-06-02T10:31:36","date_gmt":"2022-06-02T13:31:36","guid":{"rendered":"https:\/\/www.ifbaiano.edu.br\/unidades\/valenca\/?p=7778"},"modified":"2022-07-19T16:53:35","modified_gmt":"2022-07-19T19:53:35","slug":"campus-valenca-oferta-8-vagas-remanescentes-em-curso-de-graduacao","status":"publish","type":"post","link":"https:\/\/www.ifbaiano.edu.br\/unidades\/valenca\/2022\/06\/02\/campus-valenca-oferta-8-vagas-remanescentes-em-curso-de-graduacao\/","title":{"rendered":"Campus Valen\u00e7a oferta 8 vagas remanescentes em curso de gradua\u00e7\u00e3o"},"content":{"rendered":"\n<p><em>Para se candidatar \u00e0s vagas, \u00e9 preciso ter conclu\u00eddo o ensino m\u00e9dio at\u00e9 a data da matr\u00edcula e ter realizado alguma Edi\u00e7\u00e3o do Enem de 2012 at\u00e9 2021<\/em><\/p>\n\n\n\n<p>O&nbsp;<em>campus<\/em>&nbsp;Valen\u00e7a lan\u00e7ou&nbsp;<strong><a href=\"https:\/\/www.ifbaiano.edu.br\/unidades\/valenca\/files\/2022\/06\/Edital-no-88-de-30-de-maio-2022-Vagas-remanescentes-em-curso-de-graduacao.pdf\">edital<\/a><\/strong> para preenchimento de vagas remanescentes das chamadas do processo seletivo SiSU 2022.1. A oportunidade \u00e9 para o curso de Ci\u00eancias Biol\u00f3gicas (8 vagas). As inscri\u00e7\u00f5es s\u00e3o gratuitas e realizadas mediante envio da documentac\u0327a\u0303o do item 3.3 digitalizada (preferencialmente em pdf) para o enderec\u0327o de e-mail  <a href=\"mailto:prosel.sisu@valenca.ifbaiano.edu.br\">prosel.sisu@valenca.ifbaiano.edu.br<\/a>, entre os dias 03 e 10 de junho.<\/p>\n\n\n\n<p>Para concorrer \u00e0s vagas \u00e9 preciso ter conclu\u00eddo o ensino m\u00e9dio at\u00e9 a data da matr\u00edcula e prestado, no m\u00ednimo, uma das Edic\u0327\u00f5es do Exame Nacional do Ensino M\u00e9dio (Enem). Na sele\u00e7\u00e3o, o IF Baiano utilizar\u00e1 as notas das edi\u00e7\u00f5es de 2012 at\u00e9 2021 (\u00faltima edi\u00e7\u00e3o do Enem), a partir da apresenta\u00e7\u00e3o do Boletim dos candidatos. A m\u00e9dia final, para efeitos de classifica\u00e7\u00e3o neste processo seletivo, ser\u00e1 resultante da m\u00e9dia aritm\u00e9tica das notas do Enem das \u00e1reas de Linguagens, C\u00f3digos e suas Tecnologias; Reda\u00e7\u00e3o; e Matem\u00e1tica e suas Tecnologias, a partir do boletim enviado no ato da inscri\u00e7\u00e3o.<\/p>\n\n\n\n<p>O candidato deve ler atentamente o edital para verificar a documenta\u00e7\u00e3o necess\u00e1ria para a inscri\u00e7\u00e3o e para a matr\u00edcula.<strong>&nbsp;<\/strong>A publica\u00e7\u00e3o preliminar do resultado est\u00e1 prevista para 21 de junho e a matr\u00edcula ser\u00e1 de 27 de junho a 05 de julho.&nbsp;<\/p>\n\n\n\n<p>Para acompanhar todas as etapas da sele\u00e7\u00e3o, basta visitar a p\u00e1gina&nbsp;<strong><a href=\"https:\/\/concurso.ifbaiano.edu.br\/portal\/vagas-graduacao-valenca-maio-2022\/\">Concursos e Sele\u00e7\u00f5es<\/a><\/strong>, no site do IF Baiano.<\/p>\n\n\n\n<div id=\"ProreitoriaTopoTitulo\">\n\t\t\t\t\tEditais e Documentos\n\t\t\t\t<\/div>\n\n\n\n<div class=\"wp-block-file\"><a href=\"https:\/\/www.ifbaiano.edu.br\/unidades\/valenca\/files\/2022\/06\/Convocacao-de-Candidatosas-da-Lista-de-Espera-Ciencias-Biologicas.pdf\">Convoca\u00e7\u00e3o de Candidatos(as) da Lista de Espera<\/a><\/div>\n\n\n\n<div class=\"wp-block-file\"><a href=\"https:\/\/www.ifbaiano.edu.br\/unidades\/valenca\/files\/2022\/06\/Retificacao-Edital-no-88-Ciencias-Biologicas.pdf\">Edital n\u00ba 88 &#8211; Retifica\u00e7\u00e3o <\/a><\/div>\n\n\n\n<div class=\"wp-block-file\"><a href=\"https:\/\/www.ifbaiano.edu.br\/unidades\/valenca\/files\/2022\/06\/Resultado-Final-Ciencias-Biologicas.pdf\">Resultado Final<\/a><\/div>\n\n\n\n<div class=\"wp-block-file\"><a href=\"https:\/\/www.ifbaiano.edu.br\/unidades\/valenca\/files\/2022\/06\/Nota-Informativa.pdf\">Nota Informativa<\/a><\/div>\n\n\n\n<div class=\"wp-block-file\"><a href=\"https:\/\/www.ifbaiano.edu.br\/unidades\/valenca\/files\/2022\/06\/Resultado-Preliminar-Ciencias-Biologicas-1.pdf\">Resultado Preliminar<\/a><\/div>\n\n\n\n<div class=\"wp-block-file\"><a href=\"https:\/\/www.ifbaiano.edu.br\/unidades\/valenca\/files\/2022\/06\/Resultado-da-Analise-de-Recursos-Ciencias-Biologicas.pdf\">Resultado da an\u00e1lise de recursos<\/a><\/div>\n\n\n\n<div class=\"wp-block-file\"><a href=\"https:\/\/www.ifbaiano.edu.br\/unidades\/valenca\/files\/2022\/06\/Lista-preliminar-de-inscricoes-homologadas.pdf\">Lista preliminar de inscri\u00e7\u00f5es homologadas<\/a><\/div>\n\n\n\n<div class=\"wp-block-file\"><a href=\"https:\/\/www.ifbaiano.edu.br\/unidades\/valenca\/files\/2022\/06\/Edital-no-88-de-30-de-maio-2022-Vagas-remanescentes-em-curso-de-graduacao.pdf\">Edital n\u00ba 88<\/a><\/div>\n\n\n\n<div class=\"wp-block-file\"><a href=\"https:\/\/www.ifbaiano.edu.br\/unidades\/valenca\/files\/2022\/06\/ANEXO-I-Quadro-de-vagas-remanescentes.pdf\">ANEXO I &#8211; Quadro de vagas remanescentes<\/a><\/div>\n\n\n\n<div class=\"wp-block-file\"><a href=\"https:\/\/www.ifbaiano.edu.br\/unidades\/valenca\/files\/2022\/06\/ANEXO-II-Ficha-de-inscricao-1.pdf\">ANEXO II &#8211; Ficha de inscri\u00e7\u00e3o<\/a><\/div>\n\n\n\n<div class=\"wp-block-file\"><a href=\"https:\/\/www.ifbaiano.edu.br\/unidades\/valenca\/files\/2022\/06\/ANEXO-III-Interposicao-de-recurso.pdf\">ANEXO III &#8211; Interposi\u00e7\u00e3o de recurso<\/a><\/div>\n\n\n\n<div class=\"wp-block-file\"><a href=\"https:\/\/www.ifbaiano.edu.br\/unidades\/valenca\/files\/2022\/06\/ANEXO-IV-Declaracao.pdf\">ANEXO IV &#8211; Declara\u00e7\u00e3o<\/a><\/div>\n","protected":false},"excerpt":{"rendered":"<p>Para se candidatar \u00e0s vagas, \u00e9 preciso ter conclu\u00eddo o ensino m\u00e9dio at\u00e9 a data da matr\u00edcula e ter realizado alguma Edi\u00e7\u00e3o do Enem de 2012 at\u00e9 2021 O&nbsp;campus&nbsp;Valen\u00e7a lan\u00e7ou&nbsp;edital para preenchimento de vagas remanescentes das chamadas do processo seletivo SiSU 2022.1. A oportunidade \u00e9 para o curso de Ci\u00eancias Biol\u00f3gicas (8 vagas). As inscri\u00e7\u00f5es [&hellip;]<\/p>\n","protected":false},"author":146,"featured_media":7601,"comment_status":"open","ping_status":"open","sticky":false,"template":"","format":"standard","meta":[],"categories":[60,12,35,48,61,30,9,32,63],"tags":[138,71,64,80,154,155],"_links":{"self":[{"href":"https:\/\/www.ifbaiano.edu.br\/unidades\/valenca\/wp-json\/wp\/v2\/posts\/7778"}],"collection":[{"href":"https:\/\/www.ifbaiano.edu.br\/unidades\/valenca\/wp-json\/wp\/v2\/posts"}],"about":[{"href":"https:\/\/www.ifbaiano.edu.br\/unidades\/valenca\/wp-json\/wp\/v2\/types\/post"}],"author":[{"embeddable":true,"href":"https:\/\/www.ifbaiano.edu.br\/unidades\/valenca\/wp-json\/wp\/v2\/users\/146"}],"replies":[{"embeddable":true,"href":"https:\/\/www.ifbaiano.edu.br\/unidades\/valenca\/wp-json\/wp\/v2\/comments?post=7778"}],"version-history":[{"count":16,"href":"https:\/\/www.ifbaiano.edu.br\/unidades\/valenca\/wp-json\/wp\/v2\/posts\/7778\/revisions"}],"predecessor-version":[{"id":7961,"href":"https:\/\/www.ifbaiano.edu.br\/unidades\/valenca\/wp-json\/wp\/v2\/posts\/7778\/revisions\/7961"}],"wp:featuredmedia":[{"embeddable":true,"href":"https:\/\/www.ifbaiano.edu.br\/unidades\/valenca\/wp-json\/wp\/v2\/media\/7601"}],"wp:attachment":[{"href":"https:\/\/www.ifbaiano.edu.br\/unidades\/valenca\/wp-json\/wp\/v2\/media?parent=7778"}],"wp:term":[{"taxonomy":"category","embeddable":true,"href":"https:\/\/www.ifbaiano.edu.br\/unidades\/valenca\/wp-json\/wp\/v2\/categories?post=7778"},{"taxonomy":"post_tag","embeddable":true,"href":"https:\/\/www.ifbaiano.edu.br\/unidades\/valenca\/wp-json\/wp\/v2\/tags?post=7778"}],"curies":[{"name":"wp","href":"https:\/\/api.w.org\/{rel}","templated":true}]}}