{"id":778,"date":"2011-10-05T14:55:24","date_gmt":"2011-10-05T14:55:24","guid":{"rendered":"http:\/\/www.ifbaiano.edu.br\/unidades\/valenca\/?p=778"},"modified":"2011-10-06T14:10:29","modified_gmt":"2011-10-06T14:10:29","slug":"campus-valenca-esta-mobilizado-para-a-implantacao-do-projeto-mulheres-mil","status":"publish","type":"post","link":"https:\/\/www.ifbaiano.edu.br\/unidades\/valenca\/2011\/10\/05\/campus-valenca-esta-mobilizado-para-a-implantacao-do-projeto-mulheres-mil\/","title":{"rendered":"Campus Valen\u00e7a est\u00e1 mobilizado para a implanta\u00e7\u00e3o do Projeto Mulheres Mil"},"content":{"rendered":"<p>O <em>Campus<\/em> Valen\u00e7a aceitou o desafio de participar do <strong>Projeto Mulheres Mil<\/strong> e j\u00e1 est\u00e1 promovendo a\u00e7\u00f5es que viabilizam o diagn\u00f3stico na comunidade local das mulheres em situa\u00e7\u00e3o de vulnerabilidade socioecon\u00f4mica que podem e querem participar do programa. A meta \u00e9 garantir o acesso \u00e0 educa\u00e7\u00e3o profissional, de acordo com as necessidades educacionais de cada comunidade e a voca\u00e7\u00e3o econ\u00f4mica da regi\u00e3o do Baixo Sul da Bahia, para que essas mulheres consigam melhorar a qualidade de suas vidas e de suas comunidades. Para tanto, a equipe respons\u00e1vel pela estrutura\u00e7\u00e3o do projeto dentro do <em>campus<\/em> j\u00e1 esteve em contato direto com l\u00edderes de bairro, cooperativas de associa\u00e7\u00f5es da comunidade local.<\/p>\n<p>A previs\u00e3o para o per\u00edodo de inscri\u00e7\u00f5es \u00e9 para a primeira quinzena do m\u00eas de novembro e o in\u00edcio das atividades com as alunas est\u00e1 programado para o m\u00eas de dezembro ainda deste ano.<\/p>\n<p>O Projeto Mulheres Mil est\u00e1 inserido no conjunto de prioridades das pol\u00edticas p\u00fablicas do Governo do Brasil, especialmente nos eixos da educa\u00e7\u00e3o, cidadania e desenvolvimento sustent\u00e1vel. Ainda comp\u00f5e o conjunto de prioridades, a promo\u00e7\u00e3o da eq\u00fcidade de g\u00eanero, combate \u00e0 viol\u00eancia contra mulher e acesso \u00e0 educa\u00e7\u00e3o.\u00a0 Entre as metas estabelecidas est\u00e3o \u00e0 erradica\u00e7\u00e3o da extrema pobreza e da fome, igualdade entre os sexos e autonomia das mulheres e garantia da sustentabilidade ambiental.<\/p>\n<p>Executado em sistema de coopera\u00e7\u00e3o entre os governos brasileiro e canadense, no Brasil, o Projeto \u00e9 implementado pela Secretaria de Educa\u00e7\u00e3o Profissional e Tecnol\u00f3gica do Minist\u00e9rio da Educa\u00e7\u00e3o (Setec\/MEC), Assessoria Internacional do Gabinete do Ministro (AI\/GM), Ag\u00eancia Brasileira de Coopera\u00e7\u00e3o (ABC), os Centros Federais de Educa\u00e7\u00e3o Profissional e Tecnol\u00f3gica (Cefets), Escola T\u00e9cnica Federal, Rede Norte Nordeste de Educa\u00e7\u00e3o Tecnol\u00f3gica (Redenet) e o Conselho de Dirigentes dos Centros Federais de Educa\u00e7\u00e3o Profissional e Tecnol\u00f3gica (Concefet). O governo canadense \u00e9 representado pela Ag\u00eancia Canadense para o Desenvolvimento Internacional (CIDA\/ACDI) e a Associa\u00e7\u00e3o do Colleges Comunit\u00e1rio do Canad\u00e1 (ACCC) e Colleges parceiros.<\/p>\n<p>Interessados podem entrar em contato com as Professoras Carla Nascimento e Elielma Fernandes, no telefone: (75) 3641 -3511\/3512; no pr\u00f3prio <em>Campus<\/em> situado a: Rua Glic\u00e9rio Tavares, S\/N \u2013 Bate Quente Valen\u00e7a, Ba. CEP: 45.400-000; ou atrav\u00e9s dos e-mails: <a href=\"mailto:carla.nascimento@ifac.edu.br\">carla.nascimento@ifac.edu.br<\/a>; <a href=\"mailto:elielma.fernandes@valenca.ifbaianoedu.br\">elielma.fernandes@valenca.ifbaiano.edu.br<\/a>.<\/p>\n","protected":false},"excerpt":{"rendered":"<p>O Campus Valen\u00e7a aceitou o desafio de participar do Projeto Mulheres Mil e j\u00e1 est\u00e1 promovendo a\u00e7\u00f5es que viabilizam o diagn\u00f3stico na comunidade local das mulheres em situa\u00e7\u00e3o de vulnerabilidade socioecon\u00f4mica que podem e querem participar do programa. A meta \u00e9 garantir o acesso \u00e0 educa\u00e7\u00e3o profissional, de acordo com as necessidades educacionais de cada [&hellip;]<\/p>\n","protected":false},"author":6,"featured_media":0,"comment_status":"closed","ping_status":"closed","sticky":false,"template":"","format":"standard","meta":[],"categories":[5,26],"tags":[],"_links":{"self":[{"href":"https:\/\/www.ifbaiano.edu.br\/unidades\/valenca\/wp-json\/wp\/v2\/posts\/778"}],"collection":[{"href":"https:\/\/www.ifbaiano.edu.br\/unidades\/valenca\/wp-json\/wp\/v2\/posts"}],"about":[{"href":"https:\/\/www.ifbaiano.edu.br\/unidades\/valenca\/wp-json\/wp\/v2\/types\/post"}],"author":[{"embeddable":true,"href":"https:\/\/www.ifbaiano.edu.br\/unidades\/valenca\/wp-json\/wp\/v2\/users\/6"}],"replies":[{"embeddable":true,"href":"https:\/\/www.ifbaiano.edu.br\/unidades\/valenca\/wp-json\/wp\/v2\/comments?post=778"}],"version-history":[{"count":4,"href":"https:\/\/www.ifbaiano.edu.br\/unidades\/valenca\/wp-json\/wp\/v2\/posts\/778\/revisions"}],"predecessor-version":[{"id":788,"href":"https:\/\/www.ifbaiano.edu.br\/unidades\/valenca\/wp-json\/wp\/v2\/posts\/778\/revisions\/788"}],"wp:attachment":[{"href":"https:\/\/www.ifbaiano.edu.br\/unidades\/valenca\/wp-json\/wp\/v2\/media?parent=778"}],"wp:term":[{"taxonomy":"category","embeddable":true,"href":"https:\/\/www.ifbaiano.edu.br\/unidades\/valenca\/wp-json\/wp\/v2\/categories?post=778"},{"taxonomy":"post_tag","embeddable":true,"href":"https:\/\/www.ifbaiano.edu.br\/unidades\/valenca\/wp-json\/wp\/v2\/tags?post=778"}],"curies":[{"name":"wp","href":"https:\/\/api.w.org\/{rel}","templated":true}]}}