{"id":783,"date":"2011-10-05T15:01:03","date_gmt":"2011-10-05T15:01:03","guid":{"rendered":"http:\/\/www.ifbaiano.edu.br\/unidades\/valenca\/?p=783"},"modified":"2011-10-07T00:13:53","modified_gmt":"2011-10-07T00:13:53","slug":"biblioteca-do-campus-adquire-novos-titulos-2","status":"publish","type":"post","link":"https:\/\/www.ifbaiano.edu.br\/unidades\/valenca\/2011\/10\/05\/biblioteca-do-campus-adquire-novos-titulos-2\/","title":{"rendered":"Biblioteca do campus adquire novos t\u00edtulos"},"content":{"rendered":"<p style=\"text-align: left\" align=\"center\">A biblioteca do campus Valen\u00e7a adquiriu nos \u00faltimos\u00a0meses mais alguns exemplares para ampliar seu acervo e auxiliar a comunidade escolar em suas pesquisas.<\/p>\n<p>\u00a0Os livros j\u00e1 est\u00e3o dispon\u00edveis para consulta e empr\u00e9stimo. Confira os t\u00edtulos registrados:<\/p>\n<p><a href=\"http:\/\/www.ifbaiano.edu.br\/unidades\/valenca\/files\/2011\/10\/T\u00edtulos-Registrados-no-m\u00eas-de-Agosto2011.pdf\">T\u00edtulos Registrados no m\u00eas de Agosto2011<\/a><\/p>\n<p><a href=\"http:\/\/www.ifbaiano.edu.br\/unidades\/valenca\/files\/2011\/10\/T\u00edtulos-Registrados-no-m\u00eas-de-Setembro-2011.pdf\">T\u00edtulos Registrados no m\u00eas de Setembro 2011<\/a><\/p>\n","protected":false},"excerpt":{"rendered":"<p>A biblioteca do campus Valen\u00e7a adquiriu nos \u00faltimos\u00a0meses mais alguns exemplares para ampliar seu acervo e auxiliar a comunidade escolar em suas pesquisas. \u00a0Os livros j\u00e1 est\u00e3o dispon\u00edveis para consulta e empr\u00e9stimo. Confira os t\u00edtulos registrados: T\u00edtulos Registrados no m\u00eas de Agosto2011 T\u00edtulos Registrados no m\u00eas de Setembro 2011<\/p>\n","protected":false},"author":6,"featured_media":0,"comment_status":"open","ping_status":"open","sticky":false,"template":"","format":"standard","meta":[],"categories":[31],"tags":[],"_links":{"self":[{"href":"https:\/\/www.ifbaiano.edu.br\/unidades\/valenca\/wp-json\/wp\/v2\/posts\/783"}],"collection":[{"href":"https:\/\/www.ifbaiano.edu.br\/unidades\/valenca\/wp-json\/wp\/v2\/posts"}],"about":[{"href":"https:\/\/www.ifbaiano.edu.br\/unidades\/valenca\/wp-json\/wp\/v2\/types\/post"}],"author":[{"embeddable":true,"href":"https:\/\/www.ifbaiano.edu.br\/unidades\/valenca\/wp-json\/wp\/v2\/users\/6"}],"replies":[{"embeddable":true,"href":"https:\/\/www.ifbaiano.edu.br\/unidades\/valenca\/wp-json\/wp\/v2\/comments?post=783"}],"version-history":[{"count":2,"href":"https:\/\/www.ifbaiano.edu.br\/unidades\/valenca\/wp-json\/wp\/v2\/posts\/783\/revisions"}],"predecessor-version":[{"id":791,"href":"https:\/\/www.ifbaiano.edu.br\/unidades\/valenca\/wp-json\/wp\/v2\/posts\/783\/revisions\/791"}],"wp:attachment":[{"href":"https:\/\/www.ifbaiano.edu.br\/unidades\/valenca\/wp-json\/wp\/v2\/media?parent=783"}],"wp:term":[{"taxonomy":"category","embeddable":true,"href":"https:\/\/www.ifbaiano.edu.br\/unidades\/valenca\/wp-json\/wp\/v2\/categories?post=783"},{"taxonomy":"post_tag","embeddable":true,"href":"https:\/\/www.ifbaiano.edu.br\/unidades\/valenca\/wp-json\/wp\/v2\/tags?post=783"}],"curies":[{"name":"wp","href":"https:\/\/api.w.org\/{rel}","templated":true}]}}