{"id":785,"date":"2011-10-05T15:02:23","date_gmt":"2011-10-05T15:02:23","guid":{"rendered":"http:\/\/www.ifbaiano.edu.br\/unidades\/valenca\/?p=785"},"modified":"2011-10-05T15:02:23","modified_gmt":"2011-10-05T15:02:23","slug":"selecao-de-avaliadores-pronatec-%e2%80%93-chamada-interna-0012011","status":"publish","type":"post","link":"https:\/\/www.ifbaiano.edu.br\/unidades\/valenca\/2011\/10\/05\/selecao-de-avaliadores-pronatec-%e2%80%93-chamada-interna-0012011\/","title":{"rendered":"Sele\u00e7\u00e3o de Avaliadores PRONATEC \u2013 Chamada Interna 001\/2011"},"content":{"rendered":"<div>\n<p>O IF BAIANO representado pela Comiss\u00e3o de gerenciamento de habilita\u00e7\u00e3o das unidades de ensino privadas e sele\u00e7\u00e3o de avaliadores para atender ao Programa Nacional de Acesso ao Ensino T\u00e9cnico e Emprego \u2013 PRONATEC, em tramita\u00e7\u00e3o no poder legislativo, institu\u00edda pela Portaria N\u00ba 975 de 26 de setembro de 2011, seleciona servidores ativos do quadro efetivo do IF Baiano interessados em atuar como avaliadores no processo de habilita\u00e7\u00e3o das unidades de ensino privadas que solicitarem ades\u00e3o ao Fundo de Financiamento Estudantil (FIES-T\u00e9cnico).<\/p>\n<p>Ser\u00e3o selecionados docentes e\/ou t\u00e9cnico-administrativos, conforme crit\u00e9rios definidos na <strong>Chamada Interna 001\/2011<\/strong> em anexo.<\/p>\n<p>As inscri\u00e7\u00f5es ser\u00e3o realizadas no per\u00edodo de <strong>03\/10\/2011<\/strong><strong> a <\/strong><strong>07\/10\/2011<\/strong>, atrav\u00e9s da ficha de inscri\u00e7\u00e3o preenchida, conforme Chamada Interna 001\/2011, a qual dever\u00e1 ser enviada para o e-mail <strong><a title=\"blocked::mailto:selecaopronatec@gmail.com\" href=\"mailto:selecaopronatec@gmail.com\">selecaopronatec@gmail.com<\/a><\/strong>, juntamente com a documenta\u00e7\u00e3o comprobat\u00f3ria. A ficha de inscri\u00e7\u00e3o e a documenta\u00e7\u00e3o comprobat\u00f3ria dever\u00e3o ser encaminhadas exclusivamente em formato PDF.<\/p>\n<p>Para esclarecimento de d\u00favidas referentes \u00e0 inscri\u00e7\u00e3o, entre em contato com a comiss\u00e3o atrav\u00e9s do endere\u00e7o eletr\u00f4nico: <strong>selecaopronatec@gmail.com<\/strong>.<\/p>\n<\/div>\n<p>&nbsp;<\/p>\n","protected":false},"excerpt":{"rendered":"<p>O IF BAIANO representado pela Comiss\u00e3o de gerenciamento de habilita\u00e7\u00e3o das unidades de ensino privadas e sele\u00e7\u00e3o de avaliadores para atender ao Programa Nacional de Acesso ao Ensino T\u00e9cnico e Emprego \u2013 PRONATEC, em tramita\u00e7\u00e3o no poder legislativo, institu\u00edda pela Portaria N\u00ba 975 de 26 de setembro de 2011, seleciona servidores ativos do quadro efetivo [&hellip;]<\/p>\n","protected":false},"author":6,"featured_media":0,"comment_status":"open","ping_status":"open","sticky":false,"template":"","format":"standard","meta":[],"categories":[32],"tags":[],"_links":{"self":[{"href":"https:\/\/www.ifbaiano.edu.br\/unidades\/valenca\/wp-json\/wp\/v2\/posts\/785"}],"collection":[{"href":"https:\/\/www.ifbaiano.edu.br\/unidades\/valenca\/wp-json\/wp\/v2\/posts"}],"about":[{"href":"https:\/\/www.ifbaiano.edu.br\/unidades\/valenca\/wp-json\/wp\/v2\/types\/post"}],"author":[{"embeddable":true,"href":"https:\/\/www.ifbaiano.edu.br\/unidades\/valenca\/wp-json\/wp\/v2\/users\/6"}],"replies":[{"embeddable":true,"href":"https:\/\/www.ifbaiano.edu.br\/unidades\/valenca\/wp-json\/wp\/v2\/comments?post=785"}],"version-history":[{"count":1,"href":"https:\/\/www.ifbaiano.edu.br\/unidades\/valenca\/wp-json\/wp\/v2\/posts\/785\/revisions"}],"predecessor-version":[{"id":786,"href":"https:\/\/www.ifbaiano.edu.br\/unidades\/valenca\/wp-json\/wp\/v2\/posts\/785\/revisions\/786"}],"wp:attachment":[{"href":"https:\/\/www.ifbaiano.edu.br\/unidades\/valenca\/wp-json\/wp\/v2\/media?parent=785"}],"wp:term":[{"taxonomy":"category","embeddable":true,"href":"https:\/\/www.ifbaiano.edu.br\/unidades\/valenca\/wp-json\/wp\/v2\/categories?post=785"},{"taxonomy":"post_tag","embeddable":true,"href":"https:\/\/www.ifbaiano.edu.br\/unidades\/valenca\/wp-json\/wp\/v2\/tags?post=785"}],"curies":[{"name":"wp","href":"https:\/\/api.w.org\/{rel}","templated":true}]}}