{"id":7873,"date":"2022-06-22T17:32:26","date_gmt":"2022-06-22T20:32:26","guid":{"rendered":"https:\/\/www.ifbaiano.edu.br\/unidades\/valenca\/?p=7873"},"modified":"2022-06-22T17:35:55","modified_gmt":"2022-06-22T20:35:55","slug":"nota-informativa-programa-de-gestao-de-trabalho-remoto-para-docentes","status":"publish","type":"post","link":"https:\/\/www.ifbaiano.edu.br\/unidades\/valenca\/2022\/06\/22\/nota-informativa-programa-de-gestao-de-trabalho-remoto-para-docentes\/","title":{"rendered":"Nota informativa: Programa de Gest\u00e3o de Trabalho Remoto para docentes"},"content":{"rendered":"\n<p>Conforme definido em reuni\u00e3o realizada no dia 20 de junho, o Reitor Substituto, Diretores Gerais dos&nbsp;<em>campi&nbsp;<\/em>e Diretoria de Gest\u00e3o de Pessoas do IF Baiano publicaram hoje, 22, nota informativa sobre o Programa de Gest\u00e3o do Teletrabalho para os docentes.<\/p>\n\n\n\n<p>O documento traz esclarecimentos sobre a natureza do Programa de Gest\u00e3o em Teletrabalho, o processo de implementa\u00e7\u00e3o no \u00e2mbito do IF Baiano e de que forma as atividades docentes podem ser inclu\u00eddas no programa.<\/p>\n\n\n\n<p>A nota completa pode ser acessada&nbsp;<a href=\"https:\/\/ifbaiano.edu.br\/portal\/blog\/nota-informativa-programa-de-gestao\/\">aqui<\/a>.<\/p>\n\n\n\n<hr class=\"wp-block-separator is-style-wide\" \/>\n\n\n\n<p>Mat\u00e9ria ASCOM dispon\u00edvel em: <em>https:\/\/ifbaiano.edu.br\/portal\/blog\/nota-informativa-programa-de-gestao-de-trabalho-remoto-para-docentes\/<\/em><\/p>\n","protected":false},"excerpt":{"rendered":"<p>Conforme definido em reuni\u00e3o realizada no dia 20 de junho, o Reitor Substituto, Diretores Gerais dos&nbsp;campi&nbsp;e Diretoria de Gest\u00e3o de Pessoas do IF Baiano publicaram hoje, 22, nota informativa sobre o Programa de Gest\u00e3o do Teletrabalho para os docentes. O documento traz esclarecimentos sobre a natureza do Programa de Gest\u00e3o em Teletrabalho, o processo de [&hellip;]<\/p>\n","protected":false},"author":146,"featured_media":7874,"comment_status":"open","ping_status":"open","sticky":false,"template":"","format":"standard","meta":[],"categories":[36],"tags":[],"_links":{"self":[{"href":"https:\/\/www.ifbaiano.edu.br\/unidades\/valenca\/wp-json\/wp\/v2\/posts\/7873"}],"collection":[{"href":"https:\/\/www.ifbaiano.edu.br\/unidades\/valenca\/wp-json\/wp\/v2\/posts"}],"about":[{"href":"https:\/\/www.ifbaiano.edu.br\/unidades\/valenca\/wp-json\/wp\/v2\/types\/post"}],"author":[{"embeddable":true,"href":"https:\/\/www.ifbaiano.edu.br\/unidades\/valenca\/wp-json\/wp\/v2\/users\/146"}],"replies":[{"embeddable":true,"href":"https:\/\/www.ifbaiano.edu.br\/unidades\/valenca\/wp-json\/wp\/v2\/comments?post=7873"}],"version-history":[{"count":2,"href":"https:\/\/www.ifbaiano.edu.br\/unidades\/valenca\/wp-json\/wp\/v2\/posts\/7873\/revisions"}],"predecessor-version":[{"id":7876,"href":"https:\/\/www.ifbaiano.edu.br\/unidades\/valenca\/wp-json\/wp\/v2\/posts\/7873\/revisions\/7876"}],"wp:featuredmedia":[{"embeddable":true,"href":"https:\/\/www.ifbaiano.edu.br\/unidades\/valenca\/wp-json\/wp\/v2\/media\/7874"}],"wp:attachment":[{"href":"https:\/\/www.ifbaiano.edu.br\/unidades\/valenca\/wp-json\/wp\/v2\/media?parent=7873"}],"wp:term":[{"taxonomy":"category","embeddable":true,"href":"https:\/\/www.ifbaiano.edu.br\/unidades\/valenca\/wp-json\/wp\/v2\/categories?post=7873"},{"taxonomy":"post_tag","embeddable":true,"href":"https:\/\/www.ifbaiano.edu.br\/unidades\/valenca\/wp-json\/wp\/v2\/tags?post=7873"}],"curies":[{"name":"wp","href":"https:\/\/api.w.org\/{rel}","templated":true}]}}