{"id":7883,"date":"2022-06-30T08:36:16","date_gmt":"2022-06-30T11:36:16","guid":{"rendered":"https:\/\/www.ifbaiano.edu.br\/unidades\/valenca\/?p=7883"},"modified":"2022-06-30T08:36:16","modified_gmt":"2022-06-30T11:36:16","slug":"campus-valenca-suspende-aulas-presenciais-apos-confirmacao-de-casos-de-covid-19","status":"publish","type":"post","link":"https:\/\/www.ifbaiano.edu.br\/unidades\/valenca\/2022\/06\/30\/campus-valenca-suspende-aulas-presenciais-apos-confirmacao-de-casos-de-covid-19\/","title":{"rendered":"Campus Valen\u00e7a suspende aulas presenciais ap\u00f3s confirma\u00e7\u00e3o de casos de covid-19"},"content":{"rendered":"\n<p><em>Unidade realizar\u00e1 atividades remotas, com retorno presencial previsto para o dia\u00a011 de julho\u00a0de 2022<\/em><\/p>\n\n\n\n<p>A dire\u00e7\u00e3o geral do Instituto Federal Baiano \u2013 <em>Campus <\/em>Valen\u00e7a divulgou\u00a0hoje, dia 29, <a href=\"https:\/\/www.ifbaiano.edu.br\/unidades\/valenca\/files\/2022\/06\/Portaria-Normativa-1-2022.pdf\">portaria normativa<\/a>, na qual suspende as aulas presenciais na unidade e estabelece a realiza\u00e7\u00e3o de atividades remotas at\u00e9 dia\u00a010 de julho\u00a0de 2022. A medida entra em vigor a partir do turno noturno.<\/p>\n\n\n\n<p>A decis\u00e3o foi motivada ap\u00f3s a identifica\u00e7\u00e3o de 9 casos positivos para a Covid-19 e outros casos de sintomas respirat\u00f3rios entre estudantes, servidores e terceirizados da unidade.<br>O Comit\u00ea Local de Acompanhamento da Amea\u00e7a do Coronav\u00edrus (COVID-19) no IF Baiano \u2013 <em>Campus <\/em>Valen\u00e7a se reuniu e constatou que a maioria dos estudantes ainda n\u00e3o tomou a dose de refor\u00e7o da vacina e n\u00e3o utiliza m\u00e1scara em ambientes fechados, por n\u00e3o ser mais obrigat\u00f3rio.<\/p>\n\n\n\n<p>Nesse sentido, a decis\u00e3o pela suspens\u00e3o das atividades presenciais est\u00e1 alicer\u00e7ada na necessidade de preservar a seguran\u00e7a de todos e, diante do atual cen\u00e1rio, busca evitar novas transmiss\u00f5es no ambiente escolar e em demais locais de conv\u00edvio da comunidade acad\u00eamica.<\/p>\n\n\n\n<p>A <a href=\"https:\/\/www.ifbaiano.edu.br\/unidades\/valenca\/files\/2022\/06\/Portaria-Normativa-1-2022.pdf\">Portaria Normativa 1\/2022<\/a> estabelece que as atividades remotas t\u00eam in\u00edcio no dia\u00a029 de junho, no turno noturno e com retorno presencial previsto para o dia\u00a011 de julho\u00a0de 2022. Dever\u00e3o ser informados ao Comit\u00ea \u00a0Local de Acompanhamento da Amea\u00e7a do Coronav\u00edrus (COVID-19) a ocorr\u00eancia de novos casos para avaliar a situa\u00e7\u00e3o do campus.<\/p>\n","protected":false},"excerpt":{"rendered":"<p>Unidade realizar\u00e1 atividades remotas, com retorno presencial previsto para o dia\u00a011 de julho\u00a0de 2022 A dire\u00e7\u00e3o geral do Instituto Federal Baiano \u2013 Campus Valen\u00e7a divulgou\u00a0hoje, dia 29, portaria normativa, na qual suspende as aulas presenciais na unidade e estabelece a realiza\u00e7\u00e3o de atividades remotas at\u00e9 dia\u00a010 de julho\u00a0de 2022. A medida entra em vigor a [&hellip;]<\/p>\n","protected":false},"author":146,"featured_media":7874,"comment_status":"open","ping_status":"open","sticky":false,"template":"","format":"standard","meta":[],"categories":[4,5,36],"tags":[159,71,192],"_links":{"self":[{"href":"https:\/\/www.ifbaiano.edu.br\/unidades\/valenca\/wp-json\/wp\/v2\/posts\/7883"}],"collection":[{"href":"https:\/\/www.ifbaiano.edu.br\/unidades\/valenca\/wp-json\/wp\/v2\/posts"}],"about":[{"href":"https:\/\/www.ifbaiano.edu.br\/unidades\/valenca\/wp-json\/wp\/v2\/types\/post"}],"author":[{"embeddable":true,"href":"https:\/\/www.ifbaiano.edu.br\/unidades\/valenca\/wp-json\/wp\/v2\/users\/146"}],"replies":[{"embeddable":true,"href":"https:\/\/www.ifbaiano.edu.br\/unidades\/valenca\/wp-json\/wp\/v2\/comments?post=7883"}],"version-history":[{"count":1,"href":"https:\/\/www.ifbaiano.edu.br\/unidades\/valenca\/wp-json\/wp\/v2\/posts\/7883\/revisions"}],"predecessor-version":[{"id":7885,"href":"https:\/\/www.ifbaiano.edu.br\/unidades\/valenca\/wp-json\/wp\/v2\/posts\/7883\/revisions\/7885"}],"wp:featuredmedia":[{"embeddable":true,"href":"https:\/\/www.ifbaiano.edu.br\/unidades\/valenca\/wp-json\/wp\/v2\/media\/7874"}],"wp:attachment":[{"href":"https:\/\/www.ifbaiano.edu.br\/unidades\/valenca\/wp-json\/wp\/v2\/media?parent=7883"}],"wp:term":[{"taxonomy":"category","embeddable":true,"href":"https:\/\/www.ifbaiano.edu.br\/unidades\/valenca\/wp-json\/wp\/v2\/categories?post=7883"},{"taxonomy":"post_tag","embeddable":true,"href":"https:\/\/www.ifbaiano.edu.br\/unidades\/valenca\/wp-json\/wp\/v2\/tags?post=7883"}],"curies":[{"name":"wp","href":"https:\/\/api.w.org\/{rel}","templated":true}]}}