{"id":7907,"date":"2022-07-06T11:55:08","date_gmt":"2022-07-06T14:55:08","guid":{"rendered":"https:\/\/www.ifbaiano.edu.br\/unidades\/valenca\/?p=7907"},"modified":"2022-07-28T11:31:58","modified_gmt":"2022-07-28T14:31:58","slug":"campus-valenca-lanca-edital-do-programa-de-gestao-do-teletrabalho-para-taes","status":"publish","type":"post","link":"https:\/\/www.ifbaiano.edu.br\/unidades\/valenca\/2022\/07\/06\/campus-valenca-lanca-edital-do-programa-de-gestao-do-teletrabalho-para-taes\/","title":{"rendered":"Campus Valen\u00e7a lan\u00e7a edital do Programa de Gest\u00e3o do Teletrabalho para TAEs"},"content":{"rendered":"\n<p><em>Inscri\u00e7\u00f5es de 11 a 18 de julho no Sistema \u00danico de Administra\u00e7\u00e3o P\u00fablica \u2013 SUAP <\/em><\/p>\n\n\n\n<p>O Instituto Federal Baiano, <em>campus <\/em>Valen\u00e7a acaba de publicar o primeiro edital de sele\u00e7\u00e3o de servidores T\u00e9cnicos Administrativos (TAEs) para teletrabalho. No per\u00edodo entre 11 a 18 de julho, os servidores TAEs lotados no <em>campus <\/em>Valen\u00e7a poder\u00e3o se candidatar \u00e0s vagas de teletrabalho no regime parcial, atrav\u00e9s do Sistema \u00danico de Administra\u00e7\u00e3o P\u00fablica \u2013 SUAP, no m\u00f3dulo Gest\u00e3o de Pessoas.<\/p>\n\n\n\n<p>No dia 1 de fevereiro de 2022, o Conselho Superior aprovou a <a href=\"https:\/\/www.ifbaiano.edu.br\/unidades\/valenca\/files\/2022\/07\/Resolucao-182-2022.pdf\">Resolu\u00e7\u00e3o 182\/2022<\/a>, que regulamenta a implanta\u00e7\u00e3o do Programa de Gest\u00e3o do Teletrabalho no \u00e2mbito do IF Baiano. O servidor interessado em se candidatar deve atentar para as vagas disponibilizadas para o teletrabalho parcial. Al\u00e9m de observar os crit\u00e9rios de participa\u00e7\u00e3o e conhecer o teor da <a href=\"https:\/\/www.in.gov.br\/en\/web\/dou\/-\/instrucao-normativa-n-65-de-30-de-julho-de-2020-269669395\">Instru\u00e7\u00e3o Normativa n\u00ba 65, de 30 de julho de 2020<\/a>, expedida pelo Minist\u00e9rio da Economia, e da Resolu\u00e7\u00e3o CONSUP\/IF BAIANO n\u00ba 182, de 1\u00ba de fevereiro de 2022.<\/p>\n\n\n\n<p>As vagas para o regime parcial foram definidas pelas chefias de cada setor, considerando a natureza dos cargos e de suas atividades. Os servidores que aderirem ao teletrabalho dever\u00e3o elaborar Plano de Trabalho com as atividades semanais e acordar com a chefia imediata. O desempenho do servidor ser\u00e1 acompanhado por sua chefia, para mensura\u00e7\u00e3o das entregas previamente acordadas.<\/p>\n\n\n\n<p>O resultado final da sele\u00e7\u00e3o ser\u00e1 divulgado no dia 28 de julho e entre os dias 25 a 29 haver\u00e1 treinamento no SUAP para as chefias e os participantes. At\u00e9 27 de julho, os participantes dever\u00e3o enviar o primeiro Plano de Trabalho para a chefia imediata e, no dia 01 de agosto de 2022, o Programa de Gest\u00e3o do Teletrabalho para TAEs iniciar\u00e1 no campus Valen\u00e7a.<\/p>\n\n\n\n<p>D\u00favidas e esclarecimentos do Edital podem ser obtidos via e-mail (<a href=\"mailto:teletrabalho@valenca.ifbaiano.edu.br\">teletrabalho@valenca.ifbaiano.edu.br<\/a>).<\/p>\n\n\n\n<div id=\"ProreitoriaTopoTitulo\">\n\t\t\t\t\tEditais e Documentos\n\t\t\t\t<\/div>\n\n\n\n<div class=\"wp-block-file\"><a href=\"https:\/\/www.ifbaiano.edu.br\/unidades\/valenca\/files\/2022\/07\/Resultado-final-dos-homologados-Edital-no-12-Teletrabalho.pdf\">Resultado final dos homologados<\/a><\/div>\n\n\n\n<div class=\"wp-block-file\"><a href=\"https:\/\/www.ifbaiano.edu.br\/unidades\/valenca\/files\/2022\/07\/Resultado-Preliminar-do-Edital-de-Adesao-ao-Programa-de-Gestao-do-Teletrabalho-Categoria-TAE.pdf\">Resultado Preliminar &#8211; Fase de Classifica\u00e7\u00e3o<\/a><\/div>\n\n\n\n<div class=\"wp-block-file\"><a href=\"https:\/\/www.ifbaiano.edu.br\/unidades\/valenca\/files\/2022\/07\/Retificacao-do-Edital-no-12-Programa-de-Gestao-do-Teletrabalho.pdf\">Retifica\u00e7\u00e3o do Edital n\u00ba 12<\/a><\/div>\n\n\n\n<div class=\"wp-block-file\"><a href=\"https:\/\/www.ifbaiano.edu.br\/unidades\/valenca\/files\/2022\/07\/Edital-no-12-\u2013-Adesao-ao-Programa-de-Gestao-do-Teletrabalho-para-categoria-TAE.pdf\">Edital n\u00ba 12 \u2013 Programa de Gest\u00e3o do Teletrabalho TAE<\/a><\/div>\n\n\n\n<div class=\"wp-block-file\"><a href=\"https:\/\/www.ifbaiano.edu.br\/unidades\/valenca\/files\/2022\/07\/Resolucao-182-2022.pdf\">Resolu\u00e7\u00e3o 182\/2022<\/a><\/div>\n\n\n\n<div class=\"wp-block-file\"><a href=\"https:\/\/www.ifbaiano.edu.br\/unidades\/valenca\/files\/2022\/07\/Instrucao-Normativa-No-65-de-30-de-julho-de-2020.pdf\">Instru\u00e7\u00e3o Normativa n\u00ba 65, de 30 de julho de 2020<\/a><\/div>\n\n\n\n<div class=\"wp-block-file\"><a href=\"https:\/\/www.ifbaiano.edu.br\/unidades\/valenca\/files\/2022\/07\/Portaria-02-2022-RET-SCS-Teletrabalho.pdf\">Portaria 02\/2022 \u2013 Teletrabalho<\/a><\/div>\n","protected":false},"excerpt":{"rendered":"<p>Inscri\u00e7\u00f5es de 11 a 18 de julho no Sistema \u00danico de Administra\u00e7\u00e3o P\u00fablica \u2013 SUAP O Instituto Federal Baiano, campus Valen\u00e7a acaba de publicar o primeiro edital de sele\u00e7\u00e3o de servidores T\u00e9cnicos Administrativos (TAEs) para teletrabalho. No per\u00edodo entre 11 a 18 de julho, os servidores TAEs lotados no campus Valen\u00e7a poder\u00e3o se candidatar \u00e0s [&hellip;]<\/p>\n","protected":false},"author":146,"featured_media":7928,"comment_status":"open","ping_status":"open","sticky":false,"template":"","format":"standard","meta":[],"categories":[5,35,36,63],"tags":[71,211,209,210],"_links":{"self":[{"href":"https:\/\/www.ifbaiano.edu.br\/unidades\/valenca\/wp-json\/wp\/v2\/posts\/7907"}],"collection":[{"href":"https:\/\/www.ifbaiano.edu.br\/unidades\/valenca\/wp-json\/wp\/v2\/posts"}],"about":[{"href":"https:\/\/www.ifbaiano.edu.br\/unidades\/valenca\/wp-json\/wp\/v2\/types\/post"}],"author":[{"embeddable":true,"href":"https:\/\/www.ifbaiano.edu.br\/unidades\/valenca\/wp-json\/wp\/v2\/users\/146"}],"replies":[{"embeddable":true,"href":"https:\/\/www.ifbaiano.edu.br\/unidades\/valenca\/wp-json\/wp\/v2\/comments?post=7907"}],"version-history":[{"count":7,"href":"https:\/\/www.ifbaiano.edu.br\/unidades\/valenca\/wp-json\/wp\/v2\/posts\/7907\/revisions"}],"predecessor-version":[{"id":8013,"href":"https:\/\/www.ifbaiano.edu.br\/unidades\/valenca\/wp-json\/wp\/v2\/posts\/7907\/revisions\/8013"}],"wp:featuredmedia":[{"embeddable":true,"href":"https:\/\/www.ifbaiano.edu.br\/unidades\/valenca\/wp-json\/wp\/v2\/media\/7928"}],"wp:attachment":[{"href":"https:\/\/www.ifbaiano.edu.br\/unidades\/valenca\/wp-json\/wp\/v2\/media?parent=7907"}],"wp:term":[{"taxonomy":"category","embeddable":true,"href":"https:\/\/www.ifbaiano.edu.br\/unidades\/valenca\/wp-json\/wp\/v2\/categories?post=7907"},{"taxonomy":"post_tag","embeddable":true,"href":"https:\/\/www.ifbaiano.edu.br\/unidades\/valenca\/wp-json\/wp\/v2\/tags?post=7907"}],"curies":[{"name":"wp","href":"https:\/\/api.w.org\/{rel}","templated":true}]}}