{"id":7931,"date":"2022-07-11T10:10:51","date_gmt":"2022-07-11T13:10:51","guid":{"rendered":"https:\/\/www.ifbaiano.edu.br\/unidades\/valenca\/?p=7931"},"modified":"2022-07-11T11:24:22","modified_gmt":"2022-07-11T14:24:22","slug":"direcao-do-campus-valenca-publica-portaria-que-determina-o-uso-obrigatorio-de-mascaras","status":"publish","type":"post","link":"https:\/\/www.ifbaiano.edu.br\/unidades\/valenca\/2022\/07\/11\/direcao-do-campus-valenca-publica-portaria-que-determina-o-uso-obrigatorio-de-mascaras\/","title":{"rendered":"Dire\u00e7\u00e3o do campus Valen\u00e7a publica portaria que determina o uso obrigat\u00f3rio de m\u00e1scaras"},"content":{"rendered":"\n<p>O Diretor-Geral do IF Baiano, <em>Campus <\/em>Valen\u00e7a, divulgou na \u00faltima sexta, 08, a <a href=\"https:\/\/www.ifbaiano.edu.br\/unidades\/valenca\/files\/2022\/07\/Portaria-Normativa-2-2022-VAL-DG-RET-IFBAIANO-de-8-de-julho-de-2022.pdf\">Portaria Normativa n\u00ba 2\/2022<\/a> que disp\u00f5e sobre a obrigatoriedade do uso de m\u00e1scara nos espa\u00e7os do campus, no per\u00edodo de 11 a 31 de julho de 2022, em decorr\u00eancia do aumento de casos de Covid-19 nos discentes e servidores do campus Valen\u00e7a, e d\u00e1 outros encaminhamentos.<\/p>\n\n\n\n<p>O documento, que foi elaborado considerando as orienta\u00e7\u00f5es do Comit\u00ea Local de enfrentamento \u00e0 Pandemia de Covid-19, entra em vigor em 11 de julho de 2022. <\/p>\n\n\n\n<p><strong>Confira portaria na \u00edntegra:<\/strong> <\/p>\n\n\n\n<p><a href=\"https:\/\/www.ifbaiano.edu.br\/unidades\/valenca\/files\/2022\/07\/Portaria-Normativa-2-2022-VAL-DG-RET-IFBAIANO-de-8-de-julho-de-2022.pdf\"><strong>Portaria Normativa 2\/2022 &#8211; VAL-DG\/RET\/IFBAIANO, de 8 de julho de 2022<\/strong><\/a><\/p>\n","protected":false},"excerpt":{"rendered":"<p>O Diretor-Geral do IF Baiano, Campus Valen\u00e7a, divulgou na \u00faltima sexta, 08, a Portaria Normativa n\u00ba 2\/2022 que disp\u00f5e sobre a obrigatoriedade do uso de m\u00e1scara nos espa\u00e7os do campus, no per\u00edodo de 11 a 31 de julho de 2022, em decorr\u00eancia do aumento de casos de Covid-19 nos discentes e servidores do campus Valen\u00e7a, [&hellip;]<\/p>\n","protected":false},"author":146,"featured_media":7492,"comment_status":"open","ping_status":"open","sticky":false,"template":"","format":"standard","meta":[],"categories":[4,63],"tags":[159,71,193],"_links":{"self":[{"href":"https:\/\/www.ifbaiano.edu.br\/unidades\/valenca\/wp-json\/wp\/v2\/posts\/7931"}],"collection":[{"href":"https:\/\/www.ifbaiano.edu.br\/unidades\/valenca\/wp-json\/wp\/v2\/posts"}],"about":[{"href":"https:\/\/www.ifbaiano.edu.br\/unidades\/valenca\/wp-json\/wp\/v2\/types\/post"}],"author":[{"embeddable":true,"href":"https:\/\/www.ifbaiano.edu.br\/unidades\/valenca\/wp-json\/wp\/v2\/users\/146"}],"replies":[{"embeddable":true,"href":"https:\/\/www.ifbaiano.edu.br\/unidades\/valenca\/wp-json\/wp\/v2\/comments?post=7931"}],"version-history":[{"count":14,"href":"https:\/\/www.ifbaiano.edu.br\/unidades\/valenca\/wp-json\/wp\/v2\/posts\/7931\/revisions"}],"predecessor-version":[{"id":7955,"href":"https:\/\/www.ifbaiano.edu.br\/unidades\/valenca\/wp-json\/wp\/v2\/posts\/7931\/revisions\/7955"}],"wp:featuredmedia":[{"embeddable":true,"href":"https:\/\/www.ifbaiano.edu.br\/unidades\/valenca\/wp-json\/wp\/v2\/media\/7492"}],"wp:attachment":[{"href":"https:\/\/www.ifbaiano.edu.br\/unidades\/valenca\/wp-json\/wp\/v2\/media?parent=7931"}],"wp:term":[{"taxonomy":"category","embeddable":true,"href":"https:\/\/www.ifbaiano.edu.br\/unidades\/valenca\/wp-json\/wp\/v2\/categories?post=7931"},{"taxonomy":"post_tag","embeddable":true,"href":"https:\/\/www.ifbaiano.edu.br\/unidades\/valenca\/wp-json\/wp\/v2\/tags?post=7931"}],"curies":[{"name":"wp","href":"https:\/\/api.w.org\/{rel}","templated":true}]}}