{"id":7948,"date":"2022-07-11T11:23:11","date_gmt":"2022-07-11T14:23:11","guid":{"rendered":"https:\/\/www.ifbaiano.edu.br\/unidades\/valenca\/?p=7948"},"modified":"2022-07-11T11:25:07","modified_gmt":"2022-07-11T14:25:07","slug":"direcao-do-campus-valenca-lanca-portaria-que-dispoe-sobre-a-obrigatoriedade-da-apresentacao-do-cartao-vacinal","status":"publish","type":"post","link":"https:\/\/www.ifbaiano.edu.br\/unidades\/valenca\/2022\/07\/11\/direcao-do-campus-valenca-lanca-portaria-que-dispoe-sobre-a-obrigatoriedade-da-apresentacao-do-cartao-vacinal\/","title":{"rendered":"Dire\u00e7\u00e3o do campus Valen\u00e7a lan\u00e7a portaria que disp\u00f5e sobre a obrigatoriedade da apresenta\u00e7\u00e3o do Cart\u00e3o Vacinal"},"content":{"rendered":"\n<p>A Dire\u00e7\u00e3o-Geral do IF Baiano, <em>Campus <\/em>Valen\u00e7a, informa que a partir do dia 22 de julho de 2022, n\u00e3o ser\u00e1 permitida, nas depend\u00eancias do <em>campus<\/em>, a presen\u00e7a de servidores, estudantes e membros da comunidade externa que n\u00e3o apresentarem certificado de vacina\u00e7\u00e3o atualizado contra a COVID-19.<\/p>\n\n\n\n<p>O documento, que foi elaborado considerando as orienta\u00e7\u00f5es do Comit\u00ea Local de enfrentamento \u00e0 pandemia de Covid-19, entrar\u00e1 em vigor em 22 de julho de 2022 e permanecer\u00e1 por tempo indeterminado.<\/p>\n\n\n\n<p><strong>Confira portaria na \u00edntegra:<\/strong><\/p>\n\n\n\n<p><a href=\"https:\/\/www.ifbaiano.edu.br\/unidades\/valenca\/files\/2022\/07\/Portaria-Normativa-3-2022-VAL-DG-RET-IFBAIANO-de-8-de-julho-de-2022.pdf\"><strong>Portaria Normativa 3-2022 \u2013 VAL-DG-RET-IFBAIANO, de 8 de julho de 2022<\/strong><\/a><\/p>\n","protected":false},"excerpt":{"rendered":"<p>A Dire\u00e7\u00e3o-Geral do IF Baiano, Campus Valen\u00e7a, informa que a partir do dia 22 de julho de 2022, n\u00e3o ser\u00e1 permitida, nas depend\u00eancias do campus, a presen\u00e7a de servidores, estudantes e membros da comunidade externa que n\u00e3o apresentarem certificado de vacina\u00e7\u00e3o atualizado contra a COVID-19. O documento, que foi elaborado considerando as orienta\u00e7\u00f5es do Comit\u00ea [&hellip;]<\/p>\n","protected":false},"author":146,"featured_media":7153,"comment_status":"open","ping_status":"open","sticky":false,"template":"","format":"standard","meta":[],"categories":[4,7,36,63],"tags":[159,71,212,192,193],"_links":{"self":[{"href":"https:\/\/www.ifbaiano.edu.br\/unidades\/valenca\/wp-json\/wp\/v2\/posts\/7948"}],"collection":[{"href":"https:\/\/www.ifbaiano.edu.br\/unidades\/valenca\/wp-json\/wp\/v2\/posts"}],"about":[{"href":"https:\/\/www.ifbaiano.edu.br\/unidades\/valenca\/wp-json\/wp\/v2\/types\/post"}],"author":[{"embeddable":true,"href":"https:\/\/www.ifbaiano.edu.br\/unidades\/valenca\/wp-json\/wp\/v2\/users\/146"}],"replies":[{"embeddable":true,"href":"https:\/\/www.ifbaiano.edu.br\/unidades\/valenca\/wp-json\/wp\/v2\/comments?post=7948"}],"version-history":[{"count":3,"href":"https:\/\/www.ifbaiano.edu.br\/unidades\/valenca\/wp-json\/wp\/v2\/posts\/7948\/revisions"}],"predecessor-version":[{"id":7954,"href":"https:\/\/www.ifbaiano.edu.br\/unidades\/valenca\/wp-json\/wp\/v2\/posts\/7948\/revisions\/7954"}],"wp:featuredmedia":[{"embeddable":true,"href":"https:\/\/www.ifbaiano.edu.br\/unidades\/valenca\/wp-json\/wp\/v2\/media\/7153"}],"wp:attachment":[{"href":"https:\/\/www.ifbaiano.edu.br\/unidades\/valenca\/wp-json\/wp\/v2\/media?parent=7948"}],"wp:term":[{"taxonomy":"category","embeddable":true,"href":"https:\/\/www.ifbaiano.edu.br\/unidades\/valenca\/wp-json\/wp\/v2\/categories?post=7948"},{"taxonomy":"post_tag","embeddable":true,"href":"https:\/\/www.ifbaiano.edu.br\/unidades\/valenca\/wp-json\/wp\/v2\/tags?post=7948"}],"curies":[{"name":"wp","href":"https:\/\/api.w.org\/{rel}","templated":true}]}}