{"id":796,"date":"2011-10-11T12:18:45","date_gmt":"2011-10-11T12:18:45","guid":{"rendered":"http:\/\/www.ifbaiano.edu.br\/unidades\/valenca\/?p=796"},"modified":"2011-10-11T12:18:45","modified_gmt":"2011-10-11T12:18:45","slug":"reuniao-com-equipe-multidisciplinar-do-programa-mulheres-mil-proximo-dia-1310","status":"publish","type":"post","link":"https:\/\/www.ifbaiano.edu.br\/unidades\/valenca\/2011\/10\/11\/reuniao-com-equipe-multidisciplinar-do-programa-mulheres-mil-proximo-dia-1310\/","title":{"rendered":"Reuni\u00e3o com Equipe Multidisciplinar do Programa Mulheres Mil pr\u00f3ximo dia 13\/10"},"content":{"rendered":"<p>As coordenadoras do projeto Mulheres Mil convidam a todos os colegas que comp\u00f5em a Equipe Multidisciplinar do Programa no campus Valen\u00e7a para uma reuni\u00e3o no pr\u00f3ximo <strong>dia 13 de outubro \u00e0s 08:00h na sala 03 de Professores<\/strong>, para tratarem da seguinte pauta:<\/p>\n<p>1.Informes<\/p>\n<p>2.Edital de Sele\u00e7\u00e3o das alunas<\/p>\n<p>3.Reuni\u00e3o com parceiros<\/p>\n<p>4.Semin\u00e1rio aberto a comunidade<\/p>\n<p>5.Constru\u00e7\u00e3o da Ficha de Inscri\u00e7\u00e3o e Question\u00e1rio S\u00f3cio-econ\u00f4mico<\/p>\n<p>6.Projeto Pedag\u00f3gico\u00a0do curso<\/p>\n<p>7.O que ocorrer.<\/p>\n<p>A proposta \u00e9 que o curso ofertado tenha carga hor\u00e1ria m\u00ednima de 160h e os eixos de trabalho s\u00e3o: <strong>Recomposi\u00e7\u00e3o de conte\u00fados b\u00e1sicos<\/strong> (matem\u00e1tica, portugu\u00eas, inform\u00e1tica, idiomas); <strong>Sustentabilidade<\/strong> (sa\u00fade e meio ambiente e comportamento sustent\u00e1vel); <strong>Desenvolvimento Pessoal\/Relacionamentos<\/strong> (auto-estima e rela\u00e7\u00f5es humanas); <strong>G\u00eanero Feminino<\/strong> (cidadania e direito das mulheres); <strong>Inclus\u00e3o Digital<\/strong>; <strong>Gera\u00e7\u00e3o de Renda<\/strong> ( empreendedorismo, cooperativismo e economia solid\u00e1ria, emprego formal e incuba\u00e7\u00e3o tecnol\u00f3gica); e <strong>Profissionaliza\u00e7\u00e3o<\/strong> (conhecimento t\u00e9cnico espec\u00edfico).<\/p>\n<p>&nbsp;<\/p>\n<p>&nbsp;<\/p>\n","protected":false},"excerpt":{"rendered":"<p>As coordenadoras do projeto Mulheres Mil convidam a todos os colegas que comp\u00f5em a Equipe Multidisciplinar do Programa no campus Valen\u00e7a para uma reuni\u00e3o no pr\u00f3ximo dia 13 de outubro \u00e0s 08:00h na sala 03 de Professores, para tratarem da seguinte pauta: 1.Informes 2.Edital de Sele\u00e7\u00e3o das alunas 3.Reuni\u00e3o com parceiros 4.Semin\u00e1rio aberto a comunidade [&hellip;]<\/p>\n","protected":false},"author":6,"featured_media":0,"comment_status":"open","ping_status":"open","sticky":false,"template":"","format":"standard","meta":[],"categories":[4,10],"tags":[],"_links":{"self":[{"href":"https:\/\/www.ifbaiano.edu.br\/unidades\/valenca\/wp-json\/wp\/v2\/posts\/796"}],"collection":[{"href":"https:\/\/www.ifbaiano.edu.br\/unidades\/valenca\/wp-json\/wp\/v2\/posts"}],"about":[{"href":"https:\/\/www.ifbaiano.edu.br\/unidades\/valenca\/wp-json\/wp\/v2\/types\/post"}],"author":[{"embeddable":true,"href":"https:\/\/www.ifbaiano.edu.br\/unidades\/valenca\/wp-json\/wp\/v2\/users\/6"}],"replies":[{"embeddable":true,"href":"https:\/\/www.ifbaiano.edu.br\/unidades\/valenca\/wp-json\/wp\/v2\/comments?post=796"}],"version-history":[{"count":1,"href":"https:\/\/www.ifbaiano.edu.br\/unidades\/valenca\/wp-json\/wp\/v2\/posts\/796\/revisions"}],"predecessor-version":[{"id":797,"href":"https:\/\/www.ifbaiano.edu.br\/unidades\/valenca\/wp-json\/wp\/v2\/posts\/796\/revisions\/797"}],"wp:attachment":[{"href":"https:\/\/www.ifbaiano.edu.br\/unidades\/valenca\/wp-json\/wp\/v2\/media?parent=796"}],"wp:term":[{"taxonomy":"category","embeddable":true,"href":"https:\/\/www.ifbaiano.edu.br\/unidades\/valenca\/wp-json\/wp\/v2\/categories?post=796"},{"taxonomy":"post_tag","embeddable":true,"href":"https:\/\/www.ifbaiano.edu.br\/unidades\/valenca\/wp-json\/wp\/v2\/tags?post=796"}],"curies":[{"name":"wp","href":"https:\/\/api.w.org\/{rel}","templated":true}]}}