{"id":7986,"date":"2022-07-25T15:33:15","date_gmt":"2022-07-25T18:33:15","guid":{"rendered":"https:\/\/www.ifbaiano.edu.br\/unidades\/valenca\/?p=7986"},"modified":"2022-07-25T15:42:33","modified_gmt":"2022-07-25T18:42:33","slug":"campus-valenca-lanca-edital-de-dispensa-de-licitacao-para-aquisicao-de-generos-alimenticios-da-agricultura-familiar","status":"publish","type":"post","link":"https:\/\/www.ifbaiano.edu.br\/unidades\/valenca\/2022\/07\/25\/campus-valenca-lanca-edital-de-dispensa-de-licitacao-para-aquisicao-de-generos-alimenticios-da-agricultura-familiar\/","title":{"rendered":"Campus Valen\u00e7a lan\u00e7a edital de dispensa de licita\u00e7\u00e3o para aquisi\u00e7\u00e3o de g\u00eaneros aliment\u00edcios da agricultura familiar"},"content":{"rendered":"\n<p><em>A entrega dos envelope \u00e9 at\u00e9 dia 31 de agosto, \u00e0s 9h<\/em><\/p>\n\n\n\n<p>O Instituto Federal Baiano <em>campus <\/em>Valen\u00e7a torna p\u00fablico para conhecimento dos interessados que far\u00e1 realizar chamada p\u00fablica para formaliza\u00e7\u00e3o de dispensa de licita\u00e7\u00e3o, conforme condi\u00e7\u00f5es estabelecidas no <a href=\"https:\/\/www.ifbaiano.edu.br\/unidades\/valenca\/files\/2022\/07\/Edital-da-Chamada-Publica-1_2022-Dispensa-de-Licitacao-06_2022.pdf\">edital 1\/2022 \/ Dispensa de licita\u00e7\u00e3o 06\/2022<\/a> e em seus anexos. O procedimento observar\u00e1 as disposi\u00e7\u00f5es da Lei n\u00ba 11.947\/2009, da Resolu\u00e7\u00e3o FNDE\/CD n\u00ba 26\/2013, Resolu\u00e7\u00e3o CD\/FNDE n\u00famero 04, de 02 de abril de 2015 com as devidas altera\u00e7\u00f5es e demais normas aplic\u00e1veis, e ser\u00e1 subsidiado pela Lei n\u00ba 8.666\/1993.<\/p>\n\n\n\n<p>O objeto do edital \u00e9 a aquisi\u00e7\u00e3o de g\u00eaneros aliment\u00edcios da agricultura familiar para o atendimento ao Programa Nacional de Alimenta\u00e7\u00e3o Escolar \u2013 PNAE. O per\u00edodo de divulga\u00e7\u00e3o da Chamada P\u00fablica \u00e9 de 26\/07\/2022 a 31\/08\/2022. A entrega dos envelopes ser\u00e1 at\u00e9 9 horas do dia 31\/08\/2022 (hor\u00e1rio local). A abertura dos envelopes ser\u00e1 dia 31\/08\/2022, \u00e0s 09 horas (hor\u00e1rio local). A sess\u00e3o P\u00fablica ocorrer\u00e1 no audit\u00f3rio do IF Baiano \u2013 Campus Valen\u00e7a, localizado na Rua Glic\u00e9rio Tavares, s\/n, Bate Quente, Valen\u00e7a \u2013 BA.<\/p>\n\n\n\n<p>Poder\u00e3o participar deste procedimento somente fornecedores individuais: agricultores familiares n\u00e3o organizados em grupos, detentores da Declara\u00e7\u00e3o de Aptid\u00e3o ao Programa Nacional de Fortalecimento da Agricultura Familiar \u2013 DAP f\u00edsica; Agricultores familiares organizados em grupos informais detentores da Declara\u00e7\u00e3o de Aptid\u00e3o ao Programa Nacional de Fortalecimento da Agricultura Familiar \u2013 DAP F\u00edsica de cada agricultor. Grupos formais: Agricultores familiares organizados em grupos formais (cooperativas e associa\u00e7\u00f5es) detentores da Declara\u00e7\u00e3o de Aptid\u00e3o ao Programa Nacional de Fortalecimento da Agricultura Familiar \u2013 DAP Jur\u00eddica.<\/p>\n\n\n\n<div id=\"ProreitoriaTopoTitulo\">\n\t\t\t\t\tEditais e Documentos\n\t\t\t\t<\/div>\n\n\n\n<div class=\"wp-block-file\"><a href=\"https:\/\/www.ifbaiano.edu.br\/unidades\/valenca\/files\/2022\/07\/Edital-da-Chamada-Publica-1_2022-Dispensa-de-Licitacao-06_2022.pdf\">Edital de Chamada P\u00fablica 1\/2022 &#8211; Dispensa de Licita\u00e7\u00e3o 06\/2022<\/a><\/div>\n\n\n\n<div class=\"wp-block-file\"><a href=\"https:\/\/www.ifbaiano.edu.br\/unidades\/valenca\/files\/2022\/07\/Aviso-de-Chamada-Publica-01_2022.pdf\">Aviso de Chamada P\u00fablica 01\/2022<\/a><\/div>\n\n\n\n<div class=\"wp-block-file\"><a href=\"https:\/\/www.ifbaiano.edu.br\/unidades\/valenca\/files\/2022\/07\/Anexo-I-Termo-de-Referencia.pdf\">Anexo I &#8211; Termo de Refer\u00eancia<\/a><\/div>\n\n\n\n<div class=\"wp-block-file\"><a href=\"https:\/\/www.ifbaiano.edu.br\/unidades\/valenca\/files\/2022\/07\/Anexo-II-Projeto-de-Venda.pdf\">Anexo II &#8211; Projeto de Venda<\/a><\/div>\n\n\n\n<div class=\"wp-block-file\"><a href=\"https:\/\/www.ifbaiano.edu.br\/unidades\/valenca\/files\/2022\/07\/Anexo-III-Declaracao-de-Origem-dos-Produtos.pdf\">Anexo III &#8211; Declara\u00e7\u00e3o de Origem dos Produtos<\/a><\/div>\n\n\n\n<div class=\"wp-block-file\"><a href=\"https:\/\/www.ifbaiano.edu.br\/unidades\/valenca\/files\/2022\/07\/Anexo-IV-Termo-de-Recebimento.pdf\">Anexo IV &#8211; Termo de Recebimento<\/a><\/div>\n\n\n\n<div class=\"wp-block-file\"><a href=\"https:\/\/www.ifbaiano.edu.br\/unidades\/valenca\/files\/2022\/07\/Anexo-V-Minuta-do-Contrato.pdf\">Anexo V &#8211; Minuta do Contrato<\/a><\/div>\n\n\n\n<div class=\"wp-block-file\"><a href=\"https:\/\/www.ifbaiano.edu.br\/unidades\/valenca\/files\/2022\/07\/Anexo-VI-Declaracao-do-Controle-do-Limite-Individual-de-Vendas.pdf\">Anexo VI &#8211; Declara\u00e7\u00e3o do Controle do Limite Individual de Vendas<\/a><\/div>\n","protected":false},"excerpt":{"rendered":"<p>A entrega dos envelope \u00e9 at\u00e9 dia 31 de agosto, \u00e0s 9h O Instituto Federal Baiano campus Valen\u00e7a torna p\u00fablico para conhecimento dos interessados que far\u00e1 realizar chamada p\u00fablica para formaliza\u00e7\u00e3o de dispensa de licita\u00e7\u00e3o, conforme condi\u00e7\u00f5es estabelecidas no edital 1\/2022 \/ Dispensa de licita\u00e7\u00e3o 06\/2022 e em seus anexos. O procedimento observar\u00e1 as disposi\u00e7\u00f5es [&hellip;]<\/p>\n","protected":false},"author":146,"featured_media":7601,"comment_status":"open","ping_status":"open","sticky":false,"template":"","format":"standard","meta":[],"categories":[33,35,63],"tags":[213,71,215,214],"_links":{"self":[{"href":"https:\/\/www.ifbaiano.edu.br\/unidades\/valenca\/wp-json\/wp\/v2\/posts\/7986"}],"collection":[{"href":"https:\/\/www.ifbaiano.edu.br\/unidades\/valenca\/wp-json\/wp\/v2\/posts"}],"about":[{"href":"https:\/\/www.ifbaiano.edu.br\/unidades\/valenca\/wp-json\/wp\/v2\/types\/post"}],"author":[{"embeddable":true,"href":"https:\/\/www.ifbaiano.edu.br\/unidades\/valenca\/wp-json\/wp\/v2\/users\/146"}],"replies":[{"embeddable":true,"href":"https:\/\/www.ifbaiano.edu.br\/unidades\/valenca\/wp-json\/wp\/v2\/comments?post=7986"}],"version-history":[{"count":4,"href":"https:\/\/www.ifbaiano.edu.br\/unidades\/valenca\/wp-json\/wp\/v2\/posts\/7986\/revisions"}],"predecessor-version":[{"id":7999,"href":"https:\/\/www.ifbaiano.edu.br\/unidades\/valenca\/wp-json\/wp\/v2\/posts\/7986\/revisions\/7999"}],"wp:featuredmedia":[{"embeddable":true,"href":"https:\/\/www.ifbaiano.edu.br\/unidades\/valenca\/wp-json\/wp\/v2\/media\/7601"}],"wp:attachment":[{"href":"https:\/\/www.ifbaiano.edu.br\/unidades\/valenca\/wp-json\/wp\/v2\/media?parent=7986"}],"wp:term":[{"taxonomy":"category","embeddable":true,"href":"https:\/\/www.ifbaiano.edu.br\/unidades\/valenca\/wp-json\/wp\/v2\/categories?post=7986"},{"taxonomy":"post_tag","embeddable":true,"href":"https:\/\/www.ifbaiano.edu.br\/unidades\/valenca\/wp-json\/wp\/v2\/tags?post=7986"}],"curies":[{"name":"wp","href":"https:\/\/api.w.org\/{rel}","templated":true}]}}