{"id":799,"date":"2011-10-11T19:41:33","date_gmt":"2011-10-11T19:41:33","guid":{"rendered":"http:\/\/www.ifbaiano.edu.br\/unidades\/valenca\/?p=799"},"modified":"2011-10-11T19:50:52","modified_gmt":"2011-10-11T19:50:52","slug":"if-baiano-abre-processo-seletivo-2012-para-cursos-tecnicos-em-todo-estado","status":"publish","type":"post","link":"https:\/\/www.ifbaiano.edu.br\/unidades\/valenca\/2011\/10\/11\/if-baiano-abre-processo-seletivo-2012-para-cursos-tecnicos-em-todo-estado\/","title":{"rendered":"IF Baiano abre Processo Seletivo 2012 para cursos t\u00e9cnicos em todo estado"},"content":{"rendered":"<p>O edital do Processo Seletivo 2012 do IF Baiano ser\u00e1 lan\u00e7ado no dia 27 de outubro. Neste mesmo dia, come\u00e7am as inscri\u00e7\u00f5es para a isen\u00e7\u00e3o de taxa \u2013 que permanecem at\u00e9 o dia 1\u00ba de novembro. O candidato s\u00f3 poder\u00e1 se inscrever para as provas pela internet, no site <a href=\"http:\/\/concursos.ifbaiano.edu.br\/\" target=\"_blank\">http:\/\/concursos.ifbaiano.edu.br\/<\/a>.<\/p>\n<p>Neste ano, O IF Baiano oferece 2.615 vagas em cursos t\u00e9cnicos integrados ou subseq\u00fcentes ao Ensino M\u00e9dio. 45% das vagas do Instituto Federal Baiano s\u00e3o destinadas a estudantes oriundos de escolas p\u00fablicas e 5% a pessoas com necessidades educacionais espec\u00edficas, visando \u00e0 implanta\u00e7\u00e3o de pol\u00edticas afirmativas.<\/p>\n<p>&nbsp;<\/p>\n<p><img decoding=\"async\" loading=\"lazy\" class=\"aligncenter size-medium wp-image-800\" src=\"http:\/\/www.ifbaiano.edu.br\/unidades\/valenca\/files\/2011\/10\/TODOS3-300x71.jpg\" alt=\"\" width=\"406\" height=\"96\" \/><\/p>\n<p>&nbsp;<\/p>\n<p>&nbsp;<\/p>\n<p>&nbsp;<\/p>\n","protected":false},"excerpt":{"rendered":"<p>O edital do Processo Seletivo 2012 do IF Baiano ser\u00e1 lan\u00e7ado no dia 27 de outubro. Neste mesmo dia, come\u00e7am as inscri\u00e7\u00f5es para a isen\u00e7\u00e3o de taxa \u2013 que permanecem at\u00e9 o dia 1\u00ba de novembro. O candidato s\u00f3 poder\u00e1 se inscrever para as provas pela internet, no site http:\/\/concursos.ifbaiano.edu.br\/. Neste ano, O IF Baiano [&hellip;]<\/p>\n","protected":false},"author":6,"featured_media":0,"comment_status":"open","ping_status":"open","sticky":false,"template":"","format":"standard","meta":[],"categories":[5,9],"tags":[],"_links":{"self":[{"href":"https:\/\/www.ifbaiano.edu.br\/unidades\/valenca\/wp-json\/wp\/v2\/posts\/799"}],"collection":[{"href":"https:\/\/www.ifbaiano.edu.br\/unidades\/valenca\/wp-json\/wp\/v2\/posts"}],"about":[{"href":"https:\/\/www.ifbaiano.edu.br\/unidades\/valenca\/wp-json\/wp\/v2\/types\/post"}],"author":[{"embeddable":true,"href":"https:\/\/www.ifbaiano.edu.br\/unidades\/valenca\/wp-json\/wp\/v2\/users\/6"}],"replies":[{"embeddable":true,"href":"https:\/\/www.ifbaiano.edu.br\/unidades\/valenca\/wp-json\/wp\/v2\/comments?post=799"}],"version-history":[{"count":3,"href":"https:\/\/www.ifbaiano.edu.br\/unidades\/valenca\/wp-json\/wp\/v2\/posts\/799\/revisions"}],"predecessor-version":[{"id":803,"href":"https:\/\/www.ifbaiano.edu.br\/unidades\/valenca\/wp-json\/wp\/v2\/posts\/799\/revisions\/803"}],"wp:attachment":[{"href":"https:\/\/www.ifbaiano.edu.br\/unidades\/valenca\/wp-json\/wp\/v2\/media?parent=799"}],"wp:term":[{"taxonomy":"category","embeddable":true,"href":"https:\/\/www.ifbaiano.edu.br\/unidades\/valenca\/wp-json\/wp\/v2\/categories?post=799"},{"taxonomy":"post_tag","embeddable":true,"href":"https:\/\/www.ifbaiano.edu.br\/unidades\/valenca\/wp-json\/wp\/v2\/tags?post=799"}],"curies":[{"name":"wp","href":"https:\/\/api.w.org\/{rel}","templated":true}]}}