{"id":805,"date":"2011-10-14T11:41:46","date_gmt":"2011-10-14T11:41:46","guid":{"rendered":"http:\/\/www.ifbaiano.edu.br\/unidades\/valenca\/?p=805"},"modified":"2011-10-14T12:54:16","modified_gmt":"2011-10-14T12:54:16","slug":"grevistas-do-if-baiano-campus-valenca-continuam-na-greve","status":"publish","type":"post","link":"https:\/\/www.ifbaiano.edu.br\/unidades\/valenca\/2011\/10\/14\/grevistas-do-if-baiano-campus-valenca-continuam-na-greve\/","title":{"rendered":"Grevistas do IF Baiano, campus Valen\u00e7a, continuam na greve"},"content":{"rendered":"<p align=\"JUSTIFY\">Em an\u00e1lise a atual conjuntura do movimento grevistas do SINASEFE e considerando o descaso e desrespeito por parte do governo nas negocia\u00e7\u00f5es, os grevistas do <em>Campus<\/em> Valen\u00e7a decidem continuar a greve, mesmo com a decis\u00e3o do IFBA , tamb\u00e9m em valen\u00e7a, de retornar \u00e0s aulas.<\/p>\n<p align=\"JUSTIFY\">Os servidores estar\u00e3o reunidos pr\u00f3ximo dia 17\/10 (segunda) em uma nova assembleia para mais uma rodada de discuss\u00f5es e decis\u00e3o do rumo da greve no <em>Campus.<\/em><\/p>\n","protected":false},"excerpt":{"rendered":"<p>Em an\u00e1lise a atual conjuntura do movimento grevistas do SINASEFE e considerando o descaso e desrespeito por parte do governo nas negocia\u00e7\u00f5es, os grevistas do Campus Valen\u00e7a decidem continuar a greve, mesmo com a decis\u00e3o do IFBA , tamb\u00e9m em valen\u00e7a, de retornar \u00e0s aulas. Os servidores estar\u00e3o reunidos pr\u00f3ximo dia 17\/10 (segunda) em uma [&hellip;]<\/p>\n","protected":false},"author":6,"featured_media":0,"comment_status":"open","ping_status":"open","sticky":false,"template":"","format":"standard","meta":[],"categories":[5,24],"tags":[],"_links":{"self":[{"href":"https:\/\/www.ifbaiano.edu.br\/unidades\/valenca\/wp-json\/wp\/v2\/posts\/805"}],"collection":[{"href":"https:\/\/www.ifbaiano.edu.br\/unidades\/valenca\/wp-json\/wp\/v2\/posts"}],"about":[{"href":"https:\/\/www.ifbaiano.edu.br\/unidades\/valenca\/wp-json\/wp\/v2\/types\/post"}],"author":[{"embeddable":true,"href":"https:\/\/www.ifbaiano.edu.br\/unidades\/valenca\/wp-json\/wp\/v2\/users\/6"}],"replies":[{"embeddable":true,"href":"https:\/\/www.ifbaiano.edu.br\/unidades\/valenca\/wp-json\/wp\/v2\/comments?post=805"}],"version-history":[{"count":3,"href":"https:\/\/www.ifbaiano.edu.br\/unidades\/valenca\/wp-json\/wp\/v2\/posts\/805\/revisions"}],"predecessor-version":[{"id":808,"href":"https:\/\/www.ifbaiano.edu.br\/unidades\/valenca\/wp-json\/wp\/v2\/posts\/805\/revisions\/808"}],"wp:attachment":[{"href":"https:\/\/www.ifbaiano.edu.br\/unidades\/valenca\/wp-json\/wp\/v2\/media?parent=805"}],"wp:term":[{"taxonomy":"category","embeddable":true,"href":"https:\/\/www.ifbaiano.edu.br\/unidades\/valenca\/wp-json\/wp\/v2\/categories?post=805"},{"taxonomy":"post_tag","embeddable":true,"href":"https:\/\/www.ifbaiano.edu.br\/unidades\/valenca\/wp-json\/wp\/v2\/tags?post=805"}],"curies":[{"name":"wp","href":"https:\/\/api.w.org\/{rel}","templated":true}]}}