{"id":8062,"date":"2022-08-10T12:36:18","date_gmt":"2022-08-10T15:36:18","guid":{"rendered":"https:\/\/www.ifbaiano.edu.br\/unidades\/valenca\/?p=8062"},"modified":"2022-09-09T11:23:24","modified_gmt":"2022-09-09T14:23:24","slug":"divulgado-edital-de-matricula-do-processo-seletivo-2022-para-curso-de-pos-graduacao","status":"publish","type":"post","link":"https:\/\/www.ifbaiano.edu.br\/unidades\/valenca\/2022\/08\/10\/divulgado-edital-de-matricula-do-processo-seletivo-2022-para-curso-de-pos-graduacao\/","title":{"rendered":"Divulgado edital de matr\u00edcula do processo seletivo 2022 para curso de p\u00f3s-gradua\u00e7\u00e3o"},"content":{"rendered":"\n<p>As matr\u00edculas ser\u00e3o realizadas no per\u00edodo de 09 a 26 de agosto, na secretaria acad\u00eamica do campus Valen\u00e7a<\/p>\n\n\n\n<p>O&nbsp;IF Baiano <em>campus<\/em>&nbsp;Valen\u00e7a torna p\u00fablico o edital que regula a matr\u00edcula dos candidatos aprovados no curso de p\u00f3s-gradua\u00e7\u00e3o&nbsp;<em>Lato Sensu<\/em>&nbsp;em Leitura e Produ\u00e7\u00e3o Textual Aplicadas \u00e0 Educa\u00e7\u00e3o de Jovens e Adultos (POSLET), do Processo Seletivo para Ingresso de Estudantes 2022. A matr\u00edcula dever\u00e1 ser realizada de forma presencial, na Secretaria de Registros Acad\u00eamicos do IF Baiano \u2013 campus Valen\u00e7a, pelo candidato ou por procurador legalmente constitu\u00eddo, at\u00e9 o dia 26 de agosto. <\/p>\n\n\n\n<p>Para mais informa\u00e7\u00f5es, confira o <a href=\"https:\/\/www.ifbaiano.edu.br\/unidades\/valenca\/files\/2022\/08\/Edital-no-15-de-matricula-do-processo-seletivo-2022-para-o-curso-de-pos-graduacaoPoslet.pdf\">edital<\/a> na \u00edntegra com a listagem de toda documenta\u00e7\u00e3o necess\u00e1ria para a realiza\u00e7\u00e3o da matr\u00edcula. <\/p>\n\n\n\n<p>Acesse <strong><a href=\"https:\/\/www.ifbaiano.edu.br\/unidades\/valenca\/2022\/04\/27\/campus-valenca-oferta-35-vagas-em-curso-de-especializacao-na-area-de-educacao\/\">AQUI<\/a><\/strong> o resultado final e todas as etapas anteriores da sele\u00e7\u00e3o.<\/p>\n\n\n\n<div id=\"ProreitoriaTopoTitulo\">\n\t\t\t\t\tEditais e Documentos\n\t\t\t\t<\/div>\n\n\n\n<div class=\"wp-block-file\"><a href=\"https:\/\/www.ifbaiano.edu.br\/unidades\/valenca\/files\/2022\/08\/Edital-no-15-de-matricula-do-processo-seletivo-2022-para-o-curso-de-pos-graduacaoPoslet.pdf\">Edital n\u00ba 15<\/a><\/div>\n","protected":false},"excerpt":{"rendered":"<p>As matr\u00edculas ser\u00e3o realizadas no per\u00edodo de 09 a 26 de agosto, na secretaria acad\u00eamica do campus Valen\u00e7a O&nbsp;IF Baiano campus&nbsp;Valen\u00e7a torna p\u00fablico o edital que regula a matr\u00edcula dos candidatos aprovados no curso de p\u00f3s-gradua\u00e7\u00e3o&nbsp;Lato Sensu&nbsp;em Leitura e Produ\u00e7\u00e3o Textual Aplicadas \u00e0 Educa\u00e7\u00e3o de Jovens e Adultos (POSLET), do Processo Seletivo para Ingresso de [&hellip;]<\/p>\n","protected":false},"author":146,"featured_media":7206,"comment_status":"open","ping_status":"open","sticky":false,"template":"","format":"standard","meta":[],"categories":[60,12,35,9,63],"tags":[71,120,188,186,80],"_links":{"self":[{"href":"https:\/\/www.ifbaiano.edu.br\/unidades\/valenca\/wp-json\/wp\/v2\/posts\/8062"}],"collection":[{"href":"https:\/\/www.ifbaiano.edu.br\/unidades\/valenca\/wp-json\/wp\/v2\/posts"}],"about":[{"href":"https:\/\/www.ifbaiano.edu.br\/unidades\/valenca\/wp-json\/wp\/v2\/types\/post"}],"author":[{"embeddable":true,"href":"https:\/\/www.ifbaiano.edu.br\/unidades\/valenca\/wp-json\/wp\/v2\/users\/146"}],"replies":[{"embeddable":true,"href":"https:\/\/www.ifbaiano.edu.br\/unidades\/valenca\/wp-json\/wp\/v2\/comments?post=8062"}],"version-history":[{"count":12,"href":"https:\/\/www.ifbaiano.edu.br\/unidades\/valenca\/wp-json\/wp\/v2\/posts\/8062\/revisions"}],"predecessor-version":[{"id":8078,"href":"https:\/\/www.ifbaiano.edu.br\/unidades\/valenca\/wp-json\/wp\/v2\/posts\/8062\/revisions\/8078"}],"wp:featuredmedia":[{"embeddable":true,"href":"https:\/\/www.ifbaiano.edu.br\/unidades\/valenca\/wp-json\/wp\/v2\/media\/7206"}],"wp:attachment":[{"href":"https:\/\/www.ifbaiano.edu.br\/unidades\/valenca\/wp-json\/wp\/v2\/media?parent=8062"}],"wp:term":[{"taxonomy":"category","embeddable":true,"href":"https:\/\/www.ifbaiano.edu.br\/unidades\/valenca\/wp-json\/wp\/v2\/categories?post=8062"},{"taxonomy":"post_tag","embeddable":true,"href":"https:\/\/www.ifbaiano.edu.br\/unidades\/valenca\/wp-json\/wp\/v2\/tags?post=8062"}],"curies":[{"name":"wp","href":"https:\/\/api.w.org\/{rel}","templated":true}]}}