{"id":8080,"date":"2022-08-11T15:38:19","date_gmt":"2022-08-11T18:38:19","guid":{"rendered":"https:\/\/www.ifbaiano.edu.br\/unidades\/valenca\/?p=8080"},"modified":"2022-09-09T11:24:18","modified_gmt":"2022-09-09T14:24:18","slug":"renovacao-de-matricula-2022-1","status":"publish","type":"post","link":"https:\/\/www.ifbaiano.edu.br\/unidades\/valenca\/2022\/08\/11\/renovacao-de-matricula-2022-1\/","title":{"rendered":"Renova\u00e7\u00e3o de Matr\u00edcula 2022.1"},"content":{"rendered":"\n<p>A Secretaria de Registros Acad\u00eamicos do IF Baiano \u2013 Campus Valen\u00e7a convoca todos os discentes dos cursos na modalidade Integrado para a renova\u00e7\u00e3o da matr\u00edcula para o ano\/semestre letivo 2022.1.<\/p>\n\n\n\n<p>A renova\u00e7\u00e3o de matr\u00edcula ser\u00e1 realizada atrav\u00e9s do portal do aluno no <strong><a href=\"https:\/\/suap.ifbaiano.edu.br\/accounts\/login\/?next=\/\" target=\"_blank\" rel=\"noreferrer noopener\">Sistema Acad\u00eamico SUAP<\/a><\/strong>, seguindo as orienta\u00e7\u00f5es que constam no ANEXO I do edital, no per\u00edodo de&nbsp;15 de agosto&nbsp;at\u00e9 \u00e0s 23h59min do dia&nbsp;19 de agosto&nbsp;de 2022.<\/p>\n\n\n\n<p>O discente que ingressou no IF Baiano &#8211; Campus Valen\u00e7a em 2021 e N\u00c3O ATENDEU a convoca\u00e7\u00e3o para entrega da documenta\u00e7\u00e3o (c\u00f3pias e originais para confer\u00eancia), enviada na matricula online, conforme disposto no Edital n\u00ba 94, de&nbsp;05 de agosto&nbsp;de 2021, DEVER\u00c3O comparecer ao Campus Valen\u00e7a entre os dias&nbsp;15&nbsp;e&nbsp;19\/08\/2022, das 08h \u00e0s 16h para regulariza\u00e7\u00e3o da pend\u00eancia e renova\u00e7\u00e3o de matr\u00edcula.<\/p>\n\n\n\n<p>Acesse abaixo o edital:<\/p>\n\n\n\n<p><a href=\"https:\/\/www.ifbaiano.edu.br\/unidades\/valenca\/files\/2022\/08\/Retificacao-do-edital-no-16-de-renovacao-de-matricula-\u2013-cursos-integrado.pdf\">Edital de retifica\u00e7\u00e3o<\/a> &#8211; <span style=\"color: #ff0000\"><strong>(retifica\u00e7\u00e3o do edital n\u00ba 16)<\/strong><\/span> <\/p>\n\n\n\n<p><a rel=\"noreferrer noopener\" href=\"https:\/\/www.ifbaiano.edu.br\/unidades\/valenca\/files\/2022\/08\/Edital-no-16-Renovacao-de-matricula.pdf\" target=\"_blank\">Edital n\u00ba 16, de 11 de agosto de 2022<\/a><\/p>\n","protected":false},"excerpt":{"rendered":"<p>Para os discentes dos cursos integrados T\u00e9cnico em Agropecu\u00e1ria e T\u00e9cnico em Agroecologia do Campus Valen\u00e7a<\/p>\n","protected":false},"author":74,"featured_media":0,"comment_status":"open","ping_status":"open","sticky":false,"template":"","format":"standard","meta":[],"categories":[63],"tags":[],"_links":{"self":[{"href":"https:\/\/www.ifbaiano.edu.br\/unidades\/valenca\/wp-json\/wp\/v2\/posts\/8080"}],"collection":[{"href":"https:\/\/www.ifbaiano.edu.br\/unidades\/valenca\/wp-json\/wp\/v2\/posts"}],"about":[{"href":"https:\/\/www.ifbaiano.edu.br\/unidades\/valenca\/wp-json\/wp\/v2\/types\/post"}],"author":[{"embeddable":true,"href":"https:\/\/www.ifbaiano.edu.br\/unidades\/valenca\/wp-json\/wp\/v2\/users\/74"}],"replies":[{"embeddable":true,"href":"https:\/\/www.ifbaiano.edu.br\/unidades\/valenca\/wp-json\/wp\/v2\/comments?post=8080"}],"version-history":[{"count":3,"href":"https:\/\/www.ifbaiano.edu.br\/unidades\/valenca\/wp-json\/wp\/v2\/posts\/8080\/revisions"}],"predecessor-version":[{"id":8095,"href":"https:\/\/www.ifbaiano.edu.br\/unidades\/valenca\/wp-json\/wp\/v2\/posts\/8080\/revisions\/8095"}],"wp:attachment":[{"href":"https:\/\/www.ifbaiano.edu.br\/unidades\/valenca\/wp-json\/wp\/v2\/media?parent=8080"}],"wp:term":[{"taxonomy":"category","embeddable":true,"href":"https:\/\/www.ifbaiano.edu.br\/unidades\/valenca\/wp-json\/wp\/v2\/categories?post=8080"},{"taxonomy":"post_tag","embeddable":true,"href":"https:\/\/www.ifbaiano.edu.br\/unidades\/valenca\/wp-json\/wp\/v2\/tags?post=8080"}],"curies":[{"name":"wp","href":"https:\/\/api.w.org\/{rel}","templated":true}]}}