{"id":8086,"date":"2022-08-22T15:42:31","date_gmt":"2022-08-22T18:42:31","guid":{"rendered":"https:\/\/www.ifbaiano.edu.br\/unidades\/valenca\/?p=8086"},"modified":"2022-09-09T11:23:11","modified_gmt":"2022-09-09T14:23:11","slug":"convocacao-para-a-renovacao-de-matricula-2022-1-cursos-tecnicos-subsequentes","status":"publish","type":"post","link":"https:\/\/www.ifbaiano.edu.br\/unidades\/valenca\/2022\/08\/22\/convocacao-para-a-renovacao-de-matricula-2022-1-cursos-tecnicos-subsequentes\/","title":{"rendered":"Convoca\u00e7\u00e3o para a renova\u00e7\u00e3o de matr\u00edcula 2022.1 &#8211; Cursos t\u00e9cnicos subsequentes"},"content":{"rendered":"\n<p><em>O processo deve ser feito presencialmente na Secretaria do campus at\u00e9 31 de agosto <\/em><\/p>\n\n\n\n<p>A Secretaria de Registros Acad\u00eamicos do IF Baiano \u2013 <em>campus <\/em>Valen\u00e7a convoca todos os discentes dos cursos na modalidade Subsequente para a renova\u00e7\u00e3o da matr\u00edcula para o ano\/semestre letivo 2022.1. A renova\u00e7\u00e3o ser\u00e1 realizada presencialmente na Secretaria do <em>campus<\/em>, entre os dias&nbsp;24 e&nbsp;31 de agosto&nbsp;de 2022, seguindo os hor\u00e1rios dispostos no subitem 1.1 do <a rel=\"noreferrer noopener\" href=\"https:\/\/www.ifbaiano.edu.br\/unidades\/valenca\/files\/2022\/08\/Edital-no-17-de-renovacao-de-matricula-cursos-tecnicos-subsequentes.pdf\" target=\"_blank\">edital<\/a>.<\/p>\n\n\n\n<p>Os discentes que ingressaram no IF Baiano em 2021 e N\u00c3O ATENDERAM a convoca\u00e7\u00e3o para entrega da documenta\u00e7\u00e3o (c\u00f3pias e originais para confer\u00eancia), enviada na matr\u00edcula online, conforme disposto no <a rel=\"noreferrer noopener\" href=\"https:\/\/concurso.ifbaiano.edu.br\/portal\/ingresso-de-estudantes-2021\/wp-content\/uploads\/sites\/402\/2021\/08\/Edital-no-93-de-05-de-agosto-de-2021-Edital-de-Matricula-Subsequente.pdf\" target=\"_blank\">Edital n\u00ba 93, de&nbsp;05 de agosto&nbsp;de 2021<\/a>, DEVER\u00c3O comparecer ao <em>campus<\/em>, no per\u00edodo mencionando acima, para regulariza\u00e7\u00e3o da pend\u00eancia e renova\u00e7\u00e3o de matr\u00edcula.<\/p>\n\n\n\n<p>Para mais detalhes, confira o edital abaixo. <\/p>\n\n\n\n<div id=\"ProreitoriaTopoTitulo\">\n\t\t\t\t\tEditais e Documentos\n\t\t\t\t<\/div>\n\n\n\n<div class=\"wp-block-file\"><a href=\"https:\/\/www.ifbaiano.edu.br\/unidades\/valenca\/files\/2022\/08\/Edital-no-17-de-renovacao-de-matricula-cursos-tecnicos-subsequentes.pdf\"><strong>Edital n\u00ba 17<\/strong><\/a><\/div>\n","protected":false},"excerpt":{"rendered":"<p>O processo deve ser feito presencialmente na Secretaria do campus at\u00e9 31 de agosto A Secretaria de Registros Acad\u00eamicos do IF Baiano \u2013 campus Valen\u00e7a convoca todos os discentes dos cursos na modalidade Subsequente para a renova\u00e7\u00e3o da matr\u00edcula para o ano\/semestre letivo 2022.1. A renova\u00e7\u00e3o ser\u00e1 realizada presencialmente na Secretaria do campus, entre os [&hellip;]<\/p>\n","protected":false},"author":146,"featured_media":8099,"comment_status":"open","ping_status":"open","sticky":false,"template":"","format":"standard","meta":[],"categories":[35,63],"tags":[71,122,132],"_links":{"self":[{"href":"https:\/\/www.ifbaiano.edu.br\/unidades\/valenca\/wp-json\/wp\/v2\/posts\/8086"}],"collection":[{"href":"https:\/\/www.ifbaiano.edu.br\/unidades\/valenca\/wp-json\/wp\/v2\/posts"}],"about":[{"href":"https:\/\/www.ifbaiano.edu.br\/unidades\/valenca\/wp-json\/wp\/v2\/types\/post"}],"author":[{"embeddable":true,"href":"https:\/\/www.ifbaiano.edu.br\/unidades\/valenca\/wp-json\/wp\/v2\/users\/146"}],"replies":[{"embeddable":true,"href":"https:\/\/www.ifbaiano.edu.br\/unidades\/valenca\/wp-json\/wp\/v2\/comments?post=8086"}],"version-history":[{"count":7,"href":"https:\/\/www.ifbaiano.edu.br\/unidades\/valenca\/wp-json\/wp\/v2\/posts\/8086\/revisions"}],"predecessor-version":[{"id":8097,"href":"https:\/\/www.ifbaiano.edu.br\/unidades\/valenca\/wp-json\/wp\/v2\/posts\/8086\/revisions\/8097"}],"wp:featuredmedia":[{"embeddable":true,"href":"https:\/\/www.ifbaiano.edu.br\/unidades\/valenca\/wp-json\/wp\/v2\/media\/8099"}],"wp:attachment":[{"href":"https:\/\/www.ifbaiano.edu.br\/unidades\/valenca\/wp-json\/wp\/v2\/media?parent=8086"}],"wp:term":[{"taxonomy":"category","embeddable":true,"href":"https:\/\/www.ifbaiano.edu.br\/unidades\/valenca\/wp-json\/wp\/v2\/categories?post=8086"},{"taxonomy":"post_tag","embeddable":true,"href":"https:\/\/www.ifbaiano.edu.br\/unidades\/valenca\/wp-json\/wp\/v2\/tags?post=8086"}],"curies":[{"name":"wp","href":"https:\/\/api.w.org\/{rel}","templated":true}]}}