{"id":809,"date":"2011-10-14T12:56:34","date_gmt":"2011-10-14T12:56:34","guid":{"rendered":"http:\/\/www.ifbaiano.edu.br\/unidades\/valenca\/?p=809"},"modified":"2011-10-14T14:42:38","modified_gmt":"2011-10-14T14:42:38","slug":"seminario-de-modernizacao-da-gestao-da-cacauicultura","status":"publish","type":"post","link":"https:\/\/www.ifbaiano.edu.br\/unidades\/valenca\/2011\/10\/14\/seminario-de-modernizacao-da-gestao-da-cacauicultura\/","title":{"rendered":"Semin\u00e1rio de Moderniza\u00e7\u00e3o da Gest\u00e3o da Cacauicultura"},"content":{"rendered":"<p align=\"JUSTIFY\">\n<p align=\"JUSTIFY\"><span><span style=\"font-size: medium\">O Semin\u00e1rio de Moderniza\u00e7\u00e3o da Gest\u00e3o da Cacauicultura ser\u00e1 na cidade de Camamu, no Clube Quiepe, no pr\u00f3ximo dia 25\/10\/2011(ter\u00e7a-feira), \u00e0s 7:30 horas.<\/span><\/span><\/p>\n<p><span><span style=\"font-size: medium\">O evento \u00e9 uma realiza\u00e7\u00e3o da CEPLAC\/CENEX\/VALE, atrav\u00e9s do E. L. de Camamu, com a colabora\u00e7\u00e3o da Prefeitura Municipal de Camamu.<\/span><\/span><br \/>\n<span><span style=\"font-size: medium\">Participe!<\/span><\/span><\/p>\n<p>&nbsp;<\/p>\n<p><span><span style=\"font-size: medium\">Confira programa\u00e7\u00e3o<\/span><\/span>:\u00a0 <a href=\"http:\/\/www.ifbaiano.edu.br\/unidades\/valenca\/files\/2011\/10\/FOLDER-SEMINARIOcamamu.pdf\">FOLDER DO SEMIN\u00c1RIO<\/a><\/p>\n<p>&nbsp;<\/p>\n","protected":false},"excerpt":{"rendered":"<p>O Semin\u00e1rio de Moderniza\u00e7\u00e3o da Gest\u00e3o da Cacauicultura ser\u00e1 na cidade de Camamu, no Clube Quiepe, no pr\u00f3ximo dia 25\/10\/2011(ter\u00e7a-feira), \u00e0s 7:30 horas. O evento \u00e9 uma realiza\u00e7\u00e3o da CEPLAC\/CENEX\/VALE, atrav\u00e9s do E. L. de Camamu, com a colabora\u00e7\u00e3o da Prefeitura Municipal de Camamu. Participe! &nbsp; Confira programa\u00e7\u00e3o:\u00a0 FOLDER DO SEMIN\u00c1RIO &nbsp;<\/p>\n","protected":false},"author":6,"featured_media":0,"comment_status":"open","ping_status":"open","sticky":false,"template":"","format":"standard","meta":[],"categories":[28],"tags":[],"_links":{"self":[{"href":"https:\/\/www.ifbaiano.edu.br\/unidades\/valenca\/wp-json\/wp\/v2\/posts\/809"}],"collection":[{"href":"https:\/\/www.ifbaiano.edu.br\/unidades\/valenca\/wp-json\/wp\/v2\/posts"}],"about":[{"href":"https:\/\/www.ifbaiano.edu.br\/unidades\/valenca\/wp-json\/wp\/v2\/types\/post"}],"author":[{"embeddable":true,"href":"https:\/\/www.ifbaiano.edu.br\/unidades\/valenca\/wp-json\/wp\/v2\/users\/6"}],"replies":[{"embeddable":true,"href":"https:\/\/www.ifbaiano.edu.br\/unidades\/valenca\/wp-json\/wp\/v2\/comments?post=809"}],"version-history":[{"count":3,"href":"https:\/\/www.ifbaiano.edu.br\/unidades\/valenca\/wp-json\/wp\/v2\/posts\/809\/revisions"}],"predecessor-version":[{"id":814,"href":"https:\/\/www.ifbaiano.edu.br\/unidades\/valenca\/wp-json\/wp\/v2\/posts\/809\/revisions\/814"}],"wp:attachment":[{"href":"https:\/\/www.ifbaiano.edu.br\/unidades\/valenca\/wp-json\/wp\/v2\/media?parent=809"}],"wp:term":[{"taxonomy":"category","embeddable":true,"href":"https:\/\/www.ifbaiano.edu.br\/unidades\/valenca\/wp-json\/wp\/v2\/categories?post=809"},{"taxonomy":"post_tag","embeddable":true,"href":"https:\/\/www.ifbaiano.edu.br\/unidades\/valenca\/wp-json\/wp\/v2\/tags?post=809"}],"curies":[{"name":"wp","href":"https:\/\/api.w.org\/{rel}","templated":true}]}}