{"id":8104,"date":"2022-08-24T10:06:32","date_gmt":"2022-08-24T13:06:32","guid":{"rendered":"https:\/\/www.ifbaiano.edu.br\/unidades\/valenca\/?p=8104"},"modified":"2022-09-09T11:22:48","modified_gmt":"2022-09-09T14:22:48","slug":"if-baiano-recebe-delegacao-mocambicana-no-campus-valenca-para-troca-de-experiencias","status":"publish","type":"post","link":"https:\/\/www.ifbaiano.edu.br\/unidades\/valenca\/2022\/08\/24\/if-baiano-recebe-delegacao-mocambicana-no-campus-valenca-para-troca-de-experiencias\/","title":{"rendered":"IF Baiano recebe delega\u00e7\u00e3o mo\u00e7ambicana no Campus Valen\u00e7a para troca de experi\u00eancias"},"content":{"rendered":"\n<p><em>A Miss\u00e3o Mo\u00e7ambique \u00e9 fruto de uma coopera\u00e7\u00e3o t\u00e9cnica que resultar\u00e1 na cria\u00e7\u00e3o de um centro agr\u00edcola de educa\u00e7\u00e3o profissional inspirado nos Institutos Federais de Educa\u00e7\u00e3o Profissional e Tecnol\u00f3gica<\/em><\/p>\n\n\n\n<p>O Campus do Instituto Federal Baiano em Valen\u00e7a recebeu a visita de uma delega\u00e7\u00e3o mo\u00e7ambicana nos \u00faltimos dias 19 e 20 para conhecer a estrutura do campus e seus projetos de pesquisa e extens\u00e3o. A Miss\u00e3o Mo\u00e7ambique \u00e9 fruto de uma coopera\u00e7\u00e3o t\u00e9cnica entre o Brasil e Mo\u00e7ambique que resultar\u00e1 na cria\u00e7\u00e3o de um centro agr\u00edcola de educa\u00e7\u00e3o profissional inspirado nos Institutos Federais de Educa\u00e7\u00e3o Profissional e Tecnol\u00f3gica.<\/p>\n\n\n\n<p>A delega\u00e7\u00e3o \u00e9 composta por seis representantes de tr\u00eas institui\u00e7\u00f5es ligadas \u00e0 educa\u00e7\u00e3o, pesquisa, profissionaliza\u00e7\u00e3o e produ\u00e7\u00e3o do algod\u00e3o: Vict\u00f3ria Nhampalele, chefe do Departamento de Coopera\u00e7\u00e3o do IIAOM; D\u00e9rcia Bai-Bai Guedes, diretora de projetos do IAOM; Manoel Pedro Maleia, pesquisador e gestor Centro de Melhoramento e Investiga\u00e7\u00e3o da Semente do Algod\u00e3o de Namialo \u2013 CIMSAN\/IIAM; Joaquim Jo\u00e3o, t\u00e9cnico do CIMSAN\/IIAM; Ivone Macule Ussaca, diretora-geral adjunta do IFPELAC; e Abdurramane Bin Abdurramane Nemane, diretor do Centro de Forma\u00e7\u00e3o Profissional de Nampula (IFPELAC).<\/p>\n\n\n\n<p>Para a Bahia, a delega\u00e7\u00e3o veio acompanhada por membros da Ag\u00eancia Brasileira de Coopera\u00e7\u00e3o \u2013 ABC, do Minist\u00e9rio de Rela\u00e7\u00f5es Exteriores, al\u00e9m de professores e pesquisadores do IF Sul de Minas e Universidade Federal de Lavras \u2013 UFLA: Paula Rougemont, analista de projetos respons\u00e1vel pela coopera\u00e7\u00e3o t\u00e9cnica com Mo\u00e7ambique da ABC; Simone Dantas Souza, auxiliar de projetos da ABC; Beatriz Tembe, assistente de coopera\u00e7\u00e3o da Embaixada do Brasil em Maputo; Marcelo Breganoli, ex-reitor do IF Sul de Minas; Francisco Sobral, coordenador do Projeto Caminhos do Algod\u00e3o, IF Sul de Minas\/IFSC; Heloisa Oliveira dos Santos, professora da UFLA; Rafael Peron Castro, professor da UFLA; e Mar\u00edlia Mendes Guaraldo, UFLA.<\/p>\n\n\n\n<div class=\"wp-block-columns are-vertically-aligned-bottom is-layout-flex wp-container-4\">\n<div class=\"wp-block-column is-vertically-aligned-bottom is-layout-flow\">\n<div class=\"wp-block-image is-style-default\"><figure class=\"aligncenter size-full\"><img decoding=\"async\" loading=\"lazy\" width=\"1280\" height=\"850\" src=\"https:\/\/www.ifbaiano.edu.br\/unidades\/valenca\/files\/2022\/08\/876876.jpg\" alt=\"\" class=\"wp-image-8109\" \/><\/figure><\/div>\n<\/div>\n\n\n\n<div class=\"wp-block-column is-vertically-aligned-bottom is-layout-flow\">\n<div class=\"wp-block-image is-style-default\"><figure class=\"aligncenter size-full\"><img decoding=\"async\" loading=\"lazy\" width=\"1280\" height=\"719\" src=\"https:\/\/www.ifbaiano.edu.br\/unidades\/valenca\/files\/2022\/08\/8786989.jpg\" alt=\"\" class=\"wp-image-8110\" \/><\/figure><\/div>\n<\/div>\n\n\n\n<div class=\"wp-block-column is-vertically-aligned-bottom is-layout-flow\">\n<div class=\"wp-block-image is-style-default\"><figure class=\"aligncenter size-full\"><img decoding=\"async\" loading=\"lazy\" width=\"1280\" height=\"850\" src=\"https:\/\/www.ifbaiano.edu.br\/unidades\/valenca\/files\/2022\/08\/876876.jpg\" alt=\"\" class=\"wp-image-8109\" \/><\/figure><\/div>\n<\/div>\n<\/div>\n\n\n\n<p>A comitiva foi recebida no campus na manh\u00e3 de sexta-feira pela diretora acad\u00eamica, Dislene Cardoso de Brito, e pelo diretor administrativo e de planejamento do campus, Cristiano de Jesus. O reitor do IF Baiano, A\u00e9cio Jos\u00e9 Duarte, tamb\u00e9m foi \u00e0 Valen\u00e7a, acompanhado de membros da sua equipe, como a pr\u00f3-reitora de Extens\u00e3o, Calila Teixeira Santos; o diretor executivo, Marcelito Trindade Almeida; a assessora de Rela\u00e7\u00f5es Internacionais, Polliana Monteiro; e o Coordenador Geral de Qualifica\u00e7\u00e3o Profissional, Lu\u00eds Henrique Alves Gomes.<br><br>Na ocasi\u00e3o, os mo\u00e7ambicanos conheceram iniciativas de ensino, pesquisa, extens\u00e3o, cooperativa-escola, empresas juniores e escola-fazenda, com a participa\u00e7\u00e3o de servidores, estudantes e parceiros locais.<\/p>\n\n\n\n<p>O reitor A\u00e9cio explica que o IF Baiano foi uma das institui\u00e7\u00f5es escolhidas para representar a Rede Federal nesta a\u00e7\u00e3o por ser uma institui\u00e7\u00e3o agr\u00edcola que tem uma realidade muito pr\u00f3xima do projeto que envolve a Miss\u00e3o Mo\u00e7ambique e que ajudar\u00e1 a estruturar um centro de forma\u00e7\u00e3o profissional e tecnol\u00f3gica em Mo\u00e7ambique. \u201cA ideia era aproveitar esses dois dias para mostrar alguns aspectos formativos nossos e a\u00ed a gente deu prioridade para mostrar algumas iniciativas que conseguem conciliar ensino, pesquisa e extens\u00e3o que \u00e9 justamente a fei\u00e7\u00e3o formativa da Rede Federal\u201d.<\/p>\n\n\n\n<p>Os alunos das Empresas Jr. do Campus Guanambi mostraram seu tino empreendedor e tamb\u00e9m solid\u00e1rio junto \u00e0 comunidade em momentos de crise como enchentes e pandemia; j\u00e1 as alunas de projetos de extens\u00e3o e pesquisa agr\u00edcola e de educa\u00e7\u00e3o ambiental mostraram que no contato com a comunidade, elas n\u00e3o apenas ensinavam as t\u00e9cnicas adquiridas na escola, mas tamb\u00e9m aprendiam com as agricultoras e agricultores t\u00e9cnicas e conhecimentos tradicionais populares.<\/p>\n\n\n\n<p><strong>Confira a mat\u00e9ria completa, <a href=\"https:\/\/ifbaiano.edu.br\/portal\/blog\/if-baiano-recebe-delegacao-mocambicana-no-campus-valenca-para-troca-de-experiencias\/\">AQUI<\/a>.<\/strong> <\/p>\n\n\n\n<hr class=\"wp-block-separator is-style-wide\" \/>\n\n\n\n<p>Mat\u00e9ria ASCOM dispon\u00edvel em:\u00a0<em>https:\/\/ifbaiano.edu.br\/portal\/blog\/if-baiano-recebe-delegacao-mocambicana-no-campus-valenca-para-troca-de-experiencias\/<\/em><\/p>\n","protected":false},"excerpt":{"rendered":"<p>A Miss\u00e3o Mo\u00e7ambique \u00e9 fruto de uma coopera\u00e7\u00e3o t\u00e9cnica que resultar\u00e1 na cria\u00e7\u00e3o de um centro agr\u00edcola de educa\u00e7\u00e3o profissional inspirado nos Institutos Federais de Educa\u00e7\u00e3o Profissional e Tecnol\u00f3gica O Campus do Instituto Federal Baiano em Valen\u00e7a recebeu a visita de uma delega\u00e7\u00e3o mo\u00e7ambicana nos \u00faltimos dias 19 e 20 para conhecer a estrutura do [&hellip;]<\/p>\n","protected":false},"author":146,"featured_media":8110,"comment_status":"closed","ping_status":"open","sticky":false,"template":"","format":"standard","meta":[],"categories":[63],"tags":[223,224],"_links":{"self":[{"href":"https:\/\/www.ifbaiano.edu.br\/unidades\/valenca\/wp-json\/wp\/v2\/posts\/8104"}],"collection":[{"href":"https:\/\/www.ifbaiano.edu.br\/unidades\/valenca\/wp-json\/wp\/v2\/posts"}],"about":[{"href":"https:\/\/www.ifbaiano.edu.br\/unidades\/valenca\/wp-json\/wp\/v2\/types\/post"}],"author":[{"embeddable":true,"href":"https:\/\/www.ifbaiano.edu.br\/unidades\/valenca\/wp-json\/wp\/v2\/users\/146"}],"replies":[{"embeddable":true,"href":"https:\/\/www.ifbaiano.edu.br\/unidades\/valenca\/wp-json\/wp\/v2\/comments?post=8104"}],"version-history":[{"count":22,"href":"https:\/\/www.ifbaiano.edu.br\/unidades\/valenca\/wp-json\/wp\/v2\/posts\/8104\/revisions"}],"predecessor-version":[{"id":8129,"href":"https:\/\/www.ifbaiano.edu.br\/unidades\/valenca\/wp-json\/wp\/v2\/posts\/8104\/revisions\/8129"}],"wp:featuredmedia":[{"embeddable":true,"href":"https:\/\/www.ifbaiano.edu.br\/unidades\/valenca\/wp-json\/wp\/v2\/media\/8110"}],"wp:attachment":[{"href":"https:\/\/www.ifbaiano.edu.br\/unidades\/valenca\/wp-json\/wp\/v2\/media?parent=8104"}],"wp:term":[{"taxonomy":"category","embeddable":true,"href":"https:\/\/www.ifbaiano.edu.br\/unidades\/valenca\/wp-json\/wp\/v2\/categories?post=8104"},{"taxonomy":"post_tag","embeddable":true,"href":"https:\/\/www.ifbaiano.edu.br\/unidades\/valenca\/wp-json\/wp\/v2\/tags?post=8104"}],"curies":[{"name":"wp","href":"https:\/\/api.w.org\/{rel}","templated":true}]}}