{"id":811,"date":"2011-10-14T14:31:15","date_gmt":"2011-10-14T14:31:15","guid":{"rendered":"http:\/\/www.ifbaiano.edu.br\/unidades\/valenca\/?p=811"},"modified":"2011-10-14T14:45:40","modified_gmt":"2011-10-14T14:45:40","slug":"revista-desenbahia-recebe-artigos-para-a-16%c2%aa-edicao","status":"publish","type":"post","link":"https:\/\/www.ifbaiano.edu.br\/unidades\/valenca\/2011\/10\/14\/revista-desenbahia-recebe-artigos-para-a-16%c2%aa-edicao\/","title":{"rendered":"Revista Desenbahia recebe artigos para a 16\u00aa edi\u00e7\u00e3o"},"content":{"rendered":"<p><span style=\"color: #000000\"><span style=\"font-size: small\">Os pesquisadores que tiverem interesse em ter seus trabalhos publicados na Revista Desenbahia devem ficar atentos ao prazo para submiss\u00e3o de artigos, que foi iniciado nesta quinta-feira, 13 de outubro, e prossegue at\u00e9 o dia 4 de dezembro. <\/span><\/span> <span style=\"color: #000000;font-size: small\">\u00a0<\/span><br \/>\n<span style=\"color: #000000;font-size: small\"><br \/>\nOs trabalhos devem, prioritariamente, abordar temas ligados \u00e0 Economia Baiana, Economia Regional ou Financiamento do Desenvolvimento. O material dever\u00e1 ser enviado para o e-mail <\/span><a href=\"mailto:revista@desenbahia.ba.gov.br\"><span style=\"font-size: small\">revista@desenbahia.ba.gov.br<\/span><\/a><span style=\"color: #000000;font-size: small\"> e precisa atender \u00e0s especifica\u00e7\u00f5es dispon\u00edveis no site da Desenbahia: <\/span><a href=\"http:\/\/www.desenbahia.ba.gov.br\/\" target=\"_blank\"><span style=\"color: #800080;font-size: small\">www.desenbahia.ba.gov.br<\/span><\/a><span style=\"color: #000000\"><span style=\"font-size: small\">. <\/span><\/span> <span style=\"color: #000000;font-size: small\">\u00a0<\/span><br \/>\n<span style=\"color: #000000\"><span style=\"font-size: small\"><br \/>\nA 16\u00aa edi\u00e7\u00e3o da Revista Desenbahia ser\u00e1 lan\u00e7ada no m\u00eas de mar\u00e7o de 2012, no audit\u00f3rio da ag\u00eancia baiana de fomento, em Salvador. Editada semestralmente, a publica\u00e7\u00e3o j\u00e1 veiculou 129 trabalhos cient\u00edficos selecionados por um conselho editorial independente, formado por professores doutores da \u00e1rea econ\u00f4mica de universidades baianas e de outros estados. <\/span><\/span> <span style=\"font-size: small\">\u00a0<\/span><br \/>\n<span style=\"font-size: small\"><br \/>\nA Revista Desenbahia foi criada em setembro de 2004 com o objetivo de inserir a institui\u00e7\u00e3o no debate acerca do desenvolvimento, criando um instrumento para estimular a profus\u00e3o de id\u00e9ias e a busca de solu\u00e7\u00f5es no \u00e2mbito dos \u00f3rg\u00e3os do Estado. Al\u00e9m disso, promove uma aproxima\u00e7\u00e3o mais estreita com universidades, centros de pesquisa e institui\u00e7\u00f5es p\u00fablicas. A publica\u00e7\u00e3o \u00e9 avaliada pelo sistema Qualis, da Coordena\u00e7\u00e3o de Aperfei\u00e7oamento de Pessoal de N\u00edvel Superior (Capes). <\/span> <span style=\"font-size: small\">\u00a0<\/span><br \/>\n<strong><span style=\"font-size: small\"><br \/>\nNormas para Publica\u00e7\u00e3o: <\/span><\/strong><a href=\"http:\/\/www.desenbahia.ba.gov.br\/uploads\/1310201116595203Normas%20para%20Publica%C3%A7%C3%A3o.pdf\" target=\"_blank\"><span style=\"color: #800080;font-size: small\">http:\/\/www.desenbahia.ba.gov.br\/uploads\/1310201116595203Normas%20para%20Publica\u00e7\u00e3o.pdf<\/span><\/a><\/p>\n<p><span style=\"font-size: small\"><br \/>\n<\/span><\/p>\n","protected":false},"excerpt":{"rendered":"<p>Os pesquisadores que tiverem interesse em ter seus trabalhos publicados na Revista Desenbahia devem ficar atentos ao prazo para submiss\u00e3o de artigos, que foi iniciado nesta quinta-feira, 13 de outubro, e prossegue at\u00e9 o dia 4 de dezembro. \u00a0 Os trabalhos devem, prioritariamente, abordar temas ligados \u00e0 Economia Baiana, Economia Regional ou Financiamento do Desenvolvimento. [&hellip;]<\/p>\n","protected":false},"author":6,"featured_media":0,"comment_status":"open","ping_status":"open","sticky":false,"template":"","format":"standard","meta":[],"categories":[30,1],"tags":[],"_links":{"self":[{"href":"https:\/\/www.ifbaiano.edu.br\/unidades\/valenca\/wp-json\/wp\/v2\/posts\/811"}],"collection":[{"href":"https:\/\/www.ifbaiano.edu.br\/unidades\/valenca\/wp-json\/wp\/v2\/posts"}],"about":[{"href":"https:\/\/www.ifbaiano.edu.br\/unidades\/valenca\/wp-json\/wp\/v2\/types\/post"}],"author":[{"embeddable":true,"href":"https:\/\/www.ifbaiano.edu.br\/unidades\/valenca\/wp-json\/wp\/v2\/users\/6"}],"replies":[{"embeddable":true,"href":"https:\/\/www.ifbaiano.edu.br\/unidades\/valenca\/wp-json\/wp\/v2\/comments?post=811"}],"version-history":[{"count":3,"href":"https:\/\/www.ifbaiano.edu.br\/unidades\/valenca\/wp-json\/wp\/v2\/posts\/811\/revisions"}],"predecessor-version":[{"id":813,"href":"https:\/\/www.ifbaiano.edu.br\/unidades\/valenca\/wp-json\/wp\/v2\/posts\/811\/revisions\/813"}],"wp:attachment":[{"href":"https:\/\/www.ifbaiano.edu.br\/unidades\/valenca\/wp-json\/wp\/v2\/media?parent=811"}],"wp:term":[{"taxonomy":"category","embeddable":true,"href":"https:\/\/www.ifbaiano.edu.br\/unidades\/valenca\/wp-json\/wp\/v2\/categories?post=811"},{"taxonomy":"post_tag","embeddable":true,"href":"https:\/\/www.ifbaiano.edu.br\/unidades\/valenca\/wp-json\/wp\/v2\/tags?post=811"}],"curies":[{"name":"wp","href":"https:\/\/api.w.org\/{rel}","templated":true}]}}