{"id":8137,"date":"2022-08-30T15:16:28","date_gmt":"2022-08-30T18:16:28","guid":{"rendered":"https:\/\/www.ifbaiano.edu.br\/unidades\/valenca\/?p=8137"},"modified":"2022-09-14T16:32:58","modified_gmt":"2022-09-14T19:32:58","slug":"campus-valenca-oferta-40-vagas-em-cursos-fic","status":"publish","type":"post","link":"https:\/\/www.ifbaiano.edu.br\/unidades\/valenca\/2022\/08\/30\/campus-valenca-oferta-40-vagas-em-cursos-fic\/","title":{"rendered":"Campus Valen\u00e7a oferta 40 vagas em cursos FIC"},"content":{"rendered":"\n<p><em>A Forma\u00e7\u00e3o Inicial e Continuada \u2013 FIC consiste em cursos de qualifica\u00e7\u00e3o, de forma\u00e7\u00e3o e<\/em> <em>aperfei\u00e7oamento profissional, de curta dura\u00e7\u00e3o. Todos os cursos s\u00e3o gratuitos e n\u00e3o possuem taxa de inscri\u00e7\u00e3o<\/em><\/p>\n\n\n\n<p>O Instituto Federal Baiano \u2013 <em>Campus <\/em>Valen\u00e7a lan\u00e7ou, nesta segunda-feira (29), o <a href=\"https:\/\/www.ifbaiano.edu.br\/unidades\/valenca\/files\/2022\/08\/Edital-no-156-de-26-de-agosto-de-2022-Cursos-FIC.pdf\" target=\"_blank\" rel=\"noreferrer noopener\">edital n\u00ba 156\/2022<\/a> de sele\u00e7\u00e3o para cursos gratuitos de Qualifica\u00e7\u00e3o Profissional, na modalidade de Forma\u00e7\u00e3o Inicial e\/ou Continuada \u2013 FIC. Os cursos s\u00e3o de curta dura\u00e7\u00e3o e ir\u00e3o ocorrer uma ou duas vezes por semana de forma presencial.<\/p>\n\n\n\n<p>S\u00e3o ofertadas 40 vagas, divididas em duas turmas, para o curso &#8220;O G\u00eanero Textual Reda\u00e7\u00e3o do Enem&#8221; com carga hor\u00e1ria de 40 horas. A inscri\u00e7\u00e3o dever\u00e1 ser feita na Secretaria do <em>Campus<\/em>, nos dias 05 e 06 de setembro, das 8h \u00e0s 12h e das 13h \u00e0s \u2013 17h, mediante apresenta\u00e7\u00e3o da documenta\u00e7\u00e3o exigida pelo edital. <\/p>\n\n\n\n<p>O candidato deve ter o Ensino M\u00e9dio completo ou em fase de conclus\u00e3o, documento oficial de identifica\u00e7\u00e3o com foto, CPF e documenta\u00e7\u00e3o comprobat\u00f3ria do pr\u00e9-requisito do curso, quando couber, conforme estabelecido no subitem 2.1.<\/p>\n\n\n\n<p>A sele\u00e7\u00e3o ser\u00e1 feita com base na ordem de inscri\u00e7\u00e3o dos candidatos, considerando data, hora, minuto e segundo de inscri\u00e7\u00e3o. Tamb\u00e9m ser\u00e1 levada em considera\u00e7\u00e3o a an\u00e1lise dos documentos apresentados no ato da inscri\u00e7\u00e3o. Ser\u00e3o aprovados os candidatos at\u00e9 o n\u00famero de vagas ofertadas, que cumprirem as exig\u00eancias do edital. Os candidatos classificados para al\u00e9m do n\u00famero de vagas ofertadas v\u00e3o compor a lista de espera.<\/p>\n\n\n\n<p>D\u00favidas sobre o processo dever\u00e3o ser encaminhadas para o e-mail: <a href=\"mailto:extensao@valenca.ifbaiano.edu.br\">extensao@valenca.ifbaiano.edu.br<\/a> ou pelo telefone (75) 3641-5270 &#8211; Coordena\u00e7\u00e3o de Extens\u00e3o.<\/p>\n\n\n\n<p>Acompanhe tamb\u00e9m o andamento dessa sele\u00e7\u00e3o no portal <strong><a rel=\"noreferrer noopener\" href=\"https:\/\/concurso.ifbaiano.edu.br\/portal\/fic-valenca-agosto-2022\/\" target=\"_blank\">Concursos e Sele\u00e7\u00f5es<\/a><\/strong>. <\/p>\n\n\n\n<div id=\"ProreitoriaTopoTitulo\">\n\t\t\t\t\tEditais e Documentos\n\t\t\t\t<\/div>\n\n\n\n<div class=\"wp-block-file\"><a href=\"https:\/\/www.ifbaiano.edu.br\/unidades\/valenca\/files\/2022\/08\/Lista-de-matriculados-pos-recurso-O-Genero-Textual-Redacao-do-Enem.pdf\">Lista de matriculados p\u00f3s-recurso<\/a><\/div>\n\n\n\n<div class=\"wp-block-file\"><a href=\"https:\/\/www.ifbaiano.edu.br\/unidades\/valenca\/files\/2022\/08\/Lista-de-matriculados-O-Genero-Textual-Redacao-do-Enem.pdf\">Lista de matriculados<\/a><\/div>\n\n\n\n<div class=\"wp-block-file\"><a href=\"https:\/\/www.ifbaiano.edu.br\/unidades\/valenca\/files\/2022\/08\/Edital-no-156-de-26-de-agosto-de-2022-Cursos-FIC.pdf\">Edital n\u00ba 156<\/a><\/div>\n\n\n\n<p><br><br><\/p>\n","protected":false},"excerpt":{"rendered":"<p>A Forma\u00e7\u00e3o Inicial e Continuada \u2013 FIC consiste em cursos de qualifica\u00e7\u00e3o, de forma\u00e7\u00e3o e aperfei\u00e7oamento profissional, de curta dura\u00e7\u00e3o. Todos os cursos s\u00e3o gratuitos e n\u00e3o possuem taxa de inscri\u00e7\u00e3o O Instituto Federal Baiano \u2013 Campus Valen\u00e7a lan\u00e7ou, nesta segunda-feira (29), o edital n\u00ba 156\/2022 de sele\u00e7\u00e3o para cursos gratuitos de Qualifica\u00e7\u00e3o Profissional, na [&hellip;]<\/p>\n","protected":false},"author":146,"featured_media":8152,"comment_status":"open","ping_status":"open","sticky":false,"template":"","format":"standard","meta":[],"categories":[60,5,35,48,32,63],"tags":[198,64,131,227],"_links":{"self":[{"href":"https:\/\/www.ifbaiano.edu.br\/unidades\/valenca\/wp-json\/wp\/v2\/posts\/8137"}],"collection":[{"href":"https:\/\/www.ifbaiano.edu.br\/unidades\/valenca\/wp-json\/wp\/v2\/posts"}],"about":[{"href":"https:\/\/www.ifbaiano.edu.br\/unidades\/valenca\/wp-json\/wp\/v2\/types\/post"}],"author":[{"embeddable":true,"href":"https:\/\/www.ifbaiano.edu.br\/unidades\/valenca\/wp-json\/wp\/v2\/users\/146"}],"replies":[{"embeddable":true,"href":"https:\/\/www.ifbaiano.edu.br\/unidades\/valenca\/wp-json\/wp\/v2\/comments?post=8137"}],"version-history":[{"count":13,"href":"https:\/\/www.ifbaiano.edu.br\/unidades\/valenca\/wp-json\/wp\/v2\/posts\/8137\/revisions"}],"predecessor-version":[{"id":8188,"href":"https:\/\/www.ifbaiano.edu.br\/unidades\/valenca\/wp-json\/wp\/v2\/posts\/8137\/revisions\/8188"}],"wp:featuredmedia":[{"embeddable":true,"href":"https:\/\/www.ifbaiano.edu.br\/unidades\/valenca\/wp-json\/wp\/v2\/media\/8152"}],"wp:attachment":[{"href":"https:\/\/www.ifbaiano.edu.br\/unidades\/valenca\/wp-json\/wp\/v2\/media?parent=8137"}],"wp:term":[{"taxonomy":"category","embeddable":true,"href":"https:\/\/www.ifbaiano.edu.br\/unidades\/valenca\/wp-json\/wp\/v2\/categories?post=8137"},{"taxonomy":"post_tag","embeddable":true,"href":"https:\/\/www.ifbaiano.edu.br\/unidades\/valenca\/wp-json\/wp\/v2\/tags?post=8137"}],"curies":[{"name":"wp","href":"https:\/\/api.w.org\/{rel}","templated":true}]}}