{"id":8179,"date":"2022-09-12T11:09:08","date_gmt":"2022-09-12T14:09:08","guid":{"rendered":"https:\/\/www.ifbaiano.edu.br\/unidades\/valenca\/?p=8179"},"modified":"2022-09-12T11:09:08","modified_gmt":"2022-09-12T14:09:08","slug":"if-baiano-oferta-100-vagas-em-tres-cursos-de-especializacao","status":"publish","type":"post","link":"https:\/\/www.ifbaiano.edu.br\/unidades\/valenca\/2022\/09\/12\/if-baiano-oferta-100-vagas-em-tres-cursos-de-especializacao\/","title":{"rendered":"IF Baiano oferta 100 vagas em tr\u00eas cursos de especializa\u00e7\u00e3o"},"content":{"rendered":"\n<p>Sa\u00edram tr\u00eas novos editais de sele\u00e7\u00e3o para cursos de p\u00f3s-gradua\u00e7\u00e3o Lato Sensu do IF Baiano. Juntos, os editais disponibilizam um total de 100 vagas.<\/p>\n\n\n\n<p>Confira cada uma das oportunidades:<\/p>\n\n\n\n<p><strong>Conserva\u00e7\u00e3o de Recursos Gen\u00e9ticos Animais e seus Sistemas de Produ\u00e7\u00e3o (CRGA&amp;SP)<\/strong><\/p>\n\n\n\n<p>O curso de P\u00f3s-Gradua\u00e7\u00e3o Lato Sensu em Conserva\u00e7\u00e3o de Recursos Gen\u00e9ticos Animais e seus Sistemas de Produ\u00e7\u00e3o (CRGA&amp;SP) do Campus Valen\u00e7a em parceria com a Rede de Recursos Gen\u00e9ticos Animais do Nordeste (REDE RGA \u2013 NE) oferta 40 vagas. Destas, 30 s\u00e3o destinadas para ampla concorr\u00eancia; 08 para candidatos pretos, pardos e ind\u00edgenas; e 02 para candidatos pessoa com defici\u00eancia. A sele\u00e7\u00e3o recebe inscri\u00e7\u00f5es de&nbsp;<strong>16 de setembro a 24 de outubro<\/strong>&nbsp;de 2022 atrav\u00e9s de&nbsp;<a href=\"https:\/\/opinanovo.ifbaiano.edu.br\/index.php\/515758?lang=pt-BR\">formul\u00e1rio digital<\/a>.<\/p>\n\n\n\n<p>O p\u00fablico-alvo do curso \u00e9 constitu\u00eddo por profissionais graduados em qualquer \u00e1rea do conhecimento, com interesses na Conserva\u00e7\u00e3o de Recursos Gen\u00e9ticos Animais (CRGA), desde que sejam portadores de diploma de n\u00edvel superior, reconhecido pelo Minist\u00e9rio da Educa\u00e7\u00e3o.<\/p>\n\n\n\n<p>O curso tem como objetivo geral promover o aprimoramento te\u00f3rico e pr\u00e1tico de graduados, potencializando a qualifica\u00e7\u00e3o de profissionais. Visa tamb\u00e9m a forma\u00e7\u00e3o de especialistas na \u00e1rea de CRGA para atuar no resgate, preserva\u00e7\u00e3o, conserva\u00e7\u00e3o e valoriza\u00e7\u00e3o das ra\u00e7as locais como estrat\u00e9gia de resili\u00eancia nos agroecossistemas regionais, para uma agropecu\u00e1ria economicamente vi\u00e1vel e sustent\u00e1vel. A sele\u00e7\u00e3o acontecer\u00e1 em duas etapas: an\u00e1lise do projeto de pesquisa e an\u00e1lise do curr\u00edculo. Para saber mais informa\u00e7\u00f5es sobre o processo de sele\u00e7\u00e3o, os candidatos devem ler o&nbsp;<a href=\"https:\/\/concurso.ifbaiano.edu.br\/portal\/pos-conservacao-recursos-geneticos-animais-valenca-setembro-2022\/wp-content\/uploads\/sites\/666\/2022\/09\/Edital.pdf\">edital<\/a>.<\/p>\n\n\n\n<p><strong>Ensino de Ci\u00eancias Naturais e Matem\u00e1tica<\/strong><\/p>\n\n\n\n<p>O curso de P\u00f3s-Gradua\u00e7\u00e3o Lato Sensu em Ensino de Ci\u00eancias Naturais e Matem\u00e1tica do Campus Guanambi recebe inscri\u00e7\u00f5es entre os dias&nbsp;<strong>12 e 25 de setembro<\/strong>&nbsp;de 2022. As inscri\u00e7\u00f5es s\u00e3o realizadas atrav\u00e9s de&nbsp;<a href=\"https:\/\/opinanovo.ifbaiano.edu.br\/index.php\/838474?lang=pt-BR\">formul\u00e1rio digital<\/a>. O curso oferta 30 vagas, sendo 06 delas reservadas \u00e0 candidatos negros (pretos ou pardos) e ind\u00edgenas, e duas destinadas a pessoas com defici\u00eancia.<\/p>\n\n\n\n<p>A sele\u00e7\u00e3o acontecer\u00e1 em quatro etapas: avalia\u00e7\u00e3o escrita, carta de inten\u00e7\u00e3o, an\u00e1lise de Curr\u00edculo Lattes e entrevista. O ingresso dos estudantes selecionados ser\u00e1 em setembro de 2022.<\/p>\n\n\n\n<p>O curso \u00e9 destinado aos graduados em curso superior reconhecido pelo Minist\u00e9rio da<br>Educa\u00e7\u00e3o e Cultura (MEC), que trabalham ou possuem interesse em atuar na \u00e1rea de<br>Ci\u00eancias, Biologia, Qu\u00edmica, F\u00edsica, Matem\u00e1tica e profissionais de \u00e1reas afins. Ele tem como objetivo geral qualificar profissionais da \u00e1rea de Ci\u00eancias, Biologia, Qu\u00edmica, F\u00edsica, Matem\u00e1tica e de \u00e1reas afins para atender \u00e0 demanda dos setores acad\u00eamico e produtivo. Para mais detalhes sobre a sele\u00e7\u00e3o, \u00e9 necess\u00e1rio consultar o&nbsp;<a href=\"https:\/\/concurso.ifbaiano.edu.br\/portal\/pos-matematica-guanambi-agosto-2022\/wp-content\/uploads\/sites\/665\/2022\/09\/Edital.pdf\">edital<\/a>.<\/p>\n\n\n\n<p><strong>Meio Ambiente e Agroecologia<\/strong><\/p>\n\n\n\n<p>A especializa\u00e7\u00e3o em Meio Ambiente e Agroecologia oferecida no Campus Valen\u00e7a recebe inscri\u00e7\u00f5es de 12 de setembro a 11 de outubro de 2022. O curso oferta 30 vagas, sendo 06 delas reservadas \u00e0 candidatos negros (pretos ou pardos) e ind\u00edgenas, e duas destinadas a pessoas com defici\u00eancia.<\/p>\n\n\n\n<p>As inscri\u00e7\u00f5es dever\u00e3o ser realizadas atrav\u00e9s do envio da documenta\u00e7\u00e3o listada pelo&nbsp;<a href=\"https:\/\/concurso.ifbaiano.edu.br\/portal\/pos-meio-ambiente-agroecologia-valenca-setembro-2022\/wp-content\/uploads\/sites\/664\/2022\/09\/Edital-no-159.pdf\">edital<\/a>&nbsp;exclusivamente para o e-mail:&nbsp;<a href=\"mailto:pos.maec@valenca.ifbaiano.edu.br\">pos.maec@valenca.ifbaiano.edu.br<\/a>, at\u00e9 as 24h do \u00faltimo dia de inscri\u00e7\u00e3o.<\/p>\n\n\n\n<p>O p\u00fablico-alvo do curso \u00e9 constitu\u00eddo por graduados em curso superior em qualquer \u00e1rea do conhecimento e que trabalham ou possuem interesse em atuar na \u00e1rea de Meio Ambiente e Agroecologia, desde que sejam portadores de diploma de n\u00edvel superior, reconhecido pelo Minist\u00e9rio da Educa\u00e7\u00e3o. O curso tem como objetivo geral a qualifica\u00e7\u00e3o de profissionais, conferindo compet\u00eancias para a avalia\u00e7\u00e3o cr\u00edtica, interven\u00e7\u00e3o e resolu\u00e7\u00e3o de problemas socioecon\u00f4micos e ambientais.<\/p>\n\n\n\n<hr class=\"wp-block-separator is-style-wide\" \/>\n\n\n\n<p>Mat\u00e9ria ASCOM dispon\u00edvel em: <em>https:\/\/ifbaiano.edu.br\/portal\/blog\/if-baiano-oferta-100-vagas-em-tres-cursos-de-especializacao\/<\/em><\/p>\n","protected":false},"excerpt":{"rendered":"<p>Sa\u00edram tr\u00eas novos editais de sele\u00e7\u00e3o para cursos de p\u00f3s-gradua\u00e7\u00e3o Lato Sensu do IF Baiano. Juntos, os editais disponibilizam um total de 100 vagas. Confira cada uma das oportunidades: Conserva\u00e7\u00e3o de Recursos Gen\u00e9ticos Animais e seus Sistemas de Produ\u00e7\u00e3o (CRGA&amp;SP) O curso de P\u00f3s-Gradua\u00e7\u00e3o Lato Sensu em Conserva\u00e7\u00e3o de Recursos Gen\u00e9ticos Animais e seus Sistemas [&hellip;]<\/p>\n","protected":false},"author":146,"featured_media":8180,"comment_status":"open","ping_status":"open","sticky":false,"template":"","format":"standard","meta":[],"categories":[12,5,35,63],"tags":[],"_links":{"self":[{"href":"https:\/\/www.ifbaiano.edu.br\/unidades\/valenca\/wp-json\/wp\/v2\/posts\/8179"}],"collection":[{"href":"https:\/\/www.ifbaiano.edu.br\/unidades\/valenca\/wp-json\/wp\/v2\/posts"}],"about":[{"href":"https:\/\/www.ifbaiano.edu.br\/unidades\/valenca\/wp-json\/wp\/v2\/types\/post"}],"author":[{"embeddable":true,"href":"https:\/\/www.ifbaiano.edu.br\/unidades\/valenca\/wp-json\/wp\/v2\/users\/146"}],"replies":[{"embeddable":true,"href":"https:\/\/www.ifbaiano.edu.br\/unidades\/valenca\/wp-json\/wp\/v2\/comments?post=8179"}],"version-history":[{"count":1,"href":"https:\/\/www.ifbaiano.edu.br\/unidades\/valenca\/wp-json\/wp\/v2\/posts\/8179\/revisions"}],"predecessor-version":[{"id":8181,"href":"https:\/\/www.ifbaiano.edu.br\/unidades\/valenca\/wp-json\/wp\/v2\/posts\/8179\/revisions\/8181"}],"wp:featuredmedia":[{"embeddable":true,"href":"https:\/\/www.ifbaiano.edu.br\/unidades\/valenca\/wp-json\/wp\/v2\/media\/8180"}],"wp:attachment":[{"href":"https:\/\/www.ifbaiano.edu.br\/unidades\/valenca\/wp-json\/wp\/v2\/media?parent=8179"}],"wp:term":[{"taxonomy":"category","embeddable":true,"href":"https:\/\/www.ifbaiano.edu.br\/unidades\/valenca\/wp-json\/wp\/v2\/categories?post=8179"},{"taxonomy":"post_tag","embeddable":true,"href":"https:\/\/www.ifbaiano.edu.br\/unidades\/valenca\/wp-json\/wp\/v2\/tags?post=8179"}],"curies":[{"name":"wp","href":"https:\/\/api.w.org\/{rel}","templated":true}]}}