{"id":818,"date":"2011-10-17T10:22:37","date_gmt":"2011-10-17T10:22:37","guid":{"rendered":"http:\/\/www.ifbaiano.edu.br\/unidades\/valenca\/?p=818"},"modified":"2011-10-17T10:51:57","modified_gmt":"2011-10-17T10:51:57","slug":"estudantes-do-campus-valenca-participarao-da-segunda-fase-da-7-olimpiada-brasileira-de-matematica-das-escolas-publicas","status":"publish","type":"post","link":"https:\/\/www.ifbaiano.edu.br\/unidades\/valenca\/2011\/10\/17\/estudantes-do-campus-valenca-participarao-da-segunda-fase-da-7-olimpiada-brasileira-de-matematica-das-escolas-publicas\/","title":{"rendered":"Estudantes do Campus Valen\u00e7a participar\u00e3o da segunda fase da 7\u00ba Olimp\u00edada Brasileira de Matem\u00e1tica das Escolas P\u00fablicas"},"content":{"rendered":"<p>Alunos do <em>Campus<\/em> Valen\u00e7a se classificam para a 2\u00aa fase das 7\u00ba Olimp\u00edada Brasileira de Matem\u00e1tica das Escolas P\u00fablicas, que consiste na aplica\u00e7\u00e3o de prova discursiva.<\/p>\n<p>A prova dessa fase ser\u00e1 no pr\u00f3ximo dia 05 de Novembro (S\u00e1bado) \u00e0s 14:30h (Hor\u00e1rio de Bras\u00edlia) e o centro de aplica\u00e7\u00e3o ser\u00e1 no COL\u00c9GIO ESTADUAL GENTIL PARAISO MARTINS \u2013 Endere\u00e7o: RUA PROF PEDRO SANCHO, 49, GRA\u00c7A, \u2013 VALEN\u00c7A, BA.<\/p>\n<p align=\"JUSTIFY\">Os alunos classificados dever\u00e3o apresentar-se, no Centro descrito acima, portando documento original de identidade (carteira de identidade ou certid\u00e3o de nascimento ou carteira escolar) e o cart\u00e3o informativo da OBMEP (enviado a todas as escolas via postal). \u00c9 recomend\u00e1vel que o aluno se apresente no CENTRO DE APLICA\u00c7\u00c3O com, pelo menos, trinta minutos de anteced\u00eancia.<\/p>\n<p align=\"JUSTIFY\">Confira lista de candidatos aprovados,<\/p>\n<table width=\"100%\" cellspacing=\"0\" cellpadding=\"4\">\n<col width=\"24*\" \/>\n<col width=\"62*\" \/>\n<col width=\"105*\" \/>\n<col width=\"65*\" \/>\n<tbody>\n<tr valign=\"TOP\">\n<td width=\"9%\"><\/td>\n<td width=\"24%\">\n<p align=\"CENTER\"><span style=\"color: #000000\"><span><span style=\"font-size: x-small\"><strong>C\u00f3digo<\/strong><\/span><\/span><\/span><\/p>\n<\/td>\n<td width=\"41%\">\n<p align=\"CENTER\"><span style=\"color: #000000\"><span><span style=\"font-size: x-small\"><strong>Nome do Aluno<\/strong><\/span><\/span><\/span><\/p>\n<\/td>\n<td width=\"25%\">\n<p align=\"CENTER\"><span style=\"color: #000000\"><span style=\"font-size: x-small\"><strong><span>Sala de Prova na 2<\/span><sup><span>a<\/span><\/sup><span> Fase<\/span><\/strong><\/span><\/span><\/p>\n<\/td>\n<\/tr>\n<tr valign=\"TOP\">\n<td width=\"9%\">\n<p align=\"CENTER\"><span style=\"color: #3e4a45\"><span><span style=\"font-size: x-small\">1<\/span><\/span><\/span><\/p>\n<\/td>\n<td width=\"24%\">\n<p align=\"CENTER\"><span style=\"color: #3e4a45\"><span><span style=\"font-size: x-small\">BA29291119300040<\/span><\/span><\/span><\/p>\n<\/td>\n<td width=\"41%\">\n<p align=\"CENTER\"><span style=\"color: #3e4a45\"><span><span style=\"font-size: x-small\">ALDAIR SILVA FRANCA <\/span><\/span><\/span><\/p>\n<\/td>\n<td width=\"25%\">\n<p align=\"CENTER\"><span style=\"color: #3e4a45\"> <span><span style=\"font-size: x-small\">Sala-08<\/span><\/span><\/span><\/p>\n<\/td>\n<\/tr>\n<tr valign=\"TOP\">\n<td width=\"9%\">\n<p align=\"CENTER\"><span style=\"color: #3e4a45\"><span><span style=\"font-size: x-small\">2<\/span><\/span><\/span><\/p>\n<\/td>\n<td width=\"24%\">\n<p align=\"CENTER\"><span style=\"color: #3e4a45\"><span><span style=\"font-size: x-small\">BA29291119300051<\/span><\/span><\/span><\/p>\n<\/td>\n<td width=\"41%\">\n<p align=\"CENTER\"><span style=\"color: #3e4a45\"><span><span style=\"font-size: x-small\">DENISSON DARLEY MENEZES DOS SANTOS <\/span><\/span><\/span><\/p>\n<\/td>\n<td width=\"25%\">\n<p align=\"CENTER\"><span style=\"color: #3e4a45\"><span><span style=\"font-size: x-small\">Sala-08<\/span><\/span><\/span><\/p>\n<\/td>\n<\/tr>\n<tr valign=\"TOP\">\n<td width=\"9%\">\n<p align=\"CENTER\"><span style=\"color: #3e4a45\"><span><span style=\"font-size: x-small\">3<\/span><\/span><\/span><\/p>\n<\/td>\n<td width=\"24%\">\n<p align=\"CENTER\"><span style=\"color: #3e4a45\"><span><span style=\"font-size: x-small\">BA29291119300105<\/span><\/span><\/span><\/p>\n<\/td>\n<td width=\"41%\">\n<p align=\"CENTER\"><span style=\"color: #3e4a45\"><span><span style=\"font-size: x-small\">ELEDILCE SANTOS DO ROSARIO <\/span><\/span><\/span><\/p>\n<\/td>\n<td width=\"25%\">\n<p align=\"CENTER\"><span style=\"color: #3e4a45\"><span><span style=\"font-size: x-small\">Sala-08<\/span><\/span><\/span><\/p>\n<\/td>\n<\/tr>\n<tr valign=\"TOP\">\n<td width=\"9%\">\n<p align=\"CENTER\"><span style=\"color: #3e4a45\"><span><span style=\"font-size: x-small\">4<\/span><\/span><\/span><\/p>\n<\/td>\n<td width=\"24%\">\n<p align=\"CENTER\"><span style=\"color: #3e4a45\"><span><span style=\"font-size: x-small\">BA29291119300099<\/span><\/span><\/span><\/p>\n<\/td>\n<td width=\"41%\">\n<p align=\"CENTER\"><span style=\"color: #3e4a45\"><span><span style=\"font-size: x-small\">ELISAMA COSTA DOS SANTOS <\/span><\/span><\/span><\/p>\n<\/td>\n<td width=\"25%\">\n<p align=\"CENTER\"><span style=\"color: #3e4a45\"><span><span style=\"font-size: x-small\">Sala-08<\/span><\/span><\/span><\/p>\n<\/td>\n<\/tr>\n<tr valign=\"TOP\">\n<td width=\"9%\">\n<p align=\"CENTER\"><span style=\"color: #3e4a45\"><span><span style=\"font-size: x-small\">5<\/span><\/span><\/span><\/p>\n<\/td>\n<td width=\"24%\">\n<p align=\"CENTER\"><span style=\"color: #3e4a45\"><span><span style=\"font-size: x-small\">BA29291119300075<\/span><\/span><\/span><\/p>\n<\/td>\n<td width=\"41%\">\n<p align=\"CENTER\"><span style=\"color: #3e4a45\"><span><span style=\"font-size: x-small\">FRANCIELE DE JESUS CONCEICAO <\/span><\/span><\/span><\/p>\n<\/td>\n<td width=\"25%\">\n<p align=\"CENTER\"><span style=\"color: #3e4a45\"><span><span style=\"font-size: x-small\">Sala-08<\/span><\/span><\/span><\/p>\n<\/td>\n<\/tr>\n<tr valign=\"TOP\">\n<td width=\"9%\">\n<p align=\"CENTER\"><span style=\"color: #3e4a45\"><span><span style=\"font-size: x-small\">6<\/span><\/span><\/span><\/p>\n<\/td>\n<td width=\"24%\">\n<p align=\"CENTER\"><span style=\"color: #3e4a45\"><span><span style=\"font-size: x-small\">BA29291119300063<\/span><\/span><\/span><\/p>\n<\/td>\n<td width=\"41%\">\n<p align=\"CENTER\"><span style=\"color: #3e4a45\"><span><span style=\"font-size: x-small\">IRANDIR IGOR MIRANDA C MELGARO <\/span><\/span><\/span><\/p>\n<\/td>\n<td width=\"25%\">\n<p align=\"CENTER\"><span style=\"color: #3e4a45\"><span><span style=\"font-size: x-small\">Sala-08<\/span><\/span><\/span><\/p>\n<\/td>\n<\/tr>\n<tr valign=\"TOP\">\n<td width=\"9%\">\n<p align=\"CENTER\"><span style=\"color: #3e4a45\"><span><span style=\"font-size: x-small\">7<\/span><\/span><\/span><\/p>\n<\/td>\n<td width=\"24%\">\n<p align=\"CENTER\"><span style=\"color: #3e4a45\"><span><span style=\"font-size: x-small\">BA29291119300117<\/span><\/span><\/span><\/p>\n<\/td>\n<td width=\"41%\">\n<p align=\"CENTER\"><span style=\"color: #3e4a45\"><span><span style=\"font-size: x-small\">ISNAIA ALCANTARA DA SILVA <\/span><\/span><\/span><\/p>\n<\/td>\n<td width=\"25%\">\n<p align=\"CENTER\"><span style=\"color: #3e4a45\"><span><span style=\"font-size: x-small\">Sala-08<\/span><\/span><\/span><\/p>\n<\/td>\n<\/tr>\n<tr valign=\"TOP\">\n<td width=\"9%\">\n<p align=\"CENTER\"><span style=\"color: #3e4a45\"><span><span style=\"font-size: x-small\">8<\/span><\/span><\/span><\/p>\n<\/td>\n<td width=\"24%\">\n<p align=\"CENTER\"><span style=\"color: #3e4a45\"><span><span style=\"font-size: x-small\">BA29291119300038<\/span><\/span><\/span><\/p>\n<\/td>\n<td width=\"41%\">\n<p align=\"CENTER\"><span style=\"color: #3e4a45\"><span><span style=\"font-size: x-small\">KALIANE TAVARES ARAUJO <\/span><\/span><\/span><\/p>\n<\/td>\n<td width=\"25%\">\n<p align=\"CENTER\"><span style=\"color: #3e4a45\"><span><span style=\"font-size: x-small\">Sala-08<\/span><\/span><\/span><\/p>\n<\/td>\n<\/tr>\n<tr valign=\"TOP\">\n<td width=\"9%\">\n<p align=\"CENTER\"><span style=\"color: #3e4a45\"><span><span style=\"font-size: x-small\">9<\/span><\/span><\/span><\/p>\n<\/td>\n<td width=\"24%\">\n<p align=\"CENTER\"><span style=\"color: #3e4a45\"><span><span style=\"font-size: x-small\">BA29291119300026<\/span><\/span><\/span><\/p>\n<\/td>\n<td width=\"41%\">\n<p align=\"CENTER\"><span style=\"color: #3e4a45\"><span><span style=\"font-size: x-small\">KAYLA CONCEICAO SANTOS <\/span><\/span><\/span><\/p>\n<\/td>\n<td width=\"25%\">\n<p align=\"CENTER\"><span style=\"color: #3e4a45\"><span><span style=\"font-size: x-small\">Sala-08<\/span><\/span><\/span><\/p>\n<\/td>\n<\/tr>\n<tr valign=\"TOP\">\n<td width=\"9%\">\n<p align=\"CENTER\"><span style=\"color: #3e4a45\"><span><span style=\"font-size: x-small\">10<\/span><\/span><\/span><\/p>\n<\/td>\n<td width=\"24%\">\n<p align=\"CENTER\"><span style=\"color: #3e4a45\"><span><span style=\"font-size: x-small\">BA29291119300014<\/span><\/span><\/span><\/p>\n<\/td>\n<td width=\"41%\">\n<p align=\"CENTER\"><span style=\"color: #3e4a45\"><span><span style=\"font-size: x-small\">LUANE DOS SANTOS PEREIRA <\/span><\/span><\/span><\/p>\n<\/td>\n<td width=\"25%\">\n<p align=\"CENTER\"><span style=\"color: #3e4a45\"><span><span style=\"font-size: x-small\">Sala-08<\/span><\/span><\/span><\/p>\n<\/td>\n<\/tr>\n<tr valign=\"TOP\">\n<td width=\"9%\">\n<p align=\"CENTER\"><span style=\"color: #3e4a45\"><span><span style=\"font-size: x-small\">11<\/span><\/span><\/span><\/p>\n<\/td>\n<td width=\"24%\">\n<p align=\"CENTER\"><span style=\"color: #3e4a45\"><span><span style=\"font-size: x-small\">BA29291119300087<\/span><\/span><\/span><\/p>\n<\/td>\n<td width=\"41%\">\n<p align=\"CENTER\"><span style=\"color: #3e4a45\"><span><span style=\"font-size: x-small\">NAIARA SANTOS DA CONCEICAO <\/span><\/span><\/span><\/p>\n<\/td>\n<td width=\"25%\">\n<p align=\"CENTER\"><span style=\"color: #3e4a45\"><span><span style=\"font-size: x-small\">Sala-08<\/span><\/span><\/span><\/p>\n<\/td>\n<\/tr>\n<\/tbody>\n<\/table>\n<p align=\"JUSTIFY\">A OLIMP\u00cdADA BRASILEIRA DE MATEM\u00c1TICA DAS ESCOLAS P\u00daBLICAS (OBMEP) \u00e9 um projeto que tem como objetivo estimular o estudo da matem\u00e1tica e revelar talentos na \u00e1rea. Iniciada em 2005, a OBMEP vem crescendo a cada ano criando um ambiente estimulante para o estudo da Matem\u00e1tica entre alunos e professores de todo o pa\u00eds.<\/p>\n<p align=\"JUSTIFY\">Em 2010, cerca de 19,5 milh\u00f5es de alunos se inscreveram na competi\u00e7\u00e3o e mais de 99% dos munic\u00edpios brasileiros estiveram representados. Os sucessivos recordes de participa\u00e7\u00e3o fazem da OBMEP a maior Olimp\u00edada de Matem\u00e1tica do mundo.<\/p>\n<p>\u00a0Outras informa\u00e7\u00f5es podem ser acompanhadas no site da <strong>7\u00aa OBMEP 2011: <\/strong><a href=\"http:\/\/www.obmep.org.br\/\">www.obmep.org.br<\/a> <sup>[2]<\/sup><\/p>\n","protected":false},"excerpt":{"rendered":"<p>Alunos do Campus Valen\u00e7a se classificam para a 2\u00aa fase das 7\u00ba Olimp\u00edada Brasileira de Matem\u00e1tica das Escolas P\u00fablicas, que consiste na aplica\u00e7\u00e3o de prova discursiva. A prova dessa fase ser\u00e1 no pr\u00f3ximo dia 05 de Novembro (S\u00e1bado) \u00e0s 14:30h (Hor\u00e1rio de Bras\u00edlia) e o centro de aplica\u00e7\u00e3o ser\u00e1 no COL\u00c9GIO ESTADUAL GENTIL PARAISO MARTINS [&hellip;]<\/p>\n","protected":false},"author":6,"featured_media":0,"comment_status":"open","ping_status":"open","sticky":false,"template":"","format":"standard","meta":[],"categories":[5,25],"tags":[],"_links":{"self":[{"href":"https:\/\/www.ifbaiano.edu.br\/unidades\/valenca\/wp-json\/wp\/v2\/posts\/818"}],"collection":[{"href":"https:\/\/www.ifbaiano.edu.br\/unidades\/valenca\/wp-json\/wp\/v2\/posts"}],"about":[{"href":"https:\/\/www.ifbaiano.edu.br\/unidades\/valenca\/wp-json\/wp\/v2\/types\/post"}],"author":[{"embeddable":true,"href":"https:\/\/www.ifbaiano.edu.br\/unidades\/valenca\/wp-json\/wp\/v2\/users\/6"}],"replies":[{"embeddable":true,"href":"https:\/\/www.ifbaiano.edu.br\/unidades\/valenca\/wp-json\/wp\/v2\/comments?post=818"}],"version-history":[{"count":4,"href":"https:\/\/www.ifbaiano.edu.br\/unidades\/valenca\/wp-json\/wp\/v2\/posts\/818\/revisions"}],"predecessor-version":[{"id":822,"href":"https:\/\/www.ifbaiano.edu.br\/unidades\/valenca\/wp-json\/wp\/v2\/posts\/818\/revisions\/822"}],"wp:attachment":[{"href":"https:\/\/www.ifbaiano.edu.br\/unidades\/valenca\/wp-json\/wp\/v2\/media?parent=818"}],"wp:term":[{"taxonomy":"category","embeddable":true,"href":"https:\/\/www.ifbaiano.edu.br\/unidades\/valenca\/wp-json\/wp\/v2\/categories?post=818"},{"taxonomy":"post_tag","embeddable":true,"href":"https:\/\/www.ifbaiano.edu.br\/unidades\/valenca\/wp-json\/wp\/v2\/tags?post=818"}],"curies":[{"name":"wp","href":"https:\/\/api.w.org\/{rel}","templated":true}]}}