{"id":8189,"date":"2022-09-16T14:47:22","date_gmt":"2022-09-16T17:47:22","guid":{"rendered":"https:\/\/www.ifbaiano.edu.br\/unidades\/valenca\/?p=8189"},"modified":"2022-10-27T14:21:47","modified_gmt":"2022-10-27T17:21:47","slug":"campus-valenca-oferta-245-vagas-em-6-cursos-fic","status":"publish","type":"post","link":"https:\/\/www.ifbaiano.edu.br\/unidades\/valenca\/2022\/09\/16\/campus-valenca-oferta-245-vagas-em-6-cursos-fic\/","title":{"rendered":"Campus Valen\u00e7a oferta 245 vagas em 6 cursos FIC"},"content":{"rendered":"\n<p><em>Para ingresso nos cursos \u00e9 necess\u00e1rio atender aos pr\u00e9-requisitos constantes no subitem 2.1 do edital<\/em><\/p>\n\n\n\n<p>O IF Baiano \u2013 <em>Campus <\/em>Valen\u00e7a lan\u00e7ou na \u00faltima quinta, 15, o&nbsp;<a rel=\"noreferrer noopener\" href=\"https:\/\/www.ifbaiano.edu.br\/unidades\/valenca\/files\/2022\/09\/Edital-n\u00b0-166-Cursos-FIC.pdf\" target=\"_blank\">edital n\u00ba 166<\/a> com oferta de 245 vagas em diversos cursos de qualifica\u00e7\u00e3o profissional, na modalidade de Forma\u00e7\u00e3o Inicial e\/ou Continuada \u2013 FIC. S\u00e3o 6 cursos (EaD e presencial) em diferentes \u00e1reas, com carga hor\u00e1ria que varia de 20h a 40h.&nbsp;O edital usa como crit\u00e9rio de sele\u00e7\u00e3o a ordem de inscri\u00e7\u00e3o.<\/p>\n\n\n\n<p class=\"has-medium-font-size\"><strong>Inscri\u00e7\u00f5es<\/strong><\/p>\n\n\n\n<hr class=\"wp-block-separator is-style-wide\" \/>\n\n\n\n<div class=\"wp-block-media-text alignwide has-media-on-the-right is-stacked-on-mobile\"><figure class=\"wp-block-media-text__media\"><img decoding=\"async\" loading=\"lazy\" width=\"1124\" height=\"732\" src=\"https:\/\/www.ifbaiano.edu.br\/unidades\/valenca\/files\/2019\/11\/fic-imagem-noticia.jpg\" alt=\"\" class=\"wp-image-5240 size-full\" \/><\/figure><div class=\"wp-block-media-text__content\">\n<pre class=\"wp-block-code\" style=\"font-size:22px\"><code><div style=\"text-align: justify\">A inscri\u00e7\u00e3o \u00e9 gratuita e dever\u00e1 ser realizada, exclusivamente, entre os dias <strong>26 e 30 de setembro<\/strong>  mediante o preenchimento de formul\u00e1rio eletr\u00f4nico dispon\u00edvel no link abaixo<span style=\"background-color: inherit;font-size: inherit\">:<\/span><\/div><\/code><\/pre>\n\n\n\n<div class=\"wp-block-buttons is-layout-flex\">\n<div class=\"wp-block-button is-style-outline\"><a class=\"wp-block-button__link has-white-color has-text-color has-background\" href=\"https:\/\/forms.gle\/UpBX2Syt9iqQzhdN7\" style=\"background:linear-gradient(135deg,rgb(215,236,159) 0%,rgb(152,229,163) 100%)\" target=\"_blank\" rel=\"noreferrer noopener\">Formul\u00e1rio de inscri\u00e7\u00e3o<\/a><\/div>\n<\/div>\n<\/div><\/div>\n\n\n\n<hr class=\"wp-block-separator is-style-wide\" \/>\n\n\n\n<p class=\"has-medium-font-size\"><strong>Sele\u00e7\u00e3o&nbsp;<\/strong><\/p>\n\n\n\n<p>A classifica\u00e7\u00e3o e sele\u00e7\u00e3o dos candidatos aos cursos ser\u00e1 realizada por ordem de inscri\u00e7\u00e3o, considerando data, hora, minuto e segundo de registro no formul\u00e1rio eletr\u00f4nico, contada a partir da submiss\u00e3o da inscri\u00e7\u00e3o pelo candidato. Caso haja candidatos empatados para a \u00faltima vaga, ser\u00e1 usado o crit\u00e9rio de maior idade.<\/p>\n\n\n\n<p class=\"has-medium-font-size\"><strong>Saiba mais sobre os cursos:<\/strong><\/p>\n\n\n\n<p><strong>Introdu\u00e7\u00e3o \u00e0 programa\u00e7\u00e3o e Eletr\u00f4nica Utilizando Ardu\u00edno (20 vagas \u2013  40h, EAD)<\/strong><\/p>\n\n\n\n<p>Objetivo: Proporcionar aos participantes o primeiro contato com a cultura maker e seus principais fundamentos. Ensinar a ess\u00eancia da prototipagem, bem como conceitos b\u00e1sicos de eletr\u00f4nica e programa\u00e7\u00e3o, a partir da utiliza\u00e7\u00e3o do microcontrolador Ardu\u00edno. Capacitar os participantes a desenvolver\/criar seus pr\u00f3prios sistemas eletr\u00f4nicos e atuar com a automa\u00e7\u00e3o de processos. Desenvolver o racioc\u00ednio computacional para solucionar problemas por meio de algoritmos.<\/p>\n\n\n\n<p><strong>Arte visual Afro-brasileira: Uma introdu\u00e7\u00e3o (100 vagas \u2013 30h, EAD)<\/strong><\/p>\n\n\n\n<p>Objetivos: Apresentar aspectos que contribuem para a elabora\u00e7\u00e3o da no\u00e7\u00e3o de Arte visual Afro-brasileira, expondo as suas principais contribui\u00e7\u00f5es te\u00f3ricas e seu percurso de legitima\u00e7\u00e3o no sistema profissional art\u00edstico.<\/p>\n\n\n\n<p><strong>Curso B\u00e1sico de Libras I (30 vagas \u2013 40h, PRESENCIAL)<\/strong><\/p>\n\n\n\n<p>Objetivos: Fomentar o ensino da L\u00edngua Brasileira de Sinais como segunda l\u00edngua para as pessoas ouvintes. Incentivar pr\u00e1ticas de imers\u00e3o em Libras por meio de situa\u00e7\u00f5es comunicativas. Discutir sobre os aspectos lingu\u00edsticos e liter\u00e1rios que envolvem a Libras. Divulgar a Libras com comunidade.<\/p>\n\n\n\n<p><strong>Introdu\u00e7\u00e3o \u00e0 L\u00edrica Valenciana dos S\u00e9culos XX e XXI (35 vagas \u2013 20h, PRESENCIAL)<\/strong><\/p>\n\n\n\n<p>Objetivos: Estudar as produ\u00e7\u00f5es liter\u00e1rias valencianas dos s\u00e9culos XX e XXI, especificamente, as produ\u00e7\u00f5es po\u00e9ticas; Levar o cursista a compreender as duas correntes liter\u00e1rias do s\u00e9culo XX em Valen\u00e7a (Grupo finissecular e Grupo de seman\u00e1rios), identificando seus autores e suas principais produ\u00e7\u00f5es; Identificar as marcas das principais produ\u00e7\u00f5es po\u00e9ticas contempor\u00e2neas de Valen\u00e7a a partir do estudo de seus autores e suas principais obras; Reconhecer as principais antologias valencianas do s\u00e9culo XXI e sua import\u00e2ncia para a constru\u00e7\u00e3o do campo liter\u00e1rio local; Estudar as principais produ\u00e7\u00f5es po\u00e9ticas femininas valencianas do s\u00e9culo XXI e suas grandes linhas de for\u00e7a.<\/p>\n\n\n\n<p><strong>Produ\u00e7\u00e3o de Hortali\u00e7as na Agricultura Familiar (20 vagas \u2013 20h, PRESENCIAL)<\/strong><\/p>\n\n\n\n<p>Objetivo do curso: Disponibilizar informa\u00e7\u00f5es t\u00e9cnicas sobre produ\u00e7\u00e3o e comercializa\u00e7\u00e3o de hortali\u00e7as no sistema de Agricultura Familiar.<\/p>\n\n\n\n<p><strong>Aproveitamento de Res\u00edduos da Mariscagem (40 vagas \u2013 20h, PRESENCIAL)<\/strong><\/p>\n\n\n\n<p>Objetivo do curso: Capacitar marisqueiras do Baixo Sul da Bahia para a utiliza\u00e7\u00e3o dos res\u00edduos da mariscagem no intuito de buscar a resolu\u00e7\u00e3o do problema ambiental e aumentar sua fonte de renda.<\/p>\n\n\n\n<p class=\"has-medium-font-size\"><strong>Mais informa\u00e7\u00f5es<\/strong><\/p>\n\n\n\n<p>Leia o <strong><a href=\"https:\/\/www.ifbaiano.edu.br\/unidades\/valenca\/files\/2022\/09\/Edital-n\u00b0-166-Cursos-FIC.pdf\" target=\"_blank\" rel=\"noreferrer noopener\">edital<\/a><\/strong> e acompanhe essa e outras sele\u00e7\u00f5es na p\u00e1gina <strong><a rel=\"noreferrer noopener\" href=\"https:\/\/concurso.ifbaiano.edu.br\/portal\/fic-valenca-setembro-2022\/\" target=\"_blank\">Concursos e Sele\u00e7\u00f5es<\/a><\/strong>, no portal do IF Baiano.<\/p>\n\n\n\n<p>D\u00favidas sobre o processo dever\u00e3o ser encaminhadas para o e-mail <a href=\"mailto:extensao@valenca.ifbaiano.edu.br\">extensao@valenca.ifbaiano.edu.br<\/a> ou pelo telefone (75) 3641-5270, Coordena\u00e7\u00e3o de Extens\u00e3o.<\/p>\n\n\n\n<div id=\"ProreitoriaTopoTitulo\">\n\t\t\t\t\tEditais e Documentos\n\t\t\t\t<\/div>\n\n\n\n<div class=\"wp-block-file\"><a href=\"https:\/\/www.ifbaiano.edu.br\/unidades\/valenca\/files\/2022\/09\/Comunicado-de-prorrogacao-de-matricula-do-curso-Aproveitamento-de-residuos-da-mariscagem.pdf\"><a rel=\"noreferrer noopener\" target=\"_blank\" href=\"https:\/\/concurso.ifbaiano.edu.br\/portal\/fic-valenca-setembro-2022\/wp-content\/uploads\/sites\/670\/2022\/10\/Comunicado-de-prorrogacao-de-matricula-do-curso-Aproveitamento-de-residuos-da-mariscagem.pdf\">Comunicado de Prorroga\u00e7\u00e3o de Matr\u00edcula \u2013 Curso Aproveitamento de Res\u00edduos da Mariscagem<\/a><\/a><\/div>\n\n\n\n<div class=\"wp-block-file\"><a href=\"https:\/\/www.ifbaiano.edu.br\/unidades\/valenca\/files\/2022\/09\/Nota-informativa-1.pdf\">Nota informativa 1<\/a><\/div>\n\n\n\n<div class=\"wp-block-file\"><a href=\"https:\/\/www.ifbaiano.edu.br\/unidades\/valenca\/files\/2022\/09\/Comunicado-de-Prorrogacao-de-Matricula.pdf\">Comunicado de Prorroga\u00e7\u00e3o de Matr\u00edcula<\/a><\/div>\n\n\n\n<div class=\"wp-block-file\"><a href=\"https:\/\/www.ifbaiano.edu.br\/unidades\/valenca\/files\/2022\/09\/Lista-de-Matriculados-\u2013-Curso-Introducao-a-Programacao-Eletronica-utilizando-Arduino-\u2013-Turma-2.pdf\">Lista de Matriculados \u2013 Curso Introdu\u00e7\u00e3o \u00e0 Programa\u00e7\u00e3o Eletr\u00f4nica utilizando Ardu\u00edno \u2013 Turma 2<\/a><\/div>\n\n\n\n<div class=\"wp-block-file\"><a href=\"https:\/\/www.ifbaiano.edu.br\/unidades\/valenca\/files\/2022\/09\/Lista-de-Matriculados-\u2013-Curso-Basico-de-Libras-1.pdf\">Lista de Matriculados \u2013 Curso B\u00e1sico de Libras 1<\/a><\/div>\n\n\n\n<div class=\"wp-block-file\"><a href=\"https:\/\/www.ifbaiano.edu.br\/unidades\/valenca\/files\/2022\/09\/Lista-de-Matriculados-\u2013-Curso-de-Producao-de-Hortalicas-na-Agricultura-Familiar.pdf\">Lista de Matriculados \u2013 Curso de Produ\u00e7\u00e3o de Hortali\u00e7as na Agricultura Familiar<\/a><\/div>\n\n\n\n<div class=\"wp-block-file\"><a href=\"https:\/\/www.ifbaiano.edu.br\/unidades\/valenca\/files\/2022\/09\/Lista-de-matriculados-\u2013-Curso-Introducao-a-Programacao-Eletronica-Utilizando-Arduino.pdf\">Lista de matriculados \u2013 Curso Introdu\u00e7\u00e3o \u00e0 Programa\u00e7\u00e3o Eletr\u00f4nica Utilizando Ardu\u00edno<\/a><\/div>\n\n\n\n<div class=\"wp-block-file\"><a href=\"https:\/\/www.ifbaiano.edu.br\/unidades\/valenca\/files\/2022\/09\/Lista-de-Matriculados-\u2013-Curso-Arte-Visual-Afro-Brasileira.pdf\">Lista de Matriculados \u2013 Curso Arte Visual Afro-Brasileira<\/a><\/div>\n\n\n\n<div class=\"wp-block-file\"><a href=\"https:\/\/www.ifbaiano.edu.br\/unidades\/valenca\/files\/2022\/09\/Edital-n\u00b0-166-Cursos-FIC.pdf\">Edital n\u00b0 166<\/a><\/div>\n","protected":false},"excerpt":{"rendered":"<p>Para ingresso nos cursos \u00e9 necess\u00e1rio atender aos pr\u00e9-requisitos constantes no subitem 2.1 do edital O IF Baiano \u2013 Campus Valen\u00e7a lan\u00e7ou na \u00faltima quinta, 15, o&nbsp;edital n\u00ba 166 com oferta de 245 vagas em diversos cursos de qualifica\u00e7\u00e3o profissional, na modalidade de Forma\u00e7\u00e3o Inicial e\/ou Continuada \u2013 FIC. S\u00e3o 6 cursos (EaD e presencial) [&hellip;]<\/p>\n","protected":false},"author":146,"featured_media":5240,"comment_status":"open","ping_status":"open","sticky":false,"template":"","format":"standard","meta":[],"categories":[60,5,35,9,32,63],"tags":[129,64,131],"_links":{"self":[{"href":"https:\/\/www.ifbaiano.edu.br\/unidades\/valenca\/wp-json\/wp\/v2\/posts\/8189"}],"collection":[{"href":"https:\/\/www.ifbaiano.edu.br\/unidades\/valenca\/wp-json\/wp\/v2\/posts"}],"about":[{"href":"https:\/\/www.ifbaiano.edu.br\/unidades\/valenca\/wp-json\/wp\/v2\/types\/post"}],"author":[{"embeddable":true,"href":"https:\/\/www.ifbaiano.edu.br\/unidades\/valenca\/wp-json\/wp\/v2\/users\/146"}],"replies":[{"embeddable":true,"href":"https:\/\/www.ifbaiano.edu.br\/unidades\/valenca\/wp-json\/wp\/v2\/comments?post=8189"}],"version-history":[{"count":36,"href":"https:\/\/www.ifbaiano.edu.br\/unidades\/valenca\/wp-json\/wp\/v2\/posts\/8189\/revisions"}],"predecessor-version":[{"id":8468,"href":"https:\/\/www.ifbaiano.edu.br\/unidades\/valenca\/wp-json\/wp\/v2\/posts\/8189\/revisions\/8468"}],"wp:featuredmedia":[{"embeddable":true,"href":"https:\/\/www.ifbaiano.edu.br\/unidades\/valenca\/wp-json\/wp\/v2\/media\/5240"}],"wp:attachment":[{"href":"https:\/\/www.ifbaiano.edu.br\/unidades\/valenca\/wp-json\/wp\/v2\/media?parent=8189"}],"wp:term":[{"taxonomy":"category","embeddable":true,"href":"https:\/\/www.ifbaiano.edu.br\/unidades\/valenca\/wp-json\/wp\/v2\/categories?post=8189"},{"taxonomy":"post_tag","embeddable":true,"href":"https:\/\/www.ifbaiano.edu.br\/unidades\/valenca\/wp-json\/wp\/v2\/tags?post=8189"}],"curies":[{"name":"wp","href":"https:\/\/api.w.org\/{rel}","templated":true}]}}