{"id":8226,"date":"2022-09-16T16:22:38","date_gmt":"2022-09-16T19:22:38","guid":{"rendered":"https:\/\/www.ifbaiano.edu.br\/unidades\/valenca\/?p=8226"},"modified":"2023-01-10T08:26:41","modified_gmt":"2023-01-10T11:26:41","slug":"campus-valenca-abre-inscricoes-para-curso-de-pos-graduacao-internacional","status":"publish","type":"post","link":"https:\/\/www.ifbaiano.edu.br\/unidades\/valenca\/2022\/09\/16\/campus-valenca-abre-inscricoes-para-curso-de-pos-graduacao-internacional\/","title":{"rendered":"Campus Valen\u00e7a abre inscri\u00e7\u00f5es para curso de P\u00f3s-Gradua\u00e7\u00e3o Internacional"},"content":{"rendered":"\n<p><em>Inscri\u00e7\u00f5es iniciam nesta sexta-feira (16) e v\u00e3o at\u00e9 o dia 24 de outubro para preenchimento de 40 vagas<\/em><\/p>\n\n\n\n<p>A Pr\u00f3-Reitora de Pesquisa e Inova\u00e7\u00e3o do Instituto Federal de Educa\u00e7\u00e3o, Ci\u00eancia e Tecnologia Baiano \u2013 IF Baiano, torna p\u00fablico a sele\u00e7\u00e3o de estudantes para provimento de vagas no curso de P\u00f3s-Gradua\u00e7\u00e3o Lato Sensu em Conserva\u00e7\u00e3o de Recursos Gen\u00e9ticos Animais e seus Sistemas de Produ\u00e7\u00e3o (CRGA&amp;SP), oferecido no <em>Campus <\/em>Valen\u00e7a em parceria com a Rede de Recursos Gen\u00e9ticos Animais do Nordeste (REDE RGA &#8211; NE) e com ingresso em 2023.<\/p>\n\n\n\n<p>As inscri\u00e7\u00f5es ser\u00e3o realizadas, exclusivamente, no per\u00edodo de 16 de setembro a 24 de outubro de 2022, on-line por meio do preenchimento de <a href=\"https:\/\/opinanovo.ifbaiano.edu.br\/index.php\/515758?lang=pt-BR\"><strong>formul\u00e1rio digital<\/strong><\/a>. <\/p>\n\n\n\n<p>O curso n\u00e3o possui mensalidades, taxas de matr\u00edcula, nem taxa de inscri\u00e7\u00e3o. S\u00e3o ofertadas 40 (quarenta) vagas distribu\u00eddas da seguinte forma: 30 (trinta) vagas para ampla concorr\u00eancia; 08 (oito) vagas para candidatos(as) pretos (as), pardos(as) e ind\u00edgenas; e 02 (duas) vagas para candidatos(as) pessoa com defici\u00eancia.<\/p>\n\n\n\n<p>O p\u00fablico-alvo do curso \u00e9 constitu\u00eddo por profissionais graduados em qualquer \u00e1rea do conhecimento, com interesses na Conserva\u00e7\u00e3o de Recursos Gen\u00e9ticos Animais (CRGA), desde que sejam portadores de diploma de n\u00edvel superior, reconhecido pelo Minist\u00e9rio da Educa\u00e7\u00e3o, registrado nos \u00f3rg\u00e3os competentes, conforme previsto na Resolu\u00e7\u00e3o CNE\/CES n\u00ba 1, de 8 de junho de 2007, ou, quando estrangeiros (as), registrado\/reconhecido em \u00f3rg\u00e3o competente pelo Aposlamento de Haia.<\/p>\n\n\n\n<p>O curso tem como objetivo geral promover o aprimoramento te\u00f3rico e pr\u00e1tico de graduados(as), potencializando a qualifica\u00e7\u00e3o de profissionais, visa a forma\u00e7\u00e3o de especialistas na \u00e1rea de CRGA para atuar no resgate, preserva\u00e7\u00e3o, conserva\u00e7\u00e3o e valoriza\u00e7\u00e3o das ra\u00e7as locais como estrat\u00e9gia de resili\u00eancia nos agroecossistemas regionais, para uma agropecu\u00e1ria economicamente vi\u00e1vel e sustent\u00e1vel. <\/p>\n\n\n\n<p>A carga hor\u00e1ria do curso \u00e9 de 426 horas distribu\u00eddas ao longo de 18 meses e Trabalho de Conclus\u00e3o de Curso (TCC), este n\u00e3o contabiliza carga hor\u00e1ria. O curso, com sede no IF Baiano <em>Campus <\/em>Valen\u00e7a, tem formato EaD, no qual as aulas ser\u00e3o concentradas, preferencialmente, nas segundas-feiras \u00e0 noite, ter\u00e7as-feiras (manh\u00e3 e tarde), ocasionalmente finais de semana, podendo ser ajustados dias e hor\u00e1rios, previamente, conforme disponibilidade dos(as) docentes. Ao todo ser\u00e3o ofertados 17 (dezessete) Componentes Curriculares, sendo 14 (quatorze) obrigat\u00f3rios para a conclus\u00e3o do curso, e 03 (tr\u00eas) opcionais.<\/p>\n\n\n\n<p><strong>Sele\u00e7\u00e3o<\/strong><\/p>\n\n\n\n<p>A sele\u00e7\u00e3o acontecer\u00e1 em duas etapas: An\u00e1lise da Proposta de Pesquisa de car\u00e1ter eliminat\u00f3rio e classificat\u00f3rio (40 pontos); An\u00e1lise do Curr\u00edculo Lates ou similar de car\u00e1ter apenas classificat\u00f3rio (60 pontos). O resultado final est\u00e1 previsto para sair no dia 07 de dezembro de 2022.<\/p>\n\n\n\n<p>Acompanhe a sele\u00e7\u00e3o <strong><a href=\"https:\/\/concurso.ifbaiano.edu.br\/portal\/pos-conservacao-recursos-geneticos-animais-valenca-setembro-2022\/\">aqui<\/a><\/strong>.<\/p>\n\n\n\n<p>Para maiores esclarecimentos e\/ou d\u00favidas, os (as) interessados (as) poder\u00e3o entrar em contato exclusivamente por e-mail: <a href=\"mailto:posgraduacaocrga@gmail.com\">posgraduacaocrga@gmail.com<\/a>.<\/p>\n\n\n\n<div id=\"ProreitoriaTopoTitulo\">\n\t\t\t\t\tEditais e Documentos\n\t\t\t\t<\/div>\n\n\n\n<div class=\"wp-block-file\"><a href=\"https:\/\/www.ifbaiano.edu.br\/unidades\/valenca\/files\/2022\/09\/Anexo-VIII-\u2013-Formulario-Inscricao-Eletronico-\u2013-Pos-CRGASP.docx\">Anexo VIII \u2013 Formul\u00e1rio Inscri\u00e7\u00e3o Eletr\u00f4nico \u2013 Pos-CRGASP<\/a><\/div>\n\n\n\n<div class=\"wp-block-file\"><a href=\"https:\/\/www.ifbaiano.edu.br\/unidades\/valenca\/files\/2022\/09\/Anexo-VIII-\u2013-Formulario-Inscripcion-Electronico-\u2013-Espanhol.docx\">Anexo VIII \u2013 Formulario Inscripcion Electronico \u2013 Espanhol<\/a><\/div>\n\n\n\n<div class=\"wp-block-file\"><a href=\"https:\/\/www.ifbaiano.edu.br\/unidades\/valenca\/files\/2022\/09\/Resultado-Final-\u2013-Pos-CRGASP.pdf\">Resultado Final \u2013 Pos-CRGASP<\/a><\/div>\n\n\n\n<div class=\"wp-block-file\"><a href=\"https:\/\/www.ifbaiano.edu.br\/unidades\/valenca\/files\/2022\/09\/Resultado-Final-\u2013-Pos-CRGASP-\u2013-Espanhol.pdf\">Resultado Final \u2013 Pos-CRGASP \u2013 Espanhol<\/a><\/div>\n\n\n\n<div class=\"wp-block-file\"><a href=\"https:\/\/www.ifbaiano.edu.br\/unidades\/valenca\/files\/2022\/09\/Resultado-Interposicao-de-Recursos-Autodeclaracao-\u2013-POS-CRGASP.pdf\">Resultado Interposi\u00e7\u00e3o de Recursos Autodeclara\u00e7\u00e3o \u2013 POS-CRGASP<\/a><\/div>\n\n\n\n<div class=\"wp-block-file\"><a href=\"https:\/\/www.ifbaiano.edu.br\/unidades\/valenca\/files\/2022\/09\/Resultado-de-Recursos-Autodeclaracion-\u2013-POS-CRGASP-em-Espanhol.pdf\">Resultado de Recursos Autodeclaraci\u00f3n \u2013 POS-CRGASP em Espanhol<\/a><\/div>\n\n\n\n<div class=\"wp-block-file\"><a href=\"https:\/\/www.ifbaiano.edu.br\/unidades\/valenca\/files\/2022\/09\/Edital-Complementar.pdf\">Edital Complementar<\/a><\/div>\n\n\n\n<div class=\"wp-block-file\"><a href=\"https:\/\/www.ifbaiano.edu.br\/unidades\/valenca\/files\/2022\/09\/Edital-Complementar-\u2013-em-Espanhol.pdf\">Edital Complementar \u2013 em Espanhol<\/a><\/div>\n\n\n\n<div class=\"wp-block-file\"><a href=\"https:\/\/www.ifbaiano.edu.br\/unidades\/valenca\/files\/2022\/09\/Resultado-da-Avaliacao-da-Veracidade-das-Pessoas-Autodeclaradas-Pretas-Pardas-Indigenas-e-com-Deficiencia.pdf\">Resultado Heteroidentifica\u00e7\u00e3o \u2013 POS CRGASP<\/a><\/div>\n\n\n\n<div class=\"wp-block-file\"><a href=\"https:\/\/www.ifbaiano.edu.br\/unidades\/valenca\/files\/2022\/09\/Resultado-de-La-Evaluacion-de-La-Veracidad-de-La-S-Persona-S-Autodeclarada-S-Negra-S-Mulata-S-Indigenas-S-Y-Con-Discapacidad.pdf\"><a rel=\"noreferrer noopener\" target=\"_blank\" href=\"https:\/\/concurso.ifbaiano.edu.br\/portal\/pos-conservacao-recursos-geneticos-animais-valenca-setembro-2022\/wp-content\/uploads\/sites\/666\/2022\/12\/Resultado-Heteroidentificacion.Espanhol-POS-CRGASP.21.12.2022.pdf\">Resultado Heteroidentificaci\u00f3n Espanhol \u2013 POS CRGASP<\/a><\/a><\/div>\n\n\n\n<div class=\"wp-block-file\"><a href=\"https:\/\/www.ifbaiano.edu.br\/unidades\/valenca\/files\/2022\/09\/Convocatoria-Avaliacao-Etnoracial-\u2013-POS-CRGASP.pdf\">Convocat\u00f3ria Avalia\u00e7\u00e3o Etnoracial \u2013 POS-CRGASP<\/a><\/div>\n\n\n\n<div class=\"wp-block-file\"><a href=\"https:\/\/www.ifbaiano.edu.br\/unidades\/valenca\/files\/2022\/09\/Convocatoria-Avaliacion-Etnoracial-\u2013-POS-CRGASP-em-Espanhol.pdf\">Convocat\u00f3ria Avaliaci\u00f3n Etnoracial \u2013 POS-CRGASP em Espanhol<\/a><\/div>\n\n\n\n<div class=\"wp-block-file\"><a href=\"https:\/\/www.ifbaiano.edu.br\/unidades\/valenca\/files\/2022\/09\/Resultado-Interposicao-de-Recursos-\u2013-POS-CRGASP.pdf\">Resultado Interposi\u00e7\u00e3o de Recursos \u2013 POS-CRGASP<\/a><\/div>\n\n\n\n<div class=\"wp-block-file\"><a href=\"https:\/\/www.ifbaiano.edu.br\/unidades\/valenca\/files\/2022\/09\/Resultado-Interposicion-de-Recursos-\u2013-POS-CRGASP-em-Espanhol.pdf\">Resultado Interposici\u00f3n de Recursos \u2013 POS-CRGASP em Espanhol<\/a><\/div>\n\n\n\n<div class=\"wp-block-file\"><a href=\"https:\/\/www.ifbaiano.edu.br\/unidades\/valenca\/files\/2022\/09\/Resultado-Preliminar-Pos-CRGASP.pdf\">Resultado Preliminar- Pos-CRGASP<\/a><\/div>\n\n\n\n<div class=\"wp-block-file\"><a href=\"https:\/\/www.ifbaiano.edu.br\/unidades\/valenca\/files\/2022\/09\/Resultado-Preliminar-Pos-CRGASP-em-Espanhol.pdf\">Resultado Preliminar- Pos-CRGASP em Espanhol<\/a><\/div>\n\n\n\n<div class=\"wp-block-file\"><a href=\"https:\/\/www.ifbaiano.edu.br\/unidades\/valenca\/files\/2022\/09\/Retificacao-do-Cronograma-no-3.pdf\">Retifica\u00e7\u00e3o do Cronograma n\u00ba 3<\/a><\/div>\n\n\n\n<div class=\"wp-block-file\"><a href=\"https:\/\/www.ifbaiano.edu.br\/unidades\/valenca\/files\/2022\/09\/Retificacao-do-Cronograma-no-3-em-Espanhol.pdf\">Retifica\u00e7\u00e3o do Cronograma n\u00ba 3 em Espanhol<\/a><\/div>\n\n\n\n<p><s><a href=\"https:\/\/www.ifbaiano.edu.br\/unidades\/valenca\/2022\/09\/16\/campus-valenca-abre-inscricoes-para-curso-de-pos-graduacao-internacional\/\">Retifica\u00e7\u00e3o Cronograma &#8211; POS-CRGASP &#8211; Espanhol<\/a><\/s><\/p>\n\n\n\n<p><s><a href=\"https:\/\/www.ifbaiano.edu.br\/unidades\/valenca\/2022\/09\/16\/campus-valenca-abre-inscricoes-para-curso-de-pos-graduacao-internacional\/\">Retifica\u00e7\u00e3o Cronograma &#8211; POS-CRGASP<\/a><\/s><\/p>\n\n\n\n<p><s><a href=\"https:\/\/www.ifbaiano.edu.br\/unidades\/valenca\/2022\/09\/16\/campus-valenca-abre-inscricoes-para-curso-de-pos-graduacao-internacional\/\">Resultado preliminar &#8211; POS-CRGASP &#8211; Espanhol<\/a><\/s><\/p>\n\n\n\n<p><s><a href=\"https:\/\/www.ifbaiano.edu.br\/unidades\/valenca\/2022\/09\/16\/campus-valenca-abre-inscricoes-para-curso-de-pos-graduacao-internacional\/\">Resultado preliminar &#8211; POS-CRGASP<\/a><\/s><\/p>\n\n\n\n<div class=\"wp-block-file\"><a href=\"https:\/\/www.ifbaiano.edu.br\/unidades\/valenca\/files\/2022\/09\/Resultado-Edital-Complementar-\u2013-Pos-CRGASP.pdf\">Resultado Edital Complementar \u2013 P\u00f3s CRGASP<\/a><\/div>\n\n\n\n<div class=\"wp-block-file\"><a href=\"https:\/\/www.ifbaiano.edu.br\/unidades\/valenca\/files\/2022\/09\/Resultado-Edital-Complementar-\u2013-Pos-CRGASP-\u2013-Traducao-Espanhol.pdf\">Resultado Edital Complementar \u2013 P\u00f3s CRGASP \u2013 Tradu\u00e7\u00e3o Espanhol<\/a><\/div>\n\n\n\n<div class=\"wp-block-file\"><a href=\"https:\/\/www.ifbaiano.edu.br\/unidades\/valenca\/files\/2022\/09\/Retificacao\u00b2-do-Edital-no-163.pdf\">Retifica\u00e7\u00e3o\u00b2 do Edital n\u00ba 163<\/a><\/div>\n\n\n\n<div class=\"wp-block-file\"><a href=\"https:\/\/www.ifbaiano.edu.br\/unidades\/valenca\/files\/2022\/09\/Aviso-de-Rectificacion-no-163.pdf\">Aviso de Rectificac\u00edon n\u00ba 163<\/a><\/div>\n\n\n\n<div class=\"wp-block-file\"><a href=\"https:\/\/www.ifbaiano.edu.br\/unidades\/valenca\/files\/2022\/09\/Aviso-Complementario-A-Convocatoria-no163.pdf\">Aviso Complementario A Convocat\u00f3ria n\u00ba163<\/a><\/div>\n\n\n\n<div class=\"wp-block-file\"><a href=\"https:\/\/www.ifbaiano.edu.br\/unidades\/valenca\/files\/2022\/09\/Edital-Complementar-\u2013-Pos-CRGASP.pdf\">Edital Complementar \u2013 P\u00f3s CRGASP<\/a><\/div>\n\n\n\n<div class=\"wp-block-file\"><a href=\"https:\/\/www.ifbaiano.edu.br\/unidades\/valenca\/files\/2022\/09\/Retificacao-2-do-Cronograma.pdf\">Retifica\u00e7\u00e3o 2 do Cronograma<\/a><\/div>\n\n\n\n<div class=\"wp-block-file\"><a href=\"https:\/\/www.ifbaiano.edu.br\/unidades\/valenca\/files\/2022\/09\/Retificacao-2-do-Cronograma-\u2013-Espanhol.pdf\">Retifica\u00e7\u00e3o 2 do Cronograma \u2013 Espanhol<\/a><\/div>\n\n\n\n<div class=\"wp-block-file\"><a href=\"https:\/\/www.ifbaiano.edu.br\/unidades\/valenca\/files\/2022\/09\/Retificacao-do-Edital-no-163.pdf\">Retifica\u00e7\u00e3o do Edital n\u00ba 163<\/a><\/div>\n\n\n\n<div class=\"wp-block-file\"><a href=\"https:\/\/www.ifbaiano.edu.br\/unidades\/valenca\/files\/2022\/09\/Traducao-em-Espanhol-da-Retificacao-do-Edital-no-163.pdf\">Tradu\u00e7\u00e3o em Espanhol da Retifica\u00e7\u00e3o do Edital n\u00ba 163<\/a><\/div>\n\n\n\n<div class=\"wp-block-file\"><a href=\"https:\/\/www.ifbaiano.edu.br\/unidades\/valenca\/files\/2022\/09\/Anexo-VII-\u2013-Ficha-de-Matricula-\u2013-Pos-\u2013-CRGASP.docx\">Anexo VII \u2013 Ficha de Matr\u00edcula \u2013 P\u00f3s \u2013 CRGA&amp;SP<\/a><\/div>\n\n\n\n<div class=\"wp-block-file\"><a href=\"https:\/\/www.ifbaiano.edu.br\/unidades\/valenca\/files\/2022\/09\/Anexo-VII-\u2013-Formulario-Inscripcion-\u2013-CRGASP.docx\">Anexo VII \u2013 Formulario Inscripci\u00f3n \u2013 CRGA&amp;SP<\/a><\/div>\n\n\n\n<div class=\"wp-block-file\"><a href=\"https:\/\/www.ifbaiano.edu.br\/unidades\/valenca\/files\/2022\/09\/Edital-no-163-Selecao-Pos-Graduacao-Lato-Sensu.pdf\">Edital n\u00ba 163<\/a><\/div>\n\n\n\n<div class=\"wp-block-file\"><a href=\"https:\/\/www.ifbaiano.edu.br\/unidades\/valenca\/files\/2022\/09\/Versao-do-edital-traduzida-para-espanhol.pdf\">Edital n\u00ba 163 \u2013 Vers\u00e3o Traduzida para espanhol<\/a><\/div>\n\n\n\n<div class=\"wp-block-file\"><a href=\"https:\/\/www.ifbaiano.edu.br\/unidades\/valenca\/files\/2022\/09\/Cronograma-Processo-Seletivo-Espec.-Internacional.pdf\">Cronograma Processo Seletivo Espec. Internacional<\/a><\/div>\n\n\n\n<div class=\"wp-block-file\"><a href=\"https:\/\/www.ifbaiano.edu.br\/unidades\/valenca\/files\/2022\/09\/Cronograma-Proceso-de-Seleccion-Espec-Internacional.pdf\">Cronograma Proceso de Selecci\u00f3n Espec Internacional<\/a><\/div>\n\n\n\n<div class=\"wp-block-file\"><a href=\"https:\/\/www.ifbaiano.edu.br\/unidades\/valenca\/files\/2022\/09\/Anexo-I-\u2013-Autodeclaracao-Etnico-Racial-\u2013-CRGA.SP_.docx\">Anexo I \u2013 Autodeclara\u00e7\u00e3o \u00c9tnico Racial \u2013 CRGA.SP<\/a><\/div>\n\n\n\n<div class=\"wp-block-file\"><a href=\"https:\/\/www.ifbaiano.edu.br\/unidades\/valenca\/files\/2022\/09\/Anexo-I-\u2013-Autodeclaracion-Etnico-Racial-\u2013-CRGA.SP_.docx\">Anexo I \u2013 Autodeclaracion Etnico Racial \u2013 CRGA.SP<\/a><\/div>\n\n\n\n<div class=\"wp-block-file\"><a href=\"https:\/\/www.ifbaiano.edu.br\/unidades\/valenca\/files\/2022\/09\/Anexo-II-\u2013-Declaracao-Pessoa-com-Deficiencia-\u2013-CRGA.SP_.docx\">Anexo II \u2013 Declara\u00e7\u00e3o Pessoa com Deficiencia \u2013 CRGA.SP<\/a><\/div>\n\n\n\n<div class=\"wp-block-file\"><a href=\"https:\/\/www.ifbaiano.edu.br\/unidades\/valenca\/files\/2022\/09\/Anexo-II-\u2013-Declaracion-Persona-con-Discapacidad-\u2013-CRGA.SP_.docx\">Anexo II \u2013 Declaraci\u00f3n Persona con Discapacidad \u2013 CRGA.SP<\/a><\/div>\n\n\n\n<div class=\"wp-block-file\"><a href=\"https:\/\/www.ifbaiano.edu.br\/unidades\/valenca\/files\/2022\/09\/Anexo-III-\u2013-Normas-para-Elaboracao-de-Proposta-\u2013-CRGA.SP_.docx\">Anexo III \u2013 Normas para Elabora\u00e7\u00e3o de Proposta \u2013 CRGA.SP<\/a><\/div>\n\n\n\n<div class=\"wp-block-file\"><a href=\"https:\/\/www.ifbaiano.edu.br\/unidades\/valenca\/files\/2022\/09\/Anexo-III-\u2013-Normas-para-la-Elaboracion-de-la-Propuesta-\u2013-CRGA.SP_.docx\">Anexo III \u2013 Normas para la Elaboracion de la Propuesta \u2013 CRGA.SP<\/a><\/div>\n\n\n\n<div class=\"wp-block-file\"><a href=\"https:\/\/www.ifbaiano.edu.br\/unidades\/valenca\/files\/2022\/09\/Anexo-IV-\u2013-Baremas-\u2013-CRGA.SP_.docx\">Anexo IV \u2013 Baremas \u2013 CRGA.SP<\/a><\/div>\n\n\n\n<div class=\"wp-block-file\"><a href=\"https:\/\/www.ifbaiano.edu.br\/unidades\/valenca\/files\/2022\/09\/Anexo-IV-\u2013-Baremos-\u2013-CRGA.SP_.docx\">Anexo IV \u2013 Baremos \u2013 CRGA.SP<\/a><\/div>\n\n\n\n<div class=\"wp-block-file\"><a href=\"https:\/\/www.ifbaiano.edu.br\/unidades\/valenca\/files\/2022\/09\/Anexo-V-\u2013-Formulario-para-Recursos-\u2013-CRGA.SP_.docx\">Anexo V \u2013 Formul\u00e1rio para Recursos \u2013 CRGA.SP<\/a><\/div>\n\n\n\n<div class=\"wp-block-file\"><a href=\"https:\/\/www.ifbaiano.edu.br\/unidades\/valenca\/files\/2022\/09\/Anexo-V-\u2013-Formato-para-Recursos-\u2013-CRGA.SP-Esp.docx\">Anexo V \u2013 Formato para Recursos \u2013 CRGA.SP Esp<\/a><\/div>\n\n\n\n<div class=\"wp-block-file\"><a href=\"https:\/\/www.ifbaiano.edu.br\/unidades\/valenca\/files\/2022\/09\/Anexo-VI-\u2013-Termo-de-Compromisso.docx\">Anexo VI \u2013 Termo de Compromisso<\/a><\/div>\n\n\n\n<div class=\"wp-block-file\"><a href=\"https:\/\/www.ifbaiano.edu.br\/unidades\/valenca\/files\/2022\/09\/Anexo-VI-\u2013-Termino-de-Compromiso.docx\">Anexo VI \u2013 Termino de Compromiso<\/a><\/div>\n","protected":false},"excerpt":{"rendered":"<p>Inscri\u00e7\u00f5es iniciam nesta sexta-feira (16) e v\u00e3o at\u00e9 o dia 24 de outubro para preenchimento de 40 vagas A Pr\u00f3-Reitora de Pesquisa e Inova\u00e7\u00e3o do Instituto Federal de Educa\u00e7\u00e3o, Ci\u00eancia e Tecnologia Baiano \u2013 IF Baiano, torna p\u00fablico a sele\u00e7\u00e3o de estudantes para provimento de vagas no curso de P\u00f3s-Gradua\u00e7\u00e3o Lato Sensu em Conserva\u00e7\u00e3o de [&hellip;]<\/p>\n","protected":false},"author":146,"featured_media":8229,"comment_status":"open","ping_status":"open","sticky":false,"template":"","format":"standard","meta":[],"categories":[60,12,5,35,9,32,63],"tags":[188,80],"_links":{"self":[{"href":"https:\/\/www.ifbaiano.edu.br\/unidades\/valenca\/wp-json\/wp\/v2\/posts\/8226"}],"collection":[{"href":"https:\/\/www.ifbaiano.edu.br\/unidades\/valenca\/wp-json\/wp\/v2\/posts"}],"about":[{"href":"https:\/\/www.ifbaiano.edu.br\/unidades\/valenca\/wp-json\/wp\/v2\/types\/post"}],"author":[{"embeddable":true,"href":"https:\/\/www.ifbaiano.edu.br\/unidades\/valenca\/wp-json\/wp\/v2\/users\/146"}],"replies":[{"embeddable":true,"href":"https:\/\/www.ifbaiano.edu.br\/unidades\/valenca\/wp-json\/wp\/v2\/comments?post=8226"}],"version-history":[{"count":9,"href":"https:\/\/www.ifbaiano.edu.br\/unidades\/valenca\/wp-json\/wp\/v2\/posts\/8226\/revisions"}],"predecessor-version":[{"id":8647,"href":"https:\/\/www.ifbaiano.edu.br\/unidades\/valenca\/wp-json\/wp\/v2\/posts\/8226\/revisions\/8647"}],"wp:featuredmedia":[{"embeddable":true,"href":"https:\/\/www.ifbaiano.edu.br\/unidades\/valenca\/wp-json\/wp\/v2\/media\/8229"}],"wp:attachment":[{"href":"https:\/\/www.ifbaiano.edu.br\/unidades\/valenca\/wp-json\/wp\/v2\/media?parent=8226"}],"wp:term":[{"taxonomy":"category","embeddable":true,"href":"https:\/\/www.ifbaiano.edu.br\/unidades\/valenca\/wp-json\/wp\/v2\/categories?post=8226"},{"taxonomy":"post_tag","embeddable":true,"href":"https:\/\/www.ifbaiano.edu.br\/unidades\/valenca\/wp-json\/wp\/v2\/tags?post=8226"}],"curies":[{"name":"wp","href":"https:\/\/api.w.org\/{rel}","templated":true}]}}