{"id":824,"date":"2011-10-17T16:15:03","date_gmt":"2011-10-17T16:15:03","guid":{"rendered":"http:\/\/www.ifbaiano.edu.br\/unidades\/valenca\/?p=824"},"modified":"2011-10-17T16:17:00","modified_gmt":"2011-10-17T16:17:00","slug":"representantes-dos-servidores-e-do-sindicato-se-reunem-com-o-reitor-do-if-baiano","status":"publish","type":"post","link":"https:\/\/www.ifbaiano.edu.br\/unidades\/valenca\/2011\/10\/17\/representantes-dos-servidores-e-do-sindicato-se-reunem-com-o-reitor-do-if-baiano\/","title":{"rendered":"Representantes dos servidores e do sindicato se re\u00fanem com o reitor do IF Baiano"},"content":{"rendered":"<p>Estiveram presentes na Reitoria do Instituto Federal de Educa\u00e7\u00e3o, Ci\u00eancia e Tecnologia Baiano os representantes dos servidores e do sindicato a fim de discutir com o reitor, Sebasti\u00e3o Edson Moura, os seguintes pontos: regime de trabalho do servidor (adminsitrativo e normatiza\u00e7\u00e3o de atividade docente), progress\u00e3o docente, gest\u00e3o democr\u00e1tica e capacita\u00e7\u00e3o dos servidores.<\/p>\n<p><strong><span style=\"color: #ff0000\">Leia na \u00edntegra a s\u00edntese na reuni\u00e3o:\u00a0<\/span><\/strong> <a href=\"http:\/\/www.ifbaiano.edu.br\/unidades\/valenca\/files\/2011\/10\/oficio-circular-63-2011.pdf\">oficio-circular-63-2011<\/a><\/p>\n<p>&nbsp;<\/p>\n<p>&nbsp;<\/p>\n","protected":false},"excerpt":{"rendered":"<p>Estiveram presentes na Reitoria do Instituto Federal de Educa\u00e7\u00e3o, Ci\u00eancia e Tecnologia Baiano os representantes dos servidores e do sindicato a fim de discutir com o reitor, Sebasti\u00e3o Edson Moura, os seguintes pontos: regime de trabalho do servidor (adminsitrativo e normatiza\u00e7\u00e3o de atividade docente), progress\u00e3o docente, gest\u00e3o democr\u00e1tica e capacita\u00e7\u00e3o dos servidores. Leia na \u00edntegra [&hellip;]<\/p>\n","protected":false},"author":6,"featured_media":0,"comment_status":"open","ping_status":"open","sticky":false,"template":"","format":"standard","meta":[],"categories":[24],"tags":[],"_links":{"self":[{"href":"https:\/\/www.ifbaiano.edu.br\/unidades\/valenca\/wp-json\/wp\/v2\/posts\/824"}],"collection":[{"href":"https:\/\/www.ifbaiano.edu.br\/unidades\/valenca\/wp-json\/wp\/v2\/posts"}],"about":[{"href":"https:\/\/www.ifbaiano.edu.br\/unidades\/valenca\/wp-json\/wp\/v2\/types\/post"}],"author":[{"embeddable":true,"href":"https:\/\/www.ifbaiano.edu.br\/unidades\/valenca\/wp-json\/wp\/v2\/users\/6"}],"replies":[{"embeddable":true,"href":"https:\/\/www.ifbaiano.edu.br\/unidades\/valenca\/wp-json\/wp\/v2\/comments?post=824"}],"version-history":[{"count":3,"href":"https:\/\/www.ifbaiano.edu.br\/unidades\/valenca\/wp-json\/wp\/v2\/posts\/824\/revisions"}],"predecessor-version":[{"id":827,"href":"https:\/\/www.ifbaiano.edu.br\/unidades\/valenca\/wp-json\/wp\/v2\/posts\/824\/revisions\/827"}],"wp:attachment":[{"href":"https:\/\/www.ifbaiano.edu.br\/unidades\/valenca\/wp-json\/wp\/v2\/media?parent=824"}],"wp:term":[{"taxonomy":"category","embeddable":true,"href":"https:\/\/www.ifbaiano.edu.br\/unidades\/valenca\/wp-json\/wp\/v2\/categories?post=824"},{"taxonomy":"post_tag","embeddable":true,"href":"https:\/\/www.ifbaiano.edu.br\/unidades\/valenca\/wp-json\/wp\/v2\/tags?post=824"}],"curies":[{"name":"wp","href":"https:\/\/api.w.org\/{rel}","templated":true}]}}