{"id":8249,"date":"2022-09-20T17:11:16","date_gmt":"2022-09-20T20:11:16","guid":{"rendered":"https:\/\/www.ifbaiano.edu.br\/unidades\/valenca\/?p=8249"},"modified":"2022-12-06T09:53:02","modified_gmt":"2022-12-06T12:53:02","slug":"inscricoes-abertas-para-a-pos-graduacao-lato-sensu-em-meio-ambiente-e-agroecologia","status":"publish","type":"post","link":"https:\/\/www.ifbaiano.edu.br\/unidades\/valenca\/2022\/09\/20\/inscricoes-abertas-para-a-pos-graduacao-lato-sensu-em-meio-ambiente-e-agroecologia\/","title":{"rendered":"Inscri\u00e7\u00f5es abertas para a p\u00f3s-gradua\u00e7\u00e3o lato sensu em Meio Ambiente e Agroecologia"},"content":{"rendered":"\n<p>As inscri\u00e7\u00f5es <span style=\"color: #ff0000\"><strong>(prorrogadas at\u00e9 31 de outubro)<\/strong><\/span> s\u00e3o gratuitas e n\u00e3o h\u00e1 taxas de mensalidade nem matr\u00edcula <\/p>\n\n\n\n<p>O Instituto Federal Baiano &#8211; Campus Valen\u00e7a est\u00e1 com inscri\u00e7\u00f5es abertas para sele\u00e7\u00e3o de estudantes para provimento de vagas no curso de p\u00f3s-gradua\u00e7\u00e3o lato sensu em Meio Ambiente e Agroecologia, com ingresso em 2023.<\/p>\n\n\n\n<p>A especializa\u00e7\u00e3o recebe inscri\u00e7\u00f5es de&nbsp;<strong>12 de setembro a <s>11<\/s> <span style=\"color: #ff0000\"><strong>31 de outubro<\/strong><\/span><\/strong>. As inscri\u00e7\u00f5es dever\u00e3o ser realizadas atrav\u00e9s do envio da documenta\u00e7\u00e3o listada pelo edital exclusivamente para o e-mail:&nbsp;<a href=\"mailto:pos.maec@valenca.ifbaiano.edu.br\">pos.maec@valenca.ifbaiano.edu.br<\/a>, at\u00e9 as 24h do \u00faltimo dia de inscri\u00e7\u00e3o, conforme cronograma (<a href=\"https:\/\/www.ifbaiano.edu.br\/unidades\/valenca\/files\/2022\/09\/Anexo-I-\u2013-Cronograma.pdf\">Anexo I<\/a>).<\/p>\n\n\n\n<p>O p\u00fablico-alvo \u00e9 constitu\u00eddo por graduados em curso superior em qualquer \u00e1rea do conhecimento e que trabalham ou possuem interesse em atuar na \u00e1rea de Meio Ambiente e Agroecologia, desde que sejam portadores de diploma de n\u00edvel superior, reconhecido pelo MEC.<\/p>\n\n\n\n<p>O curso tem como objetivo a qualifica\u00e7\u00e3o de profissionais, conferindo compet\u00eancias para a avalia\u00e7\u00e3o cr\u00edtica, interven\u00e7\u00e3o e resolu\u00e7\u00e3o de problemas socioecon\u00f4micos e ambientais. <\/p>\n\n\n\n<p>A sele\u00e7\u00e3o considerar\u00e1 a avalia\u00e7\u00e3o do Curr\u00edculo Lates conforme barema do quadro 1 do edital.  O resultado final est\u00e1 previsto para sair no dia 16 de novembro de 2022. <\/p>\n\n\n\n<p><strong> Acompanhe a sele\u00e7\u00e3o <a href=\"https:\/\/concurso.ifbaiano.edu.br\/portal\/pos-meio-ambiente-agroecologia-valenca-setembro-2022\/\">aqui<\/a>. <\/strong><\/p>\n\n\n\n<p>Para maiores esclarecimentos ou d\u00favidas, os interessados poder\u00e3o entrar em contato por telefone (75) 3641-5270, Coordena\u00e7\u00e3o de Cursos de P\u00f3s-Gradua\u00e7\u00e3o ou ainda por e-mail: <a href=\"mailto:pos.maec@valenca.iFaiano.edu.br\"><a href=\"mailto:pos.maec@valenca.ifbaiano.edu.br\">pos.maec@valenca.ifbaiano.edu.br<\/a><\/a>.<\/p>\n\n\n\n<div id=\"ProreitoriaTopoTitulo\">\n\t\t\t\t\tEditais e Documentos\n\t\t\t\t<\/div>\n\n\n\n<div class=\"wp-block-file\"><a href=\"https:\/\/www.ifbaiano.edu.br\/unidades\/valenca\/files\/2022\/09\/Resultado-Final-Edital-PROPES-no-159-2022.pdf\">Resultado Final<\/a><\/div>\n\n\n\n<div class=\"wp-block-file\"><a href=\"https:\/\/www.ifbaiano.edu.br\/unidades\/valenca\/files\/2022\/09\/Nota-informativa-no-1-Edital-no-159.pdf\">Nota informativa n\u00ba 1<\/a><\/div>\n\n\n\n<div class=\"wp-block-file\"><a href=\"https:\/\/www.ifbaiano.edu.br\/unidades\/valenca\/files\/2022\/09\/Resultado-do-Processo-Seletivo-da-Pos-graduacao-em-Meio-Ambiente-e-Agroecologia.pdf\">Resultado do Preliminar<\/a><\/div>\n\n\n\n<div class=\"wp-block-file\"><a href=\"https:\/\/www.ifbaiano.edu.br\/unidades\/valenca\/files\/2022\/09\/Homologacao-das-inscricoes-pos-recursos.pdf\">Homologa\u00e7\u00e3o das inscri\u00e7\u00f5es &#8211; p\u00f3s-recursos<\/a><\/div>\n\n\n\n<div class=\"wp-block-file\"><a href=\"https:\/\/www.ifbaiano.edu.br\/unidades\/valenca\/files\/2022\/09\/Homologacao-das-inscricoes-Processo-seletivo-da-pos-graduacao-em-Meio-Ambiente-e-Agroecologia.pdf\">Homologa\u00e7\u00e3o das inscri\u00e7\u00f5es<\/a><\/div>\n\n\n\n<div class=\"wp-block-file\"><a href=\"https:\/\/www.ifbaiano.edu.br\/unidades\/valenca\/files\/2022\/09\/Retificacao-do-Edital-no-159.pdf\">Retifica\u00e7\u00e3o do Edital n\u00ba 159<\/a><\/div>\n\n\n\n<div class=\"wp-block-file\"><a href=\"https:\/\/www.ifbaiano.edu.br\/unidades\/valenca\/files\/2022\/09\/Edital-no-159.pdf\">Edital n\u00ba 159<\/a><\/div>\n\n\n\n<div class=\"wp-block-file\"><a href=\"https:\/\/www.ifbaiano.edu.br\/unidades\/valenca\/files\/2022\/09\/Anexo-I-\u2013-Cronograma.pdf\">Anexo I \u2013 Cronograma<\/a><\/div>\n\n\n\n<div class=\"wp-block-file\"><a href=\"https:\/\/www.ifbaiano.edu.br\/unidades\/valenca\/files\/2022\/09\/Anexo-II-\u2013-Requerimento-de-Inscricao.odt\">Anexo II \u2013 Requerimento de Inscri\u00e7\u00e3o<\/a><\/div>\n\n\n\n<div class=\"wp-block-file\"><a href=\"https:\/\/www.ifbaiano.edu.br\/unidades\/valenca\/files\/2022\/09\/Anexo-III-\u2013-Autodeclaracao-Etnico-Racial.odt\">Anexo III \u2013 Autodeclara\u00e7\u00e3o \u00c9tnico Racial<\/a><\/div>\n\n\n\n<div class=\"wp-block-file\"><a href=\"https:\/\/www.ifbaiano.edu.br\/unidades\/valenca\/files\/2022\/09\/Anexo-IV-Declaracao-Pessoa-com-Deficiencia.odt\">Anexo IV Declara\u00e7\u00e3o Pessoa com Defici\u00eancia<\/a><\/div>\n\n\n\n<div class=\"wp-block-file\"><a href=\"https:\/\/www.ifbaiano.edu.br\/unidades\/valenca\/files\/2022\/09\/Anexo-V-\u2013-Formulario-para-Recursos.odt\">Anexo V \u2013 Formulario para Recursos<\/a><\/div>\n","protected":false},"excerpt":{"rendered":"<p>As inscri\u00e7\u00f5es (prorrogadas at\u00e9 31 de outubro) s\u00e3o gratuitas e n\u00e3o h\u00e1 taxas de mensalidade nem matr\u00edcula O Instituto Federal Baiano &#8211; Campus Valen\u00e7a est\u00e1 com inscri\u00e7\u00f5es abertas para sele\u00e7\u00e3o de estudantes para provimento de vagas no curso de p\u00f3s-gradua\u00e7\u00e3o lato sensu em Meio Ambiente e Agroecologia, com ingresso em 2023. A especializa\u00e7\u00e3o recebe inscri\u00e7\u00f5es [&hellip;]<\/p>\n","protected":false},"author":146,"featured_media":8256,"comment_status":"open","ping_status":"open","sticky":false,"template":"","format":"standard","meta":[],"categories":[60,12,5,35,32,63],"tags":[232,188,80],"_links":{"self":[{"href":"https:\/\/www.ifbaiano.edu.br\/unidades\/valenca\/wp-json\/wp\/v2\/posts\/8249"}],"collection":[{"href":"https:\/\/www.ifbaiano.edu.br\/unidades\/valenca\/wp-json\/wp\/v2\/posts"}],"about":[{"href":"https:\/\/www.ifbaiano.edu.br\/unidades\/valenca\/wp-json\/wp\/v2\/types\/post"}],"author":[{"embeddable":true,"href":"https:\/\/www.ifbaiano.edu.br\/unidades\/valenca\/wp-json\/wp\/v2\/users\/146"}],"replies":[{"embeddable":true,"href":"https:\/\/www.ifbaiano.edu.br\/unidades\/valenca\/wp-json\/wp\/v2\/comments?post=8249"}],"version-history":[{"count":15,"href":"https:\/\/www.ifbaiano.edu.br\/unidades\/valenca\/wp-json\/wp\/v2\/posts\/8249\/revisions"}],"predecessor-version":[{"id":8564,"href":"https:\/\/www.ifbaiano.edu.br\/unidades\/valenca\/wp-json\/wp\/v2\/posts\/8249\/revisions\/8564"}],"wp:featuredmedia":[{"embeddable":true,"href":"https:\/\/www.ifbaiano.edu.br\/unidades\/valenca\/wp-json\/wp\/v2\/media\/8256"}],"wp:attachment":[{"href":"https:\/\/www.ifbaiano.edu.br\/unidades\/valenca\/wp-json\/wp\/v2\/media?parent=8249"}],"wp:term":[{"taxonomy":"category","embeddable":true,"href":"https:\/\/www.ifbaiano.edu.br\/unidades\/valenca\/wp-json\/wp\/v2\/categories?post=8249"},{"taxonomy":"post_tag","embeddable":true,"href":"https:\/\/www.ifbaiano.edu.br\/unidades\/valenca\/wp-json\/wp\/v2\/tags?post=8249"}],"curies":[{"name":"wp","href":"https:\/\/api.w.org\/{rel}","templated":true}]}}