{"id":8264,"date":"2022-09-21T16:09:21","date_gmt":"2022-09-21T19:09:21","guid":{"rendered":"https:\/\/www.ifbaiano.edu.br\/unidades\/valenca\/?p=8264"},"modified":"2022-09-21T16:09:22","modified_gmt":"2022-09-21T19:09:22","slug":"ultimos-dias-para-se-inscrever-no-famif-2022","status":"publish","type":"post","link":"https:\/\/www.ifbaiano.edu.br\/unidades\/valenca\/2022\/09\/21\/ultimos-dias-para-se-inscrever-no-famif-2022\/","title":{"rendered":"\u00daltimos dias para se inscrever no Famif 2022"},"content":{"rendered":"\n<p><em>Festival vai reunir finalistas no Campus Catu nos dias 8, 9 e 10 de novembro<\/em><\/p>\n\n\n\n<p>Faltam apenas 9 dias para o encerramento das inscri\u00e7\u00f5es do Festival de Arte e M\u00fasica do IF Baiano (Famif Baiano). As inscri\u00e7\u00f5es, que iniciaram dia&nbsp;<strong>26 de agosto&nbsp;e encerram dia&nbsp;30 de setembro<\/strong>, s\u00e3o gratuitas e on-line, realizadas atrav\u00e9s de&nbsp;<a rel=\"noreferrer noopener\" href=\"https:\/\/docs.google.com\/forms\/d\/1ZUXiGjus0U5r4WYro__fsBEdOv41ac9_1ac_DN71EMI\/viewform?edit_requested=true\" target=\"_blank\">formul\u00e1rio digital<\/a>.<\/p>\n\n\n\n<p>Podem participar estudantes, egressos, servidores e colaboradores terceirizados e estagi\u00e1rios. O tema desta terceira edi\u00e7\u00e3o \u00e9 \u201cViver \u00e9 uma Arte\u201d, referenciando nossa resist\u00eancia e resili\u00eancia ap\u00f3s per\u00edodo pand\u00eamico e diante de todas as dificuldades vivenciadas.<\/p>\n\n\n\n<p>Depois de tr\u00eas anos da \u00faltima edi\u00e7\u00e3o presencial, o Famif volta a reunir artistas e p\u00fablico ao redor do palco em duas fases de muita cultura e arte: o Festival Interno, realizado em cada unidade do IF Baiano entre 05 e&nbsp;20 de outubro, e o Festival&nbsp;<em>I<\/em><em>ntercampi<\/em>&nbsp;que acontecer\u00e1 no Campus Catu dias 8, 9 e&nbsp;10 de novembro.<\/p>\n\n\n\n<p>Os participantes concorrem em duas categorias distintas de inscri\u00e7\u00e3o: Discente regular e Egresso; e a categoria Servidor e Colaborador Terceirizado e Estagi\u00e1rio.&nbsp; Este ano, ser\u00e3o sete formatos de apresenta\u00e7\u00e3o:<\/p>\n\n\n\n<p>1) Interpreta\u00e7\u00e3o musical autoral;<\/p>\n\n\n\n<p>2) Interpreta\u00e7\u00e3o musical n\u00e3o-autoral;<\/p>\n\n\n\n<p>3) M\u00fasica Instrumental autoral e n\u00e3o autoral;<\/p>\n\n\n\n<p>4) Declama\u00e7\u00e3o de poema\/poesia autoral;<\/p>\n\n\n\n<p>5) Teatro, Stand up Comedy e Arte Circense;<\/p>\n\n\n\n<p>6) Dan\u00e7a;<\/p>\n\n\n\n<p>7) Artes Visuais (pintura, desenho, colagem, fotografia, escultura e gravura). Cada participante pode inscrever at\u00e9 duas apresenta\u00e7\u00f5es em formatos diferentes.<\/p>\n\n\n\n<p>Para participar, al\u00e9m de preencher o formul\u00e1rio digital \u00e9 necess\u00e1rio anexar a seguinte documenta\u00e7\u00e3o:<\/p>\n\n\n\n<p>a) Documento de identifica\u00e7\u00e3o do(s) participante(s) que contenha foto (RG).<\/p>\n\n\n\n<p>b) Selfie (foto) do rosto do(s) participante(s) ao lado do documento de identifica\u00e7\u00e3o (RG)<\/p>\n\n\n\n<p>c) Discentes e estagi\u00e1rios(as) com idade menor de 18 (dezoito) anos, devem entregar tamb\u00e9m o documento de identifica\u00e7\u00e3o com foto do(a) respons\u00e1vel e a autoriza\u00e7\u00e3o do(a) respons\u00e1vel legal preenchida e assinada (Anexo I).<\/p>\n\n\n\n<p>Para conferir mais detalhes sobre as seletivas do Famif Baiano 2022, acesse o\u00a0<a rel=\"noreferrer noopener\" href=\"https:\/\/concurso.ifbaiano.edu.br\/portal\/famif-2022\/wp-content\/uploads\/sites\/657\/2022\/08\/Edital-155-de-2022-do-FAMIF-BAIANO-ASSINADO.pdf\" target=\"_blank\">edital<\/a>. Acompanhe tamb\u00e9m o perfil no Instagram do Festival, @famifbaiano, e o seu site oficial:\u00a0<a rel=\"noreferrer noopener\" href=\"https:\/\/concurso.ifbaiano.edu.br\/portal\/famif-2022\/\" target=\"_blank\">famif.ifbaiano.edu.br<\/a>. Para d\u00favidas, basta enviar um e-mail para\u00a0famifbaianodigital@gmail.com.<\/p>\n\n\n\n<hr class=\"wp-block-separator is-style-wide\" \/>\n\n\n\n<p>Mat\u00e9ria ASCOM dispon\u00edvel em:\u00a0<em>https:\/\/ifbaiano.edu.br\/portal\/blog<\/em>\/ultimos-dias-para-se-inscrever-no-famif-2022\/<\/p>\n","protected":false},"excerpt":{"rendered":"<p>Festival vai reunir finalistas no Campus Catu nos dias 8, 9 e 10 de novembro Faltam apenas 9 dias para o encerramento das inscri\u00e7\u00f5es do Festival de Arte e M\u00fasica do IF Baiano (Famif Baiano). As inscri\u00e7\u00f5es, que iniciaram dia&nbsp;26 de agosto&nbsp;e encerram dia&nbsp;30 de setembro, s\u00e3o gratuitas e on-line, realizadas atrav\u00e9s de&nbsp;formul\u00e1rio digital. Podem [&hellip;]<\/p>\n","protected":false},"author":146,"featured_media":8265,"comment_status":"open","ping_status":"open","sticky":false,"template":"","format":"standard","meta":[],"categories":[5,34,63],"tags":[],"_links":{"self":[{"href":"https:\/\/www.ifbaiano.edu.br\/unidades\/valenca\/wp-json\/wp\/v2\/posts\/8264"}],"collection":[{"href":"https:\/\/www.ifbaiano.edu.br\/unidades\/valenca\/wp-json\/wp\/v2\/posts"}],"about":[{"href":"https:\/\/www.ifbaiano.edu.br\/unidades\/valenca\/wp-json\/wp\/v2\/types\/post"}],"author":[{"embeddable":true,"href":"https:\/\/www.ifbaiano.edu.br\/unidades\/valenca\/wp-json\/wp\/v2\/users\/146"}],"replies":[{"embeddable":true,"href":"https:\/\/www.ifbaiano.edu.br\/unidades\/valenca\/wp-json\/wp\/v2\/comments?post=8264"}],"version-history":[{"count":1,"href":"https:\/\/www.ifbaiano.edu.br\/unidades\/valenca\/wp-json\/wp\/v2\/posts\/8264\/revisions"}],"predecessor-version":[{"id":8266,"href":"https:\/\/www.ifbaiano.edu.br\/unidades\/valenca\/wp-json\/wp\/v2\/posts\/8264\/revisions\/8266"}],"wp:featuredmedia":[{"embeddable":true,"href":"https:\/\/www.ifbaiano.edu.br\/unidades\/valenca\/wp-json\/wp\/v2\/media\/8265"}],"wp:attachment":[{"href":"https:\/\/www.ifbaiano.edu.br\/unidades\/valenca\/wp-json\/wp\/v2\/media?parent=8264"}],"wp:term":[{"taxonomy":"category","embeddable":true,"href":"https:\/\/www.ifbaiano.edu.br\/unidades\/valenca\/wp-json\/wp\/v2\/categories?post=8264"},{"taxonomy":"post_tag","embeddable":true,"href":"https:\/\/www.ifbaiano.edu.br\/unidades\/valenca\/wp-json\/wp\/v2\/tags?post=8264"}],"curies":[{"name":"wp","href":"https:\/\/api.w.org\/{rel}","templated":true}]}}