{"id":8268,"date":"2022-09-22T14:25:14","date_gmt":"2022-09-22T17:25:14","guid":{"rendered":"https:\/\/www.ifbaiano.edu.br\/unidades\/valenca\/?p=8268"},"modified":"2022-09-22T14:57:39","modified_gmt":"2022-09-22T17:57:39","slug":"processo-seletivo-do-curso-de-pos-graduacao-lato-sensu-em-meio-ambiente-e-agroecologia-campus-valenca-setembro-2022","status":"publish","type":"post","link":"https:\/\/www.ifbaiano.edu.br\/unidades\/valenca\/2022\/09\/22\/processo-seletivo-do-curso-de-pos-graduacao-lato-sensu-em-meio-ambiente-e-agroecologia-campus-valenca-setembro-2022\/","title":{"rendered":"Processo Seletivo do Curso de P\u00f3s-Gradua\u00e7\u00e3o lato sensu em Meio Ambiente e Agroecologia \u2013 Campus Valen\u00e7a \u2013 Setembro 2022"},"content":{"rendered":"\n<figure class=\"wp-block-image size-full\"><a href=\"https:\/\/www.ifbaiano.edu.br\/unidades\/valenca\/files\/2022\/09\/WhatsApp-Image-2022-09-21-at-09.29.36.jpeg\"><img decoding=\"async\" loading=\"lazy\" width=\"1080\" height=\"1080\" src=\"https:\/\/www.ifbaiano.edu.br\/unidades\/valenca\/files\/2022\/09\/WhatsApp-Image-2022-09-21-at-09.29.36.jpeg\" alt=\"\" class=\"wp-image-8270\" \/><\/a><\/figure>\n\n\n\n<p class=\"has-text-align-left\">A Pr\u00f3-Reitora de Pesquisa e Inova\u00e7\u00e3o do Instituto Federal de Educa\u00e7\u00e3o, Ci\u00eancia e Tecnologia Baiano \u2013 IF Baiano, torna p\u00fablico a sele\u00e7\u00e3o de estudantes para provimento de vagas no curso de <strong>P\u00f3s-gradua\u00e7\u00e3o Lato Sensu em Meio Ambiente e Agroecologia<\/strong>, oferecido no <strong>Campus Valen\u00e7a<\/strong> e com ingresso em 2023.<\/p>\n\n\n\n<h2 class=\"wp-block-heading\">Cronograma<\/h2>\n\n\n\n<ul><li>Publica\u00e7\u00e3o do Edital 05\/09\/2022<\/li><li>Per\u00edodo para impugna\u00e7\u00e3o do Edital 06 a 08\/09\/2022<\/li><li>Per\u00edodo de Inscri\u00e7\u00f5es do processo seletivo 12\/09\/2022 a 11\/10\/2022<\/li><li>Divulga\u00e7\u00e3o das Inscri\u00e7\u00f5es deferidas 14\/10\/2022<\/li><li>Interposi\u00e7\u00e3o de recursos das inscri\u00e7\u00f5es 18\/10\/2022<\/li><li>Resultado da interposi\u00e7\u00e3o de recursos e Homologa\u00e7\u00e3o das Inscri\u00e7\u00f5es 20\/10\/2022<\/li><li>Divulga\u00e7\u00e3o do Resultado preliminar 04\/11\/2022<\/li><li>Interposi\u00e7\u00e3o de recurso do resultado preliminar 07\/11\/2022<\/li><li>Avalia\u00e7\u00e3o da veracidade da(s) pessoa(s) autodeclarada(s) preta(s), parda(s), ind\u00edgena(s) e com defici\u00eancia 08 e 09\/11\/2022<\/li><li>Interposi\u00e7\u00e3o de recursos contra o resultado p\u00f3s aferi\u00e7\u00e3o da veracidade de autodeclara\u00e7\u00e3o prestada por candidatos pretos, pardos, ind\u00edgena e com defici\u00eancia 10\/11\/2022<\/li><li>Divulga\u00e7\u00e3o do resultado do julgamento dos recursos contra o resultado p\u00f3s aferi\u00e7\u00e3o da veracidade de autodeclara\u00e7\u00e3o por candidatos pretos, pardos, ind\u00edgenas e com defici\u00eancias 14\/11\/2022<\/li><li>Divulga\u00e7\u00e3o do Resultado Final 16\/11\/2022<\/li><li>Matr\u00edculas (1\u00aa Chamada) 28\/11 a 02\/12\/2022 Previs\u00e3o de In\u00edcio das Aulas 06\/02\/2022<\/li><\/ul>\n\n\n\n<p>Para mais informa\u00e7\u00f5es sobre a especializa\u00e7\u00e3o gratuita 2023 acesse <strong><code><a href=\"https:\/\/concurso.ifbaiano.edu.br\/portal\/pos-meio-ambiente-agroecologia-valenca-setembro-2022\/\" data-type=\"URL\" data-id=\"https:\/\/concurso.ifbaiano.edu.br\/portal\/pos-meio-ambiente-agroecologia-valenca-setembro-2022\/\" target=\"_blank\" rel=\"noreferrer noopener\">aqui<\/a><\/code>.<\/strong><\/p>\n","protected":false},"excerpt":{"rendered":"<p>A Pr\u00f3-Reitora de Pesquisa e Inova\u00e7\u00e3o do Instituto Federal de Educa\u00e7\u00e3o, Ci\u00eancia e Tecnologia Baiano \u2013 IF Baiano, torna p\u00fablico a sele\u00e7\u00e3o de estudantes para provimento de vagas no curso de P\u00f3s-gradua\u00e7\u00e3o Lato Sensu em Meio Ambiente e Agroecologia, oferecido no Campus Valen\u00e7a e com ingresso em 2023. Cronograma Publica\u00e7\u00e3o do Edital 05\/09\/2022 Per\u00edodo para [&hellip;]<\/p>\n","protected":false},"author":144,"featured_media":0,"comment_status":"open","ping_status":"open","sticky":true,"template":"","format":"standard","meta":[],"categories":[63],"tags":[71,64,80],"_links":{"self":[{"href":"https:\/\/www.ifbaiano.edu.br\/unidades\/valenca\/wp-json\/wp\/v2\/posts\/8268"}],"collection":[{"href":"https:\/\/www.ifbaiano.edu.br\/unidades\/valenca\/wp-json\/wp\/v2\/posts"}],"about":[{"href":"https:\/\/www.ifbaiano.edu.br\/unidades\/valenca\/wp-json\/wp\/v2\/types\/post"}],"author":[{"embeddable":true,"href":"https:\/\/www.ifbaiano.edu.br\/unidades\/valenca\/wp-json\/wp\/v2\/users\/144"}],"replies":[{"embeddable":true,"href":"https:\/\/www.ifbaiano.edu.br\/unidades\/valenca\/wp-json\/wp\/v2\/comments?post=8268"}],"version-history":[{"count":10,"href":"https:\/\/www.ifbaiano.edu.br\/unidades\/valenca\/wp-json\/wp\/v2\/posts\/8268\/revisions"}],"predecessor-version":[{"id":8283,"href":"https:\/\/www.ifbaiano.edu.br\/unidades\/valenca\/wp-json\/wp\/v2\/posts\/8268\/revisions\/8283"}],"wp:attachment":[{"href":"https:\/\/www.ifbaiano.edu.br\/unidades\/valenca\/wp-json\/wp\/v2\/media?parent=8268"}],"wp:term":[{"taxonomy":"category","embeddable":true,"href":"https:\/\/www.ifbaiano.edu.br\/unidades\/valenca\/wp-json\/wp\/v2\/categories?post=8268"},{"taxonomy":"post_tag","embeddable":true,"href":"https:\/\/www.ifbaiano.edu.br\/unidades\/valenca\/wp-json\/wp\/v2\/tags?post=8268"}],"curies":[{"name":"wp","href":"https:\/\/api.w.org\/{rel}","templated":true}]}}