{"id":8284,"date":"2022-09-23T17:14:23","date_gmt":"2022-09-23T20:14:23","guid":{"rendered":"https:\/\/www.ifbaiano.edu.br\/unidades\/valenca\/?p=8284"},"modified":"2022-10-14T17:34:05","modified_gmt":"2022-10-14T20:34:05","slug":"if-baiano-abre-selecao-de-discentes-para-bolsista-no-pibid","status":"publish","type":"post","link":"https:\/\/www.ifbaiano.edu.br\/unidades\/valenca\/2022\/09\/23\/if-baiano-abre-selecao-de-discentes-para-bolsista-no-pibid\/","title":{"rendered":"IF Baiano abre sele\u00e7\u00e3o de discentes para Bolsista no PIBID"},"content":{"rendered":"\n<p><em>O Programa Institucional de Bolsa de Inicia\u00e7\u00e3o \u00e0 Doc\u00eancia (PIBID) \u00e9 um programa da Coordena\u00e7\u00e3o de Aperfei\u00e7oamento de Pessoal de N\u00edvel Superior (Capes), que por meio de sua Diretoria de Forma\u00e7\u00e3o de Professores da Educa\u00e7\u00e3o B\u00e1sica (DEB), fomenta a inicia\u00e7\u00e3o \u00e0 doc\u00eancia nos cursos de licenciatura, em regime de colabora\u00e7\u00e3o com as redes de ensino.<\/em><\/p>\n\n\n\n<p>O REITOR DO INSTITUTO FEDERAL DE EDUCA\u00c7\u00c3O, CI\u00caNCIA E TECNOLOGIA BAIANO, torna p\u00fablica a realiza\u00e7\u00e3o do processo seletivo para admiss\u00e3o de discentes bolsistas iniciantes \u00e0 doc\u00eancia (alunas(os) de cursos de Licenciatura do IF Baiano), para atua\u00e7\u00e3o nas escolas da Educa\u00e7\u00e3o B\u00e1sica habilitadas na Plataforma Capes para o Projeto Institucional de Inicia\u00e7\u00e3o \u00e0 Doc\u00eancia do IF Baiano por meio dos subprojetos de Qu\u00edmica (Campus Catu), Ci\u00eancias Biol\u00f3gicas\/Biologia (Campus Valen\u00e7a e Campus Serrinha), Projeto Interdisciplinar I de Qu\u00edmica e Ci\u00eancias Biol\u00f3gicas\/Biologia (Campus Guanambi), Projeto Interdisciplinar II de Geogra\ufb01a e Ci\u00eancias Biol\u00f3gicas\/Biologia (Campus Santa In\u00eas) e Ci\u00eancias da Computa\u00e7\u00e3o e Ci\u00eancias Agr\u00e1rias (Campus Senhor do Bon\ufb01m), na forma deste Edital.<\/p>\n\n\n\n<div class=\"wp-block-image is-style-default\"><figure class=\"aligncenter size-full\"><img decoding=\"async\" loading=\"lazy\" width=\"900\" height=\"900\" src=\"https:\/\/www.ifbaiano.edu.br\/unidades\/valenca\/files\/2022\/09\/Card_Pibid_Serrinha-e-Valenca_Biologia_discentes.png\" alt=\"\" class=\"wp-image-8334\" \/><\/figure><\/div>\n\n\n\n<p>As inscri\u00e7\u00f5es dever\u00e3o ser realizadas atrav\u00e9s do envio de toda a documenta\u00e7\u00e3o exigida no item 5.4 para o e-mail:&nbsp;<a rel=\"noreferrer noopener\" href=\"mailto:prosel.pibid@ifbaiano.edu.br\" target=\"_blank\">prosel.pibid@ifbaiano.edu.br<\/a>, no per\u00edodo de <strong><strong>21 de setembro a 03 de outubro<\/strong>&nbsp;de 2022<\/strong>.<\/p>\n\n\n\n<p>Acesse <strong><a href=\"https:\/\/concurso.ifbaiano.edu.br\/portal\/selecao-discente-licenciatura-bolsista-pibid-setembro-2022\/\">aqui<\/a> <\/strong>a p\u00e1gina do processo seletivo.<\/p>\n\n\n\n<div id=\"ProreitoriaTopoTitulo\">\n\t\t\t\t\tEditais e Documentos\n\t\t\t\t<\/div>\n\n\n\n<div class=\"wp-block-file\"><a href=\"https:\/\/www.ifbaiano.edu.br\/unidades\/valenca\/files\/2022\/09\/Classificacao-Geral-Edital-PIBID-n\u00b0-180.pdf\">Classifica\u00e7\u00e3o Geral<\/a><\/div>\n\n\n\n<div class=\"wp-block-file\"><a href=\"https:\/\/www.ifbaiano.edu.br\/unidades\/valenca\/files\/2022\/09\/Parecer-da-Interposicao-de-recurso-Inscricoes-Selecao-Discente-Edital-PIBID-n\u00b0-180.pdf\">Interposi\u00e7\u00e3o de Recurso<\/a><\/div>\n\n\n\n<div class=\"wp-block-file\"><a href=\"https:\/\/www.ifbaiano.edu.br\/unidades\/valenca\/files\/2022\/09\/Homologacao-das-Inscricoes-\u2013-Valenca-\u2013-Biologia-1.pdf\">Homologa\u00e7\u00e3o das Inscri\u00e7\u00f5es \u2013 Valen\u00e7a \u2013 Biologia<\/a><\/div>\n\n\n\n<div class=\"wp-block-file\"><a href=\"https:\/\/www.ifbaiano.edu.br\/unidades\/valenca\/files\/2022\/09\/Prorrogacao-das-Inscricoes-do-Edital-n\u00b0-180-PIBID-Discentes-da-Licenciatura.pdf\">Prorroga\u00e7\u00e3o das Inscri\u00e7\u00f5es<\/a><\/div>\n\n\n\n<div class=\"wp-block-file\"><a href=\"https:\/\/www.ifbaiano.edu.br\/unidades\/valenca\/files\/2022\/09\/Homologacao-Discentes_PIBID.pdf\">Homologa\u00e7\u00e3o<\/a><\/div>\n\n\n\n<div class=\"wp-block-file\"><a href=\"https:\/\/www.ifbaiano.edu.br\/unidades\/valenca\/files\/2022\/09\/Edital-de-Retificacao-no-183-Discentes-PIBID.pdf\">Edital de Retifica\u00e7\u00e3o n\u00ba 183<\/a><\/div>\n\n\n\n<div class=\"wp-block-file\"><a href=\"https:\/\/www.ifbaiano.edu.br\/unidades\/valenca\/files\/2022\/09\/Edital-no-180-de-21-de-setembro-de-2022-Pibid.pdf\">Edital n\u00ba 180<\/a><\/div>\n\n\n\n<div class=\"wp-block-file\"><a href=\"https:\/\/www.ifbaiano.edu.br\/unidades\/valenca\/files\/2022\/09\/Anexo-I-\u2013-Formulario-para-Impugnacao-do-Edital-1.pdf\">Anexo I \u2013 Formul\u00e1rio para Impugna\u00e7\u00e3o do Edital<\/a><\/div>\n\n\n\n<div class=\"wp-block-file\"><a href=\"https:\/\/www.ifbaiano.edu.br\/unidades\/valenca\/files\/2022\/09\/Anexo-II-\u2013-Formulario-de-Inscricao.pdf\">Anexo II \u2013 Formul\u00e1rio de Inscri\u00e7\u00e3o<\/a><\/div>\n\n\n\n<div class=\"wp-block-file\"><a href=\"https:\/\/www.ifbaiano.edu.br\/unidades\/valenca\/files\/2022\/09\/Anexo-III-\u2013-Declaracao-de-Disponibilidade-e-de-nao-Recebimento-de-Outras-Bolsas.pdf\">Anexo III \u2013 Declara\u00e7\u00e3o de Disponibilidade e de n\u00e3o Recebimento de Outras Bolsas<\/a><\/div>\n\n\n\n<div class=\"wp-block-file\"><a href=\"https:\/\/www.ifbaiano.edu.br\/unidades\/valenca\/files\/2022\/09\/Anexo-IV-\u2013-Declaracao-de-Parentesco.pdf\">Anexo IV \u2013 Declara\u00e7\u00e3o de Parentesco<\/a><\/div>\n\n\n\n<div class=\"wp-block-file\"><a href=\"https:\/\/www.ifbaiano.edu.br\/unidades\/valenca\/files\/2022\/09\/Anexo-V-\u2013-Formulario-Carta-de-Intencao.pdf\">Anexo V \u2013 Formul\u00e1rio Carta de Inten\u00e7\u00e3o<\/a><\/div>\n\n\n\n<div class=\"wp-block-file\"><a href=\"https:\/\/www.ifbaiano.edu.br\/unidades\/valenca\/files\/2022\/09\/Anexo-VI-\u2013-Barema.pdf\">Anexo VI \u2013 Barema<\/a><\/div>\n","protected":false},"excerpt":{"rendered":"<p>O Programa Institucional de Bolsa de Inicia\u00e7\u00e3o \u00e0 Doc\u00eancia (PIBID) \u00e9 um programa da Coordena\u00e7\u00e3o de Aperfei\u00e7oamento de Pessoal de N\u00edvel Superior (Capes), que por meio de sua Diretoria de Forma\u00e7\u00e3o de Professores da Educa\u00e7\u00e3o B\u00e1sica (DEB), fomenta a inicia\u00e7\u00e3o \u00e0 doc\u00eancia nos cursos de licenciatura, em regime de colabora\u00e7\u00e3o com as redes de ensino. [&hellip;]<\/p>\n","protected":false},"author":146,"featured_media":8334,"comment_status":"open","ping_status":"open","sticky":false,"template":"","format":"standard","meta":[],"categories":[35,32,63],"tags":[],"_links":{"self":[{"href":"https:\/\/www.ifbaiano.edu.br\/unidades\/valenca\/wp-json\/wp\/v2\/posts\/8284"}],"collection":[{"href":"https:\/\/www.ifbaiano.edu.br\/unidades\/valenca\/wp-json\/wp\/v2\/posts"}],"about":[{"href":"https:\/\/www.ifbaiano.edu.br\/unidades\/valenca\/wp-json\/wp\/v2\/types\/post"}],"author":[{"embeddable":true,"href":"https:\/\/www.ifbaiano.edu.br\/unidades\/valenca\/wp-json\/wp\/v2\/users\/146"}],"replies":[{"embeddable":true,"href":"https:\/\/www.ifbaiano.edu.br\/unidades\/valenca\/wp-json\/wp\/v2\/comments?post=8284"}],"version-history":[{"count":9,"href":"https:\/\/www.ifbaiano.edu.br\/unidades\/valenca\/wp-json\/wp\/v2\/posts\/8284\/revisions"}],"predecessor-version":[{"id":8438,"href":"https:\/\/www.ifbaiano.edu.br\/unidades\/valenca\/wp-json\/wp\/v2\/posts\/8284\/revisions\/8438"}],"wp:featuredmedia":[{"embeddable":true,"href":"https:\/\/www.ifbaiano.edu.br\/unidades\/valenca\/wp-json\/wp\/v2\/media\/8334"}],"wp:attachment":[{"href":"https:\/\/www.ifbaiano.edu.br\/unidades\/valenca\/wp-json\/wp\/v2\/media?parent=8284"}],"wp:term":[{"taxonomy":"category","embeddable":true,"href":"https:\/\/www.ifbaiano.edu.br\/unidades\/valenca\/wp-json\/wp\/v2\/categories?post=8284"},{"taxonomy":"post_tag","embeddable":true,"href":"https:\/\/www.ifbaiano.edu.br\/unidades\/valenca\/wp-json\/wp\/v2\/tags?post=8284"}],"curies":[{"name":"wp","href":"https:\/\/api.w.org\/{rel}","templated":true}]}}