{"id":829,"date":"2011-10-17T23:41:02","date_gmt":"2011-10-17T23:41:02","guid":{"rendered":"http:\/\/www.ifbaiano.edu.br\/unidades\/valenca\/?p=829"},"modified":"2011-10-17T23:55:04","modified_gmt":"2011-10-17T23:55:04","slug":"campus-valenca-continua-na-greve","status":"publish","type":"post","link":"https:\/\/www.ifbaiano.edu.br\/unidades\/valenca\/2011\/10\/17\/campus-valenca-continua-na-greve\/","title":{"rendered":"Campus Valen\u00e7a continua em Greve"},"content":{"rendered":"<p>&nbsp;<\/p>\n<p>Ap\u00f3s vota\u00e7\u00e3o realizada em assembl\u00e9ia, na tarde desta segunda-feira, 17\/10, foi decidido pela continuidade da greve n<a href=\"http:\/\/www.ifbaiano.edu.br\/unidades\/valenca\/files\/2011\/10\/greve.jpg\"><img decoding=\"async\" loading=\"lazy\" class=\"size-medium wp-image-834 alignright\" src=\"http:\/\/www.ifbaiano.edu.br\/unidades\/valenca\/files\/2011\/10\/greve-300x225.jpg\" alt=\"\" width=\"300\" height=\"225\" \/><\/a>o Instituto Federal Baiano \u2013 Campus Valen\u00e7a. Dos 20 servidores que participaram da vota\u00e7\u00e3o, 10 optaram pela manuten\u00e7\u00e3o da greve, 07 contra e 03 anularam o voto.<\/p>\n<p>Os servidores estar\u00e3o presentes na Assembleia Estadual, que acontecer\u00e1 em Salvador, pr\u00f3ximo dia 20\/10, para debate e socializa\u00e7\u00e3o de decis\u00f5es das bases.\u00a0<\/p>\n<p>A pr\u00f3xima reuni\u00e3o com os servidores do <em>campus<\/em> est\u00e1 marcada para pr\u00f3xima ter\u00e7a-feira, 25\/10.<\/p>\n<p>&nbsp;<\/p>\n","protected":false},"excerpt":{"rendered":"<p>&nbsp; Ap\u00f3s vota\u00e7\u00e3o realizada em assembl\u00e9ia, na tarde desta segunda-feira, 17\/10, foi decidido pela continuidade da greve no Instituto Federal Baiano \u2013 Campus Valen\u00e7a. Dos 20 servidores que participaram da vota\u00e7\u00e3o, 10 optaram pela manuten\u00e7\u00e3o da greve, 07 contra e 03 anularam o voto. Os servidores estar\u00e3o presentes na Assembleia Estadual, que acontecer\u00e1 em Salvador, [&hellip;]<\/p>\n","protected":false},"author":6,"featured_media":0,"comment_status":"open","ping_status":"open","sticky":false,"template":"","format":"standard","meta":[],"categories":[5,24],"tags":[],"_links":{"self":[{"href":"https:\/\/www.ifbaiano.edu.br\/unidades\/valenca\/wp-json\/wp\/v2\/posts\/829"}],"collection":[{"href":"https:\/\/www.ifbaiano.edu.br\/unidades\/valenca\/wp-json\/wp\/v2\/posts"}],"about":[{"href":"https:\/\/www.ifbaiano.edu.br\/unidades\/valenca\/wp-json\/wp\/v2\/types\/post"}],"author":[{"embeddable":true,"href":"https:\/\/www.ifbaiano.edu.br\/unidades\/valenca\/wp-json\/wp\/v2\/users\/6"}],"replies":[{"embeddable":true,"href":"https:\/\/www.ifbaiano.edu.br\/unidades\/valenca\/wp-json\/wp\/v2\/comments?post=829"}],"version-history":[{"count":5,"href":"https:\/\/www.ifbaiano.edu.br\/unidades\/valenca\/wp-json\/wp\/v2\/posts\/829\/revisions"}],"predecessor-version":[{"id":832,"href":"https:\/\/www.ifbaiano.edu.br\/unidades\/valenca\/wp-json\/wp\/v2\/posts\/829\/revisions\/832"}],"wp:attachment":[{"href":"https:\/\/www.ifbaiano.edu.br\/unidades\/valenca\/wp-json\/wp\/v2\/media?parent=829"}],"wp:term":[{"taxonomy":"category","embeddable":true,"href":"https:\/\/www.ifbaiano.edu.br\/unidades\/valenca\/wp-json\/wp\/v2\/categories?post=829"},{"taxonomy":"post_tag","embeddable":true,"href":"https:\/\/www.ifbaiano.edu.br\/unidades\/valenca\/wp-json\/wp\/v2\/tags?post=829"}],"curies":[{"name":"wp","href":"https:\/\/api.w.org\/{rel}","templated":true}]}}