{"id":8295,"date":"2022-09-27T14:58:35","date_gmt":"2022-09-27T17:58:35","guid":{"rendered":"https:\/\/www.ifbaiano.edu.br\/unidades\/valenca\/?p=8295"},"modified":"2023-04-12T13:23:37","modified_gmt":"2023-04-12T16:23:37","slug":"prosel-2023-campus-valenca-oferta-105-vagas-em-cursos-tecnicos-na-forma-integrada-ao-ensino-medio","status":"publish","type":"post","link":"https:\/\/www.ifbaiano.edu.br\/unidades\/valenca\/2022\/09\/27\/prosel-2023-campus-valenca-oferta-105-vagas-em-cursos-tecnicos-na-forma-integrada-ao-ensino-medio\/","title":{"rendered":"Prosel 2023: campus Valen\u00e7a oferta 105 vagas em cursos t\u00e9cnicos na forma Integrada ao Ensino M\u00e9dio"},"content":{"rendered":"\n<p><em>Os cursos T\u00e9cnicos de N\u00edvel M\u00e9dio na forma Integrada na modalidade presencial s\u00e3o destinados aos(as) candidatos(as) que j\u00e1 ter\u00e3o conclu\u00eddo o Ensino Fundamental II (9\u00ba ano) at\u00e9 a data da matr\u00edcula no IF Baiano.<\/em><\/p>\n\n\n\n<p>O&nbsp;Instituto Federal de Educa\u00e7\u00e3o, Ci\u00eancia e Tecnologia Baiano (IF Baiano) \u2013 <em>Campus <\/em>Valen\u00e7a lan\u00e7ou o <a href=\"https:\/\/www.ifbaiano.edu.br\/unidades\/valenca\/files\/2022\/09\/Edital-no-18-Prosel-2023-Integrado.pdf\">edital<\/a> do Processo Seletivo para Ingresso de Estudantes em 2023, destinado a selecionar candidatos para o preenchimento de 105 vagas em cursos da Educa\u00e7\u00e3o Profissional T\u00e9cnica de N\u00edvel M\u00e9dio, na forma Integrada ao Ensino M\u00e9dio \u2013 na modalidade presencial. Os cursos na forma&nbsp;Integrada<strong> <\/strong>s\u00e3o aqueles onde o estudante ainda n\u00e3o cursou o Ensino M\u00e9dio e pretende curs\u00e1-lo&nbsp;integrado ao curso t\u00e9cnico,&nbsp;aqui conosco, no IF Baiano.<\/p>\n\n\n\n<p>Os candidatos podem escolher entre os cursos de t\u00e9cnico em Agropecu\u00e1ria (35 vagas) e o t\u00e9cnico em Agroecologia (70 vagas). Podem se inscrever na sele\u00e7\u00e3o pessoas que j\u00e1 conclu\u00edram ou est\u00e3o concluindo o Ensino Fundamental II (9\u00ba ano) at\u00e9 a data da matr\u00edcula. Haver\u00e1 reserva de vagas para candidatos que tenham cursado integralmente o ensino m\u00e9dio em escolas p\u00fablicas.<\/p>\n\n\n\n<p>As inscri\u00e7\u00f5es s\u00e3o gratuitas e devem ser realizadas exclusivamente pela internet na&nbsp;<a href=\"https:\/\/concurso.ifbaiano.edu.br\/portal\/ingresso-2023-integrado-valenca\/\">p\u00e1gina do certame<\/a>&nbsp;durante o per\u00edodo de <strong>05 de outubro a 18 de novembro de 2022<\/strong>.<\/p>\n\n\n\n<p>Para saber mais sobre os cursos e o processo seletivo, os interessados devem ler atentamente o&nbsp;<a href=\"https:\/\/www.ifbaiano.edu.br\/unidades\/valenca\/files\/2022\/09\/Edital-no-18-Prosel-2023-Integrado.pdf\">edital<\/a>. A Comiss\u00e3o Local de Processo Seletivo (PROSEL) disponibiliza o endere\u00e7o de e-mail&nbsp;<a href=\"mailto:fic@xiquexique.ifbaiano.edu.br\"><\/a><a href=\"mailto:prosel.ingresso@valenca.ifbaiano.edu.br\">prosel.ingresso@valenca.ifbaiano.edu.br<\/a>, para que os candidatos encaminhem suas d\u00favidas.<\/p>\n\n\n\n<p class=\"has-normal-font-size\"><strong>Acesse&nbsp;<a href=\"https:\/\/concurso.ifbaiano.edu.br\/portal\/ingresso-2023-integrado-valenca\/\">aqui&nbsp;<\/a>a p\u00e1gina do processo seletivo.<\/strong><\/p>\n","protected":false},"excerpt":{"rendered":"<p>Os cursos T\u00e9cnicos de N\u00edvel M\u00e9dio na forma Integrada na modalidade presencial s\u00e3o destinados aos(as) candidatos(as) que j\u00e1 ter\u00e3o conclu\u00eddo o Ensino Fundamental II (9\u00ba ano) at\u00e9 a data da matr\u00edcula no IF Baiano. O&nbsp;Instituto Federal de Educa\u00e7\u00e3o, Ci\u00eancia e Tecnologia Baiano (IF Baiano) \u2013 Campus Valen\u00e7a lan\u00e7ou o edital do Processo Seletivo para Ingresso [&hellip;]<\/p>\n","protected":false},"author":146,"featured_media":8316,"comment_status":"closed","ping_status":"open","sticky":false,"template":"","format":"standard","meta":[],"categories":[60,13,5,35,36,9,32,63],"tags":[71,118,234,233],"_links":{"self":[{"href":"https:\/\/www.ifbaiano.edu.br\/unidades\/valenca\/wp-json\/wp\/v2\/posts\/8295"}],"collection":[{"href":"https:\/\/www.ifbaiano.edu.br\/unidades\/valenca\/wp-json\/wp\/v2\/posts"}],"about":[{"href":"https:\/\/www.ifbaiano.edu.br\/unidades\/valenca\/wp-json\/wp\/v2\/types\/post"}],"author":[{"embeddable":true,"href":"https:\/\/www.ifbaiano.edu.br\/unidades\/valenca\/wp-json\/wp\/v2\/users\/146"}],"replies":[{"embeddable":true,"href":"https:\/\/www.ifbaiano.edu.br\/unidades\/valenca\/wp-json\/wp\/v2\/comments?post=8295"}],"version-history":[{"count":11,"href":"https:\/\/www.ifbaiano.edu.br\/unidades\/valenca\/wp-json\/wp\/v2\/posts\/8295\/revisions"}],"predecessor-version":[{"id":8474,"href":"https:\/\/www.ifbaiano.edu.br\/unidades\/valenca\/wp-json\/wp\/v2\/posts\/8295\/revisions\/8474"}],"wp:featuredmedia":[{"embeddable":true,"href":"https:\/\/www.ifbaiano.edu.br\/unidades\/valenca\/wp-json\/wp\/v2\/media\/8316"}],"wp:attachment":[{"href":"https:\/\/www.ifbaiano.edu.br\/unidades\/valenca\/wp-json\/wp\/v2\/media?parent=8295"}],"wp:term":[{"taxonomy":"category","embeddable":true,"href":"https:\/\/www.ifbaiano.edu.br\/unidades\/valenca\/wp-json\/wp\/v2\/categories?post=8295"},{"taxonomy":"post_tag","embeddable":true,"href":"https:\/\/www.ifbaiano.edu.br\/unidades\/valenca\/wp-json\/wp\/v2\/tags?post=8295"}],"curies":[{"name":"wp","href":"https:\/\/api.w.org\/{rel}","templated":true}]}}